{"id":7446,"date":"2023-11-30T13:58:07","date_gmt":"2023-11-30T11:58:07","guid":{"rendered":"https:\/\/hospitalsagratcormartorell.org\/entre-tots\/?p=7446"},"modified":"2023-12-05T13:25:49","modified_gmt":"2023-12-05T11:25:49","slug":"resultats-de-les-eleccions-sindicals-de-2023","status":"publish","type":"post","link":"https:\/\/fundaciohospitalariesmartorell.org\/entre-tots\/2023\/11\/resultats-de-les-eleccions-sindicals-de-2023\/","title":{"rendered":"Resultats de les eleccions sindicals de 2023"},"content":{"rendered":"<figure class=\"wp-block-post-featured-image\"><img loading=\"lazy\" decoding=\"async\" width=\"770\" height=\"420\" src=\"https:\/\/fundaciohospitalariesmartorell.org\/entre-tots\/wp-content\/uploads\/2023\/11\/voto-urna-mano.jpg\" class=\"attachment-post-thumbnail size-post-thumbnail wp-post-image\" alt=\"\" style=\"object-fit:cover;\" srcset=\"https:\/\/fundaciohospitalariesmartorell.org\/entre-tots\/wp-content\/uploads\/2023\/11\/voto-urna-mano.jpg 770w, https:\/\/fundaciohospitalariesmartorell.org\/entre-tots\/wp-content\/uploads\/2023\/11\/voto-urna-mano-300x164.jpg 300w, https:\/\/fundaciohospitalariesmartorell.org\/entre-tots\/wp-content\/uploads\/2023\/11\/voto-urna-mano-768x419.jpg 768w\" sizes=\"auto, (max-width: 770px) 100vw, 770px\" \/><\/figure>\n\n\n<p>Els dies 25 i 26 d&#8217;octubre van tenir lloc les eleccions sindicals a l\u2019Hospital Sagrat Cor. En total es van emetre 338 vots, la qual cosa suposa una participaci\u00f3 del 57 %. Aquests s\u00f3n els resultats obtinguts:<\/p>\n\n\n\n<ul class=\"wp-block-list\">\n<li>CATAC \u2013 181 vots<\/li>\n\n\n\n<li>Metges de Catalunya (MC) \u2013 117 vots<\/li>\n\n\n\n<li>CC. OO. \u2014 37 vots<\/li>\n\n\n\n<li>Vots nuls \u2013 2 vots<\/li>\n\n\n\n<li>Vots en banc \u2013 1 vot<\/li>\n<\/ul>\n\n\n\n<p>D&#8217;acord amb aquests resultats, el nombre de delegats i delegades representants al Comit\u00e8 d\u2019Empresa queda d\u2019aquesta manera:<\/p>\n\n\n\n<ul class=\"wp-block-list\">\n<li>9 delegats\/des de CATAC<\/li>\n\n\n\n<li>6 delegats\/des de MC<\/li>\n\n\n\n<li>2 delegats\/des de CC OO<\/li>\n<\/ul>\n\n\n\n<p>Aix\u00ed, el 7 de novembre es va constituir el nou Comit\u00e8 d\u2019Empresa amb els seg\u00fcents delegats i delegades:<\/p>\n\n\n\n<ol class=\"wp-block-list\">\n<li>Antonio Ar\u00e9valo S\u00e1nchez (MC)<\/li>\n\n\n\n<li>Montserrat Arredondo Camarero (MC)<\/li>\n\n\n\n<li>Carmelo Garc\u00eda Bar\u00f3 (CATAC)<\/li>\n\n\n\n<li>Mar\u00eda del Mar Guti\u00e9rrez P\u00e9rez&nbsp;(CATAC)<\/li>\n\n\n\n<li>Paul Ivanov (MC)&nbsp;<\/li>\n\n\n\n<li>Ester Mas Quintana (CATAC)&nbsp;<\/li>\n\n\n\n<li>Bego\u00f1a Mass\u00f3 Rabad\u00e1n (CATAC)&nbsp;<\/li>\n\n\n\n<li>Carolina Merino Vaca (MC)&nbsp;<\/li>\n\n\n\n<li>Ricardo Navarro M\u00e1rquez (CATAC)&nbsp;<\/li>\n\n\n\n<li>Susana Palomo D\u00edaz (CCOO)<\/li>\n\n\n\n<li>Ana Mar\u00eda Peir\u00f3 Margarit (CCOO)&nbsp;<\/li>\n\n\n\n<li>Adolfo J. Pellejero Moreno (MC)&nbsp;<\/li>\n\n\n\n<li>M\u00aa Pilar Pinedo Gonz\u00e1lez (CATAC)&nbsp;<\/li>\n\n\n\n<li>Juan Jos\u00e9 Rojo Garc\u00eda (CATAC)<\/li>\n\n\n\n<li>Carlos Ruiz Garc\u00eda (CATAC)&nbsp;<\/li>\n\n\n\n<li>Ra\u00fal Rodr\u00edguez Lupi\u00e1\u00f1ez (CATAC)&nbsp;<\/li>\n\n\n\n<li>Carlos Alberto Saavedra Massaro (MC)<\/li>\n<\/ol>\n\n\n\n<p>Posteriorment, es va procedir a escollir per votaci\u00f3 els c\u00e0rrecs del Comit\u00e8 d\u2019Empresa i es va elegir Bego\u00f1a Mass\u00f3 Rabad\u00e1n com a presidenta, i Mar Guti\u00e9rrez P\u00e9rez com a secret\u00e0ria.<\/p>\n","protected":false},"excerpt":{"rendered":"<p>Els dies 25 i 26 d&#8217;octubre van tenir lloc les eleccions sindicals a l\u2019Hospital Sagrat Cor. En total es van emetre 338 vots, la qual cosa suposa una participaci\u00f3 del 57 %. Aquests s\u00f3n els resultats obtinguts: D&#8217;acord amb aquests resultats, el nombre de delegats i delegades representants al Comit\u00e8 d\u2019Empresa queda d\u2019aquesta manera: Aix\u00ed, [&hellip;]<\/p>\n","protected":false},"author":2,"featured_media":7448,"comment_status":"closed","ping_status":"closed","sticky":false,"template":"","format":"standard","meta":{"footnotes":""},"categories":[27],"tags":[],"class_list":["post-7446","post","type-post","status-publish","format-standard","has-post-thumbnail","hentry","category-actualitat"],"blocksy_meta":{"styles_descriptor":{"styles":{"desktop":"","tablet":"","mobile":""},"google_fonts":[],"version":6}},"featured_image_urls_v2":{"full":["https:\/\/fundaciohospitalariesmartorell.org\/entre-tots\/wp-content\/uploads\/2023\/11\/voto-urna-mano.jpg",770,420,false],"thumbnail":["https:\/\/fundaciohospitalariesmartorell.org\/entre-tots\/wp-content\/uploads\/2023\/11\/voto-urna-mano-150x150.jpg",150,150,true],"medium":["https:\/\/fundaciohospitalariesmartorell.org\/entre-tots\/wp-content\/uploads\/2023\/11\/voto-urna-mano-300x164.jpg",300,164,true],"medium_large":["https:\/\/fundaciohospitalariesmartorell.org\/entre-tots\/wp-content\/uploads\/2023\/11\/voto-urna-mano-768x419.jpg",768,419,true],"large":["https:\/\/fundaciohospitalariesmartorell.org\/entre-tots\/wp-content\/uploads\/2023\/11\/voto-urna-mano.jpg",770,420,false],"1536x1536":["https:\/\/fundaciohospitalariesmartorell.org\/entre-tots\/wp-content\/uploads\/2023\/11\/voto-urna-mano.jpg",770,420,false],"2048x2048":["https:\/\/fundaciohospitalariesmartorell.org\/entre-tots\/wp-content\/uploads\/2023\/11\/voto-urna-mano.jpg",770,420,false],"mailpoet_newsletter_max":["https:\/\/fundaciohospitalariesmartorell.org\/entre-tots\/wp-content\/uploads\/2023\/11\/voto-urna-mano.jpg",770,420,false]},"post_excerpt_stackable_v2":"<p>Els dies 25 i 26 d&#8217;octubre van tenir lloc les eleccions sindicals a l\u2019Hospital Sagrat Cor. En total es van emetre 338 vots, la qual cosa suposa una participaci\u00f3 del 57 %. Aquests s\u00f3n els resultats obtinguts: CATAC \u2013 181 vots Metges de Catalunya (MC) \u2013 117 vots CC. OO. \u2014 37 vots Vots nuls \u2013 2 vots Vots en banc \u2013 1 vot D&#8217;acord amb aquests resultats, el nombre de delegats i delegades representants al Comit\u00e8 d\u2019Empresa queda d\u2019aquesta manera: 9 delegats\/des de CATAC 6 delegats\/des de MC 2 delegats\/des de CC OO Aix\u00ed, el 7 de novembre es&hellip;<\/p>\n","category_list_v2":"<a href=\"https:\/\/fundaciohospitalariesmartorell.org\/entre-tots\/category\/actualitat\/\" rel=\"category tag\">ACTUALITAT<\/a>","author_info_v2":{"name":"Sagrat Cor","url":"https:\/\/fundaciohospitalariesmartorell.org\/entre-tots\/author\/daniel\/"},"comments_num_v2":"0 comments","_links":{"self":[{"href":"https:\/\/fundaciohospitalariesmartorell.org\/entre-tots\/wp-json\/wp\/v2\/posts\/7446","targetHints":{"allow":["GET"]}}],"collection":[{"href":"https:\/\/fundaciohospitalariesmartorell.org\/entre-tots\/wp-json\/wp\/v2\/posts"}],"about":[{"href":"https:\/\/fundaciohospitalariesmartorell.org\/entre-tots\/wp-json\/wp\/v2\/types\/post"}],"author":[{"embeddable":true,"href":"https:\/\/fundaciohospitalariesmartorell.org\/entre-tots\/wp-json\/wp\/v2\/users\/2"}],"replies":[{"embeddable":true,"href":"https:\/\/fundaciohospitalariesmartorell.org\/entre-tots\/wp-json\/wp\/v2\/comments?post=7446"}],"version-history":[{"count":2,"href":"https:\/\/fundaciohospitalariesmartorell.org\/entre-tots\/wp-json\/wp\/v2\/posts\/7446\/revisions"}],"predecessor-version":[{"id":7449,"href":"https:\/\/fundaciohospitalariesmartorell.org\/entre-tots\/wp-json\/wp\/v2\/posts\/7446\/revisions\/7449"}],"wp:featuredmedia":[{"embeddable":true,"href":"https:\/\/fundaciohospitalariesmartorell.org\/entre-tots\/wp-json\/wp\/v2\/media\/7448"}],"wp:attachment":[{"href":"https:\/\/fundaciohospitalariesmartorell.org\/entre-tots\/wp-json\/wp\/v2\/media?parent=7446"}],"wp:term":[{"taxonomy":"category","embeddable":true,"href":"https:\/\/fundaciohospitalariesmartorell.org\/entre-tots\/wp-json\/wp\/v2\/categories?post=7446"},{"taxonomy":"post_tag","embeddable":true,"href":"https:\/\/fundaciohospitalariesmartorell.org\/entre-tots\/wp-json\/wp\/v2\/tags?post=7446"}],"curies":[{"name":"wp","href":"https:\/\/api.w.org\/{rel}","templated":true}]}}