{"id":7450,"date":"2023-11-30T13:52:57","date_gmt":"2023-11-30T11:52:57","guid":{"rendered":"https:\/\/hospitalsagratcormartorell.org\/entre-tots\/?p=7450"},"modified":"2023-12-04T21:34:43","modified_gmt":"2023-12-04T19:34:43","slug":"reunio-dels-consells-directius-dels-hospitals-sagrat-cor-i-sant-rafael","status":"publish","type":"post","link":"https:\/\/fundaciohospitalariesmartorell.org\/entre-tots\/2023\/11\/reunio-dels-consells-directius-dels-hospitals-sagrat-cor-i-sant-rafael\/","title":{"rendered":"Reuni\u00f3 dels consells directius dels Hospitals Sagrat Cor i Sant Rafael"},"content":{"rendered":"<figure class=\"wp-block-post-featured-image\"><img loading=\"lazy\" decoding=\"async\" width=\"1600\" height=\"1200\" src=\"https:\/\/fundaciohospitalariesmartorell.org\/entre-tots\/wp-content\/uploads\/2023\/11\/1fa99503-d0f8-48cb-b191-61fe55541715.jpeg\" class=\"attachment-post-thumbnail size-post-thumbnail wp-post-image\" alt=\"\" style=\"object-fit:cover;\" srcset=\"https:\/\/fundaciohospitalariesmartorell.org\/entre-tots\/wp-content\/uploads\/2023\/11\/1fa99503-d0f8-48cb-b191-61fe55541715.jpeg 1600w, https:\/\/fundaciohospitalariesmartorell.org\/entre-tots\/wp-content\/uploads\/2023\/11\/1fa99503-d0f8-48cb-b191-61fe55541715-300x225.jpeg 300w, https:\/\/fundaciohospitalariesmartorell.org\/entre-tots\/wp-content\/uploads\/2023\/11\/1fa99503-d0f8-48cb-b191-61fe55541715-1024x768.jpeg 1024w, https:\/\/fundaciohospitalariesmartorell.org\/entre-tots\/wp-content\/uploads\/2023\/11\/1fa99503-d0f8-48cb-b191-61fe55541715-768x576.jpeg 768w, https:\/\/fundaciohospitalariesmartorell.org\/entre-tots\/wp-content\/uploads\/2023\/11\/1fa99503-d0f8-48cb-b191-61fe55541715-1536x1152.jpeg 1536w, https:\/\/fundaciohospitalariesmartorell.org\/entre-tots\/wp-content\/uploads\/2023\/11\/1fa99503-d0f8-48cb-b191-61fe55541715-1320x990.jpeg 1320w\" sizes=\"auto, (max-width: 1600px) 100vw, 1600px\" \/><\/figure>\n\n\n<p>Els dies 6 i 7 de novembre, els consells directius de l\u2019Hospital Sagrat Cor i Sant Rafael es van reunir a Navarra. L\u2019objectiu d\u2019aquesta trobada va ser planificar de manera conjunta els plans de gesti\u00f3 per al 2024, aix\u00ed com elaborar els objectius de l\u2019any que ve. Aquesta reuni\u00f3 tamb\u00e9 va servir per continuar promovent sinergies i intercanvi de coneixement entre ambd\u00f3s centres.<\/p>\n\n\n\n<p>El dia 6 de novembre els dos consells directius van arribar a Elizondo, on van ser rebuts pel consell directiu del Centre Hospitalari Benito Menni \u2013 Benito Menni Ospital Zentroa. Despr\u00e9s d\u2019una petita presentaci\u00f3 dels tres centres, es va procedir a fer una visita per les instal\u00b7lacions del centre hospitalari. Posteriorment, el dia 7, els consells directius es van despla\u00e7ar a Pamplona, per con\u00e8ixer la Cl\u00ednica Psiqui\u00e1trica Padre Menni, que comparteix el mateix consell directiu que el centre d&#8217;Elizondo.<\/p>\n\n\n\n<p>Despr\u00e9s de la visita va tenir lloc la reuni\u00f3 de treball dels consells directius dels Hospitals Sagrat Cor i Sant Rafael. Aix\u00ed, cada un dels membres va presentar un resum de l\u2019activitat de la seva \u00e0rea de l\u2019\u00faltim any i va exposar els objectius proposats per al 2024. Amb tot aix\u00f2, els consells van poder avan\u00e7ar en la redacci\u00f3 dels seus respectius plans de gesti\u00f3 anual, aix\u00ed com dels objectius que es presentaran el pr\u00f2xim 12 de desembre a Caldes de Malavella, a la reuni\u00f3 que l\u2019equip de Prov\u00edncia d&#8217;Espanya mantindr\u00e0 amb tots els consells directius de Germanes Hospital\u00e0ries.\u00a0<\/p>\n","protected":false},"excerpt":{"rendered":"<p>Els dies 6 i 7 de novembre, els consells directius de l\u2019Hospital Sagrat Cor i Sant Rafael es van reunir a Navarra. L\u2019objectiu d\u2019aquesta trobada va ser planificar de manera conjunta els plans de gesti\u00f3 per al 2024, aix\u00ed com elaborar els objectius de l\u2019any que ve. Aquesta reuni\u00f3 tamb\u00e9 va servir per continuar promovent [&hellip;]<\/p>\n","protected":false},"author":2,"featured_media":7452,"comment_status":"closed","ping_status":"closed","sticky":false,"template":"","format":"standard","meta":{"footnotes":""},"categories":[27],"tags":[],"class_list":["post-7450","post","type-post","status-publish","format-standard","has-post-thumbnail","hentry","category-actualitat"],"blocksy_meta":{"styles_descriptor":{"styles":{"desktop":"","tablet":"","mobile":""},"google_fonts":[],"version":6}},"featured_image_urls_v2":{"full":["https:\/\/fundaciohospitalariesmartorell.org\/entre-tots\/wp-content\/uploads\/2023\/11\/1fa99503-d0f8-48cb-b191-61fe55541715.jpeg",1600,1200,false],"thumbnail":["https:\/\/fundaciohospitalariesmartorell.org\/entre-tots\/wp-content\/uploads\/2023\/11\/1fa99503-d0f8-48cb-b191-61fe55541715-150x150.jpeg",150,150,true],"medium":["https:\/\/fundaciohospitalariesmartorell.org\/entre-tots\/wp-content\/uploads\/2023\/11\/1fa99503-d0f8-48cb-b191-61fe55541715-300x225.jpeg",300,225,true],"medium_large":["https:\/\/fundaciohospitalariesmartorell.org\/entre-tots\/wp-content\/uploads\/2023\/11\/1fa99503-d0f8-48cb-b191-61fe55541715-768x576.jpeg",768,576,true],"large":["https:\/\/fundaciohospitalariesmartorell.org\/entre-tots\/wp-content\/uploads\/2023\/11\/1fa99503-d0f8-48cb-b191-61fe55541715-1024x768.jpeg",1024,768,true],"1536x1536":["https:\/\/fundaciohospitalariesmartorell.org\/entre-tots\/wp-content\/uploads\/2023\/11\/1fa99503-d0f8-48cb-b191-61fe55541715-1536x1152.jpeg",1536,1152,true],"2048x2048":["https:\/\/fundaciohospitalariesmartorell.org\/entre-tots\/wp-content\/uploads\/2023\/11\/1fa99503-d0f8-48cb-b191-61fe55541715.jpeg",1600,1200,false],"mailpoet_newsletter_max":["https:\/\/fundaciohospitalariesmartorell.org\/entre-tots\/wp-content\/uploads\/2023\/11\/1fa99503-d0f8-48cb-b191-61fe55541715-1320x990.jpeg",1320,990,true]},"post_excerpt_stackable_v2":"<p>Els dies 6 i 7 de novembre, els consells directius de l\u2019Hospital Sagrat Cor i Sant Rafael es van reunir a Navarra. L\u2019objectiu d\u2019aquesta trobada va ser planificar de manera conjunta els plans de gesti\u00f3 per al 2024, aix\u00ed com elaborar els objectius de l\u2019any que ve. Aquesta reuni\u00f3 tamb\u00e9 va servir per continuar promovent sinergies i intercanvi de coneixement entre ambd\u00f3s centres. El dia 6 de novembre els dos consells directius van arribar a Elizondo, on van ser rebuts pel consell directiu del Centre Hospitalari Benito Menni \u2013 Benito Menni Ospital Zentroa. Despr\u00e9s d\u2019una petita presentaci\u00f3 dels tres centres,&hellip;<\/p>\n","category_list_v2":"<a href=\"https:\/\/fundaciohospitalariesmartorell.org\/entre-tots\/category\/actualitat\/\" rel=\"category tag\">ACTUALITAT<\/a>","author_info_v2":{"name":"Sagrat Cor","url":"https:\/\/fundaciohospitalariesmartorell.org\/entre-tots\/author\/daniel\/"},"comments_num_v2":"0 comments","_links":{"self":[{"href":"https:\/\/fundaciohospitalariesmartorell.org\/entre-tots\/wp-json\/wp\/v2\/posts\/7450","targetHints":{"allow":["GET"]}}],"collection":[{"href":"https:\/\/fundaciohospitalariesmartorell.org\/entre-tots\/wp-json\/wp\/v2\/posts"}],"about":[{"href":"https:\/\/fundaciohospitalariesmartorell.org\/entre-tots\/wp-json\/wp\/v2\/types\/post"}],"author":[{"embeddable":true,"href":"https:\/\/fundaciohospitalariesmartorell.org\/entre-tots\/wp-json\/wp\/v2\/users\/2"}],"replies":[{"embeddable":true,"href":"https:\/\/fundaciohospitalariesmartorell.org\/entre-tots\/wp-json\/wp\/v2\/comments?post=7450"}],"version-history":[{"count":3,"href":"https:\/\/fundaciohospitalariesmartorell.org\/entre-tots\/wp-json\/wp\/v2\/posts\/7450\/revisions"}],"predecessor-version":[{"id":7661,"href":"https:\/\/fundaciohospitalariesmartorell.org\/entre-tots\/wp-json\/wp\/v2\/posts\/7450\/revisions\/7661"}],"wp:featuredmedia":[{"embeddable":true,"href":"https:\/\/fundaciohospitalariesmartorell.org\/entre-tots\/wp-json\/wp\/v2\/media\/7452"}],"wp:attachment":[{"href":"https:\/\/fundaciohospitalariesmartorell.org\/entre-tots\/wp-json\/wp\/v2\/media?parent=7450"}],"wp:term":[{"taxonomy":"category","embeddable":true,"href":"https:\/\/fundaciohospitalariesmartorell.org\/entre-tots\/wp-json\/wp\/v2\/categories?post=7450"},{"taxonomy":"post_tag","embeddable":true,"href":"https:\/\/fundaciohospitalariesmartorell.org\/entre-tots\/wp-json\/wp\/v2\/tags?post=7450"}],"curies":[{"name":"wp","href":"https:\/\/api.w.org\/{rel}","templated":true}]}}