{"id":7454,"date":"2023-11-30T13:55:33","date_gmt":"2023-11-30T11:55:33","guid":{"rendered":"https:\/\/hospitalsagratcormartorell.org\/entre-tots\/?p=7454"},"modified":"2023-12-05T13:26:27","modified_gmt":"2023-12-05T11:26:27","slug":"trobada-entre-lhospital-sagrat-cor-i-linstitut-pere-mata","status":"publish","type":"post","link":"https:\/\/fundaciohospitalariesmartorell.org\/entre-tots\/2023\/11\/trobada-entre-lhospital-sagrat-cor-i-linstitut-pere-mata\/","title":{"rendered":"Trobada entre l\u2019Hospital Sagrat Cor i l\u2019Institut Pere Mata"},"content":{"rendered":"<figure class=\"wp-block-post-featured-image\"><img loading=\"lazy\" decoding=\"async\" width=\"1928\" height=\"1466\" src=\"https:\/\/fundaciohospitalariesmartorell.org\/entre-tots\/wp-content\/uploads\/2023\/11\/Captura-de-pantalla-2023-11-30-a-les-12.58.10.jpg\" class=\"attachment-post-thumbnail size-post-thumbnail wp-post-image\" alt=\"\" style=\"object-fit:cover;\" srcset=\"https:\/\/fundaciohospitalariesmartorell.org\/entre-tots\/wp-content\/uploads\/2023\/11\/Captura-de-pantalla-2023-11-30-a-les-12.58.10.jpg 1928w, https:\/\/fundaciohospitalariesmartorell.org\/entre-tots\/wp-content\/uploads\/2023\/11\/Captura-de-pantalla-2023-11-30-a-les-12.58.10-300x228.jpg 300w, https:\/\/fundaciohospitalariesmartorell.org\/entre-tots\/wp-content\/uploads\/2023\/11\/Captura-de-pantalla-2023-11-30-a-les-12.58.10-1024x779.jpg 1024w, https:\/\/fundaciohospitalariesmartorell.org\/entre-tots\/wp-content\/uploads\/2023\/11\/Captura-de-pantalla-2023-11-30-a-les-12.58.10-768x584.jpg 768w, https:\/\/fundaciohospitalariesmartorell.org\/entre-tots\/wp-content\/uploads\/2023\/11\/Captura-de-pantalla-2023-11-30-a-les-12.58.10-1536x1168.jpg 1536w, https:\/\/fundaciohospitalariesmartorell.org\/entre-tots\/wp-content\/uploads\/2023\/11\/Captura-de-pantalla-2023-11-30-a-les-12.58.10-1320x1004.jpg 1320w\" sizes=\"auto, (max-width: 1928px) 100vw, 1928px\" \/><\/figure>\n\n\n<p>Dilluns 30 d\u2019octubre les nostres instal\u00b7lacions van rebre la visita de la direcci\u00f3 de l\u2019Institut Pere Mata de Reus, una entitat de serveis de salut mental que gestiona una \u00e0mplia xarxa de dispositius del sistema p\u00fablic de Catalunya, des dels serveis especialitzats de la xarxa ambulat\u00f2ria per a adults i per a infants i joves de menys de divuit anys, fins als recursos d\u2019hospitalitzaci\u00f3 i d\u2019altres especialitats.<\/p>\n\n\n\n<p>El doctor Carles Franquelo, director m\u00e8dic de l\u2019Hospital Sagrat Cor, el doctor Jes\u00fas Ezquerra, director gerent del Centre, i Pilar Herrero, directora d\u2019Infermeria, van ser els representants del nostre centre en aquesta trobada. Per part de l\u2019Institut Pere Mata hi van ser presents el director assistencial i gerent, Francesc Xavier Arrufat, l\u2019adjunta de Direcci\u00f3 M\u00e8dica, Cori Juanpere, i el director d\u2019Infermeria, Jordi Muntan\u00e9.<\/p>\n\n\n\n<p>Despr\u00e9s de fer una petita presentaci\u00f3 de la tasca que es du a terme a cada centre, ambdues direccions van compartir els projectes i els reptes que tenen les respectives institucions. Posteriorment, la delegaci\u00f3 de l\u2019Institut Pere Mata va visitar el nou edifici assistencial, on s\u2019ubicaran la Unitat Integral de Recuperaci\u00f3 per a Trastorns de la Conducta Aliment\u00e0ria d&#8217;alta complexitat i durada i tamb\u00e9 la nova farm\u00e0cia.<\/p>\n\n\n\n<p>Seguidament, va tenir lloc una sessi\u00f3 de treball en la qual Pilar Herrero va explicar el nostre sistema de gesti\u00f3 dels riscos de seguretat del pacient i ambdues institucions van poder contrastar les seves experi\u00e8ncies en aquest \u00e0mbit. Despr\u00e9s d\u2019aquesta primera trobada est\u00e0 previst que, properament, la direcci\u00f3 de l\u2019Hospital Sagrat Cor visiti les instal\u00b7lacions de l\u2019Institut Pere Mata per con\u00e8ixer m\u00e9s de prop la seva realitat.<\/p>\n","protected":false},"excerpt":{"rendered":"<p>Dilluns 30 d\u2019octubre les nostres instal\u00b7lacions van rebre la visita de la direcci\u00f3 de l\u2019Institut Pere Mata de Reus, una entitat de serveis de salut mental que gestiona una \u00e0mplia xarxa de dispositius del sistema p\u00fablic de Catalunya, des dels serveis especialitzats de la xarxa ambulat\u00f2ria per a adults i per a infants i joves [&hellip;]<\/p>\n","protected":false},"author":2,"featured_media":7456,"comment_status":"closed","ping_status":"closed","sticky":false,"template":"","format":"standard","meta":{"footnotes":""},"categories":[27],"tags":[],"class_list":["post-7454","post","type-post","status-publish","format-standard","has-post-thumbnail","hentry","category-actualitat"],"blocksy_meta":{"styles_descriptor":{"styles":{"desktop":"","tablet":"","mobile":""},"google_fonts":[],"version":6}},"featured_image_urls_v2":{"full":["https:\/\/fundaciohospitalariesmartorell.org\/entre-tots\/wp-content\/uploads\/2023\/11\/Captura-de-pantalla-2023-11-30-a-les-12.58.10.jpg",1928,1466,false],"thumbnail":["https:\/\/fundaciohospitalariesmartorell.org\/entre-tots\/wp-content\/uploads\/2023\/11\/Captura-de-pantalla-2023-11-30-a-les-12.58.10-150x150.jpg",150,150,true],"medium":["https:\/\/fundaciohospitalariesmartorell.org\/entre-tots\/wp-content\/uploads\/2023\/11\/Captura-de-pantalla-2023-11-30-a-les-12.58.10-300x228.jpg",300,228,true],"medium_large":["https:\/\/fundaciohospitalariesmartorell.org\/entre-tots\/wp-content\/uploads\/2023\/11\/Captura-de-pantalla-2023-11-30-a-les-12.58.10-768x584.jpg",768,584,true],"large":["https:\/\/fundaciohospitalariesmartorell.org\/entre-tots\/wp-content\/uploads\/2023\/11\/Captura-de-pantalla-2023-11-30-a-les-12.58.10-1024x779.jpg",1024,779,true],"1536x1536":["https:\/\/fundaciohospitalariesmartorell.org\/entre-tots\/wp-content\/uploads\/2023\/11\/Captura-de-pantalla-2023-11-30-a-les-12.58.10-1536x1168.jpg",1536,1168,true],"2048x2048":["https:\/\/fundaciohospitalariesmartorell.org\/entre-tots\/wp-content\/uploads\/2023\/11\/Captura-de-pantalla-2023-11-30-a-les-12.58.10.jpg",1928,1466,false],"mailpoet_newsletter_max":["https:\/\/fundaciohospitalariesmartorell.org\/entre-tots\/wp-content\/uploads\/2023\/11\/Captura-de-pantalla-2023-11-30-a-les-12.58.10-1320x1004.jpg",1320,1004,true]},"post_excerpt_stackable_v2":"<p>Dilluns 30 d\u2019octubre les nostres instal\u00b7lacions van rebre la visita de la direcci\u00f3 de l\u2019Institut Pere Mata de Reus, una entitat de serveis de salut mental que gestiona una \u00e0mplia xarxa de dispositius del sistema p\u00fablic de Catalunya, des dels serveis especialitzats de la xarxa ambulat\u00f2ria per a adults i per a infants i joves de menys de divuit anys, fins als recursos d\u2019hospitalitzaci\u00f3 i d\u2019altres especialitats. El doctor Carles Franquelo, director m\u00e8dic de l\u2019Hospital Sagrat Cor, el doctor Jes\u00fas Ezquerra, director gerent del Centre, i Pilar Herrero, directora d\u2019Infermeria, van ser els representants del nostre centre en aquesta trobada.&hellip;<\/p>\n","category_list_v2":"<a href=\"https:\/\/fundaciohospitalariesmartorell.org\/entre-tots\/category\/actualitat\/\" rel=\"category tag\">ACTUALITAT<\/a>","author_info_v2":{"name":"Sagrat Cor","url":"https:\/\/fundaciohospitalariesmartorell.org\/entre-tots\/author\/daniel\/"},"comments_num_v2":"0 comments","_links":{"self":[{"href":"https:\/\/fundaciohospitalariesmartorell.org\/entre-tots\/wp-json\/wp\/v2\/posts\/7454","targetHints":{"allow":["GET"]}}],"collection":[{"href":"https:\/\/fundaciohospitalariesmartorell.org\/entre-tots\/wp-json\/wp\/v2\/posts"}],"about":[{"href":"https:\/\/fundaciohospitalariesmartorell.org\/entre-tots\/wp-json\/wp\/v2\/types\/post"}],"author":[{"embeddable":true,"href":"https:\/\/fundaciohospitalariesmartorell.org\/entre-tots\/wp-json\/wp\/v2\/users\/2"}],"replies":[{"embeddable":true,"href":"https:\/\/fundaciohospitalariesmartorell.org\/entre-tots\/wp-json\/wp\/v2\/comments?post=7454"}],"version-history":[{"count":4,"href":"https:\/\/fundaciohospitalariesmartorell.org\/entre-tots\/wp-json\/wp\/v2\/posts\/7454\/revisions"}],"predecessor-version":[{"id":7666,"href":"https:\/\/fundaciohospitalariesmartorell.org\/entre-tots\/wp-json\/wp\/v2\/posts\/7454\/revisions\/7666"}],"wp:featuredmedia":[{"embeddable":true,"href":"https:\/\/fundaciohospitalariesmartorell.org\/entre-tots\/wp-json\/wp\/v2\/media\/7456"}],"wp:attachment":[{"href":"https:\/\/fundaciohospitalariesmartorell.org\/entre-tots\/wp-json\/wp\/v2\/media?parent=7454"}],"wp:term":[{"taxonomy":"category","embeddable":true,"href":"https:\/\/fundaciohospitalariesmartorell.org\/entre-tots\/wp-json\/wp\/v2\/categories?post=7454"},{"taxonomy":"post_tag","embeddable":true,"href":"https:\/\/fundaciohospitalariesmartorell.org\/entre-tots\/wp-json\/wp\/v2\/tags?post=7454"}],"curies":[{"name":"wp","href":"https:\/\/api.w.org\/{rel}","templated":true}]}}