{"id":7472,"date":"2023-11-30T14:16:17","date_gmt":"2023-11-30T12:16:17","guid":{"rendered":"https:\/\/hospitalsagratcormartorell.org\/entre-tots\/?p=7472"},"modified":"2023-11-30T17:30:07","modified_gmt":"2023-11-30T15:30:07","slug":"el-cas-de-vilanova-presenta-la-seva-experiencia-de-bones-practiques-a-la-jornada-leliminacio-de-lhepatitis-c-als-cas-de-catalunya","status":"publish","type":"post","link":"https:\/\/fundaciohospitalariesmartorell.org\/entre-tots\/2023\/11\/el-cas-de-vilanova-presenta-la-seva-experiencia-de-bones-practiques-a-la-jornada-leliminacio-de-lhepatitis-c-als-cas-de-catalunya\/","title":{"rendered":"El CAS de Vilanova presenta la seva experi\u00e8ncia de bones pr\u00e0ctiques a la jornada \u2018L\u2019eliminaci\u00f3 de l\u2019hepatitis C als CAS de Catalunya\u2019"},"content":{"rendered":"<figure class=\"wp-block-post-featured-image\"><img loading=\"lazy\" decoding=\"async\" width=\"714\" height=\"544\" src=\"https:\/\/fundaciohospitalariesmartorell.org\/entre-tots\/wp-content\/uploads\/2023\/11\/IMG-20231031-WA0085.jpg\" class=\"attachment-post-thumbnail size-post-thumbnail wp-post-image\" alt=\"\" style=\"object-fit:cover;\" srcset=\"https:\/\/fundaciohospitalariesmartorell.org\/entre-tots\/wp-content\/uploads\/2023\/11\/IMG-20231031-WA0085.jpg 714w, https:\/\/fundaciohospitalariesmartorell.org\/entre-tots\/wp-content\/uploads\/2023\/11\/IMG-20231031-WA0085-300x229.jpg 300w\" sizes=\"auto, (max-width: 714px) 100vw, 714px\" \/><\/figure>\n\n\n<p>El Centre d\u2019Atenci\u00f3 i Seguiment a les Drogodepend\u00e8ncies (CAS) de Vilanova i la Geltr\u00fa, gestionat per l\u2019Hospital Sagrat Cor, va ser convidat a explicar la seva experi\u00e8ncia de bones pr\u00e0ctiques en l\u2019eliminaci\u00f3 de l\u2019hepatitis C, en el marc d\u2019una jornada organitzada per la Subdirecci\u00f3 General d&#8217;Addiccions, VIH, ITS i Hepatitis V\u00edriques i que va tenir lloc el passat 20 d\u2019octubre.<\/p>\n\n\n\n<p>Amb el t\u00edtol de \u2018L\u2019eliminaci\u00f3 de l\u2019hepatitis C als CAS de Catalunya\u2019, l\u2019acte, inaugurat pel doctor Joan Colom, director del Programa de Prevenci\u00f3, Control i Atenci\u00f3 al VIH, ITS i Hepatitis V\u00edriques de l\u2019Ag\u00e8ncia de Salut P\u00fablica de Catalunya, va congregar cinc CAS i Serveis de Reducci\u00f3 de Danys (SRD) de Catalunya, entre els quals el nostre, aix\u00ed com el vinculat a l\u2019Hospital Cl\u00ednic (CAS Creu Roja\/ Centre REDAN La Mina) o a l\u2019Hospital Bellvitge\/Hospital Mois\u00e9s Broggi (CAS L\u2019Hospitalet).<\/p>\n\n\n\n<p>Per part del CAS de Vilanova van estar presents a la jornada la doctora Rosa Arias, metge especialista, i les infermeres Lara Gonzalo i M\u00aa Dolores L\u00f3pez, aix\u00ed com la doctora Pilar Muley, coordinadora d\u2019atenci\u00f3 comunit\u00e0ria en Salut Mental d&#8217;Adults de l\u2019Alt Pened\u00e8s.&nbsp;<\/p>\n\n\n\n<p>La Dra. Arias i Lara Gonzalo van ser les encarregades d\u2019explicar la tasca desenvolupada per part del CAS en l\u2019elaboraci\u00f3 i posada en marxa d\u2019un circuit de treball, iniciat el febrer de 2022, i en el qual es treballa de manera coordinada amb els serveis d\u2019Hepatologia, de Farm\u00e0cia i de Laboratori de l\u2019Hospital Resid\u00e8ncia Sant Camil, en concret, amb l\u2019hepat\u00f2loga Sonia Albertos.&nbsp;<\/p>\n\n\n\n<figure data-wp-context=\"{&quot;imageId&quot;:&quot;69f22a6187de6&quot;}\" data-wp-interactive=\"core\/image\" data-wp-key=\"69f22a6187de6\" class=\"wp-block-image alignleft size-full is-resized wp-lightbox-container\"><img loading=\"lazy\" decoding=\"async\" width=\"1016\" height=\"747\" data-wp-class--hide=\"state.isContentHidden\" data-wp-class--show=\"state.isContentVisible\" data-wp-init=\"callbacks.setButtonStyles\" data-wp-on--click=\"actions.showLightbox\" data-wp-on--load=\"callbacks.setButtonStyles\" data-wp-on-window--resize=\"callbacks.setButtonStyles\" src=\"https:\/\/hospitalsagratcormartorell.org\/entre-tots\/wp-content\/uploads\/2023\/11\/IMG-20231031-WA0083.jpg\" alt=\"\" class=\"wp-image-7474\" style=\"width:350px\" srcset=\"https:\/\/fundaciohospitalariesmartorell.org\/entre-tots\/wp-content\/uploads\/2023\/11\/IMG-20231031-WA0083.jpg 1016w, https:\/\/fundaciohospitalariesmartorell.org\/entre-tots\/wp-content\/uploads\/2023\/11\/IMG-20231031-WA0083-300x221.jpg 300w, https:\/\/fundaciohospitalariesmartorell.org\/entre-tots\/wp-content\/uploads\/2023\/11\/IMG-20231031-WA0083-768x565.jpg 768w\" sizes=\"auto, (max-width: 1016px) 100vw, 1016px\" \/><button\n\t\t\tclass=\"lightbox-trigger\"\n\t\t\ttype=\"button\"\n\t\t\taria-haspopup=\"dialog\"\n\t\t\taria-label=\"Amplia\"\n\t\t\tdata-wp-init=\"callbacks.initTriggerButton\"\n\t\t\tdata-wp-on--click=\"actions.showLightbox\"\n\t\t\tdata-wp-style--right=\"state.imageButtonRight\"\n\t\t\tdata-wp-style--top=\"state.imageButtonTop\"\n\t\t>\n\t\t\t<svg xmlns=\"http:\/\/www.w3.org\/2000\/svg\" width=\"12\" height=\"12\" fill=\"none\" viewBox=\"0 0 12 12\">\n\t\t\t\t<path fill=\"#fff\" d=\"M2 0a2 2 0 0 0-2 2v2h1.5V2a.5.5 0 0 1 .5-.5h2V0H2Zm2 10.5H2a.5.5 0 0 1-.5-.5V8H0v2a2 2 0 0 0 2 2h2v-1.5ZM8 12v-1.5h2a.5.5 0 0 0 .5-.5V8H12v2a2 2 0 0 1-2 2H8Zm2-12a2 2 0 0 1 2 2v2h-1.5V2a.5.5 0 0 0-.5-.5H8V0h2Z\" \/>\n\t\t\t<\/svg>\n\t\t<\/button><\/figure>\n\n\n\n<p>Des que es va posar en marxa aquest circu\u00eft, el 2022, ja s\u2019han evitat 15 cirrosis hep\u00e0tiques, una malaltia cr\u00f2nica i irreversible que t\u00e9 un cost per al sistema sanitari d\u2019uns 10.000 euros per persona.&nbsp;<\/p>\n\n\n\n<p>Cal recordar que el CAS de Vilanova va ser reconegut, el passat mes de maig, com a&nbsp;<a href=\"https:\/\/hospitalsagratcormartorell.org\/entre-tots\/2023\/05\/el-casd-vilanova-reconegut-com-a-centre-compromes-amb-leliminacio-de-lhepatitis-c\/\">centre comprom\u00e8s amb l\u2019eliminaci\u00f3 de l\u2019hepatitis C<\/a>.&nbsp;<\/p>\n","protected":false},"excerpt":{"rendered":"<p>El Centre d\u2019Atenci\u00f3 i Seguiment a les Drogodepend\u00e8ncies (CAS) de Vilanova i la Geltr\u00fa, gestionat per l\u2019Hospital Sagrat Cor, va ser convidat a explicar la seva experi\u00e8ncia de bones pr\u00e0ctiques en l\u2019eliminaci\u00f3 de l\u2019hepatitis C, en el marc d\u2019una jornada organitzada per la Subdirecci\u00f3 General d&#8217;Addiccions, VIH, ITS i Hepatitis V\u00edriques i que va tenir [&hellip;]<\/p>\n","protected":false},"author":2,"featured_media":7475,"comment_status":"closed","ping_status":"closed","sticky":false,"template":"","format":"standard","meta":{"footnotes":""},"categories":[27],"tags":[],"class_list":["post-7472","post","type-post","status-publish","format-standard","has-post-thumbnail","hentry","category-actualitat"],"blocksy_meta":{"styles_descriptor":{"styles":{"desktop":"","tablet":"","mobile":""},"google_fonts":[],"version":6}},"featured_image_urls_v2":{"full":["https:\/\/fundaciohospitalariesmartorell.org\/entre-tots\/wp-content\/uploads\/2023\/11\/IMG-20231031-WA0085.jpg",714,544,false],"thumbnail":["https:\/\/fundaciohospitalariesmartorell.org\/entre-tots\/wp-content\/uploads\/2023\/11\/IMG-20231031-WA0085-150x150.jpg",150,150,true],"medium":["https:\/\/fundaciohospitalariesmartorell.org\/entre-tots\/wp-content\/uploads\/2023\/11\/IMG-20231031-WA0085-300x229.jpg",300,229,true],"medium_large":["https:\/\/fundaciohospitalariesmartorell.org\/entre-tots\/wp-content\/uploads\/2023\/11\/IMG-20231031-WA0085.jpg",714,544,false],"large":["https:\/\/fundaciohospitalariesmartorell.org\/entre-tots\/wp-content\/uploads\/2023\/11\/IMG-20231031-WA0085.jpg",714,544,false],"1536x1536":["https:\/\/fundaciohospitalariesmartorell.org\/entre-tots\/wp-content\/uploads\/2023\/11\/IMG-20231031-WA0085.jpg",714,544,false],"2048x2048":["https:\/\/fundaciohospitalariesmartorell.org\/entre-tots\/wp-content\/uploads\/2023\/11\/IMG-20231031-WA0085.jpg",714,544,false],"mailpoet_newsletter_max":["https:\/\/fundaciohospitalariesmartorell.org\/entre-tots\/wp-content\/uploads\/2023\/11\/IMG-20231031-WA0085.jpg",714,544,false]},"post_excerpt_stackable_v2":"<p>El Centre d\u2019Atenci\u00f3 i Seguiment a les Drogodepend\u00e8ncies (CAS) de Vilanova i la Geltr\u00fa, gestionat per l\u2019Hospital Sagrat Cor, va ser convidat a explicar la seva experi\u00e8ncia de bones pr\u00e0ctiques en l\u2019eliminaci\u00f3 de l\u2019hepatitis C, en el marc d\u2019una jornada organitzada per la Subdirecci\u00f3 General d&#8217;Addiccions, VIH, ITS i Hepatitis V\u00edriques i que va tenir lloc el passat 20 d\u2019octubre. Amb el t\u00edtol de \u2018L\u2019eliminaci\u00f3 de l\u2019hepatitis C als CAS de Catalunya\u2019, l\u2019acte, inaugurat pel doctor Joan Colom, director del Programa de Prevenci\u00f3, Control i Atenci\u00f3 al VIH, ITS i Hepatitis V\u00edriques de l\u2019Ag\u00e8ncia de Salut P\u00fablica de Catalunya, va&hellip;<\/p>\n","category_list_v2":"<a href=\"https:\/\/fundaciohospitalariesmartorell.org\/entre-tots\/category\/actualitat\/\" rel=\"category tag\">ACTUALITAT<\/a>","author_info_v2":{"name":"Sagrat Cor","url":"https:\/\/fundaciohospitalariesmartorell.org\/entre-tots\/author\/daniel\/"},"comments_num_v2":"0 comments","_links":{"self":[{"href":"https:\/\/fundaciohospitalariesmartorell.org\/entre-tots\/wp-json\/wp\/v2\/posts\/7472","targetHints":{"allow":["GET"]}}],"collection":[{"href":"https:\/\/fundaciohospitalariesmartorell.org\/entre-tots\/wp-json\/wp\/v2\/posts"}],"about":[{"href":"https:\/\/fundaciohospitalariesmartorell.org\/entre-tots\/wp-json\/wp\/v2\/types\/post"}],"author":[{"embeddable":true,"href":"https:\/\/fundaciohospitalariesmartorell.org\/entre-tots\/wp-json\/wp\/v2\/users\/2"}],"replies":[{"embeddable":true,"href":"https:\/\/fundaciohospitalariesmartorell.org\/entre-tots\/wp-json\/wp\/v2\/comments?post=7472"}],"version-history":[{"count":3,"href":"https:\/\/fundaciohospitalariesmartorell.org\/entre-tots\/wp-json\/wp\/v2\/posts\/7472\/revisions"}],"predecessor-version":[{"id":7678,"href":"https:\/\/fundaciohospitalariesmartorell.org\/entre-tots\/wp-json\/wp\/v2\/posts\/7472\/revisions\/7678"}],"wp:featuredmedia":[{"embeddable":true,"href":"https:\/\/fundaciohospitalariesmartorell.org\/entre-tots\/wp-json\/wp\/v2\/media\/7475"}],"wp:attachment":[{"href":"https:\/\/fundaciohospitalariesmartorell.org\/entre-tots\/wp-json\/wp\/v2\/media?parent=7472"}],"wp:term":[{"taxonomy":"category","embeddable":true,"href":"https:\/\/fundaciohospitalariesmartorell.org\/entre-tots\/wp-json\/wp\/v2\/categories?post=7472"},{"taxonomy":"post_tag","embeddable":true,"href":"https:\/\/fundaciohospitalariesmartorell.org\/entre-tots\/wp-json\/wp\/v2\/tags?post=7472"}],"curies":[{"name":"wp","href":"https:\/\/api.w.org\/{rel}","templated":true}]}}