{"id":7477,"date":"2023-11-30T15:03:59","date_gmt":"2023-11-30T13:03:59","guid":{"rendered":"https:\/\/hospitalsagratcormartorell.org\/entre-tots\/?p=7477"},"modified":"2023-12-05T13:17:18","modified_gmt":"2023-12-05T11:17:18","slug":"participem-en-les-iii-jornades-interdisciplinaries-de-salut-mental-a-la-catalunya-central","status":"publish","type":"post","link":"https:\/\/fundaciohospitalariesmartorell.org\/entre-tots\/2023\/11\/participem-en-les-iii-jornades-interdisciplinaries-de-salut-mental-a-la-catalunya-central\/","title":{"rendered":"Participem en les III Jornades Interdisciplin\u00e0ries de Salut Mental a la Catalunya Central"},"content":{"rendered":"<figure class=\"wp-block-post-featured-image\"><img loading=\"lazy\" decoding=\"async\" width=\"1188\" height=\"672\" src=\"https:\/\/fundaciohospitalariesmartorell.org\/entre-tots\/wp-content\/uploads\/2023\/11\/Captura-de-Pantalla-2023-12-05-a-les-12.16.36.jpg\" class=\"attachment-post-thumbnail size-post-thumbnail wp-post-image\" alt=\"\" style=\"object-fit:cover;\" srcset=\"https:\/\/fundaciohospitalariesmartorell.org\/entre-tots\/wp-content\/uploads\/2023\/11\/Captura-de-Pantalla-2023-12-05-a-les-12.16.36.jpg 1188w, https:\/\/fundaciohospitalariesmartorell.org\/entre-tots\/wp-content\/uploads\/2023\/11\/Captura-de-Pantalla-2023-12-05-a-les-12.16.36-300x170.jpg 300w, https:\/\/fundaciohospitalariesmartorell.org\/entre-tots\/wp-content\/uploads\/2023\/11\/Captura-de-Pantalla-2023-12-05-a-les-12.16.36-1024x579.jpg 1024w, https:\/\/fundaciohospitalariesmartorell.org\/entre-tots\/wp-content\/uploads\/2023\/11\/Captura-de-Pantalla-2023-12-05-a-les-12.16.36-768x434.jpg 768w\" sizes=\"auto, (max-width: 1188px) 100vw, 1188px\" \/><\/figure>\n\n\n<p>El Departament de Salut, mitjan\u00e7ant la Regi\u00f3 Sanit\u00e0ria Catalunya Central, va organitzar les III Jornades Interdisciplin\u00e0ries de Salut Mental a la Catalunya Central. Enguany el t\u00edtol ha estat \u2018El su\u00efcidi: desafiaments\u2019 i estaven adre\u00e7ades a professionals que tracten directament amb situacions de risc de su\u00efcidi. L\u2019objectiu de les jornades era donar eines a aquests professionals per a la detecci\u00f3 i la prevenci\u00f3 de conductes de risc.<\/p>\n\n\n\n<p>Aquestes&nbsp;jornades, que van comptar&nbsp;amb la participaci\u00f3 dels principals actors de l\u2019\u00e0mbit sanitari de la Catalunya Central i Mossos d\u2019Esquadra, van servir&nbsp;per posar sobre la taula problem\u00e0tiques que afecten un volum&nbsp;molt gran&nbsp;de poblaci\u00f3.<\/p>\n\n\n\n<p>Hi van participar dues professionals de l\u2019Hospital Sagrat Cor: la doctora Montse Guitart, coordinadora d\u2019Atenci\u00f3 Comunit\u00e0ria en Salut Mental d\u2019Adults del Bergued\u00e0, i Marga Trancho, psic\u00f2loga cl\u00ednica del mateix servei. Totes dues van fer un rep\u00e0s dels principals tab\u00fas, falses creences, conceptes erronis i judicis de valor que giren al voltant de la conducta su\u00efcida i que en promouen l\u2019estigmatitzaci\u00f3.<\/p>\n\n\n\n<figure data-wp-context=\"{&quot;imageId&quot;:&quot;69f23bf9040a7&quot;}\" data-wp-interactive=\"core\/image\" data-wp-key=\"69f23bf9040a7\" class=\"wp-block-image alignleft size-full is-resized wp-lightbox-container\"><img loading=\"lazy\" decoding=\"async\" width=\"768\" height=\"1024\" data-wp-class--hide=\"state.isContentHidden\" data-wp-class--show=\"state.isContentVisible\" data-wp-init=\"callbacks.setButtonStyles\" data-wp-on--click=\"actions.showLightbox\" data-wp-on--load=\"callbacks.setButtonStyles\" data-wp-on-window--resize=\"callbacks.setButtonStyles\" src=\"https:\/\/hospitalsagratcormartorell.org\/entre-tots\/wp-content\/uploads\/2023\/11\/d32397e1-1457-4358-b169-c39b32c8afd3.jpeg\" alt=\"\" class=\"wp-image-7484\" style=\"width:350px\" srcset=\"https:\/\/fundaciohospitalariesmartorell.org\/entre-tots\/wp-content\/uploads\/2023\/11\/d32397e1-1457-4358-b169-c39b32c8afd3.jpeg 768w, https:\/\/fundaciohospitalariesmartorell.org\/entre-tots\/wp-content\/uploads\/2023\/11\/d32397e1-1457-4358-b169-c39b32c8afd3-225x300.jpeg 225w\" sizes=\"auto, (max-width: 768px) 100vw, 768px\" \/><button\n\t\t\tclass=\"lightbox-trigger\"\n\t\t\ttype=\"button\"\n\t\t\taria-haspopup=\"dialog\"\n\t\t\taria-label=\"Amplia\"\n\t\t\tdata-wp-init=\"callbacks.initTriggerButton\"\n\t\t\tdata-wp-on--click=\"actions.showLightbox\"\n\t\t\tdata-wp-style--right=\"state.imageButtonRight\"\n\t\t\tdata-wp-style--top=\"state.imageButtonTop\"\n\t\t>\n\t\t\t<svg xmlns=\"http:\/\/www.w3.org\/2000\/svg\" width=\"12\" height=\"12\" fill=\"none\" viewBox=\"0 0 12 12\">\n\t\t\t\t<path fill=\"#fff\" d=\"M2 0a2 2 0 0 0-2 2v2h1.5V2a.5.5 0 0 1 .5-.5h2V0H2Zm2 10.5H2a.5.5 0 0 1-.5-.5V8H0v2a2 2 0 0 0 2 2h2v-1.5ZM8 12v-1.5h2a.5.5 0 0 0 .5-.5V8H12v2a2 2 0 0 1-2 2H8Zm2-12a2 2 0 0 1 2 2v2h-1.5V2a.5.5 0 0 0-.5-.5H8V0h2Z\" \/>\n\t\t\t<\/svg>\n\t\t<\/button><\/figure>\n\n\n\n<p>\u201cVam parlar dels mites m\u00e9s coneguts per intentar trencar-los un a un, proposant creences m\u00e9s realistes que promoguin la prevenci\u00f3\u201d, explica la Dra. Guitart. Afegeix Marga Trancho que tamb\u00e9 van insistir en la import\u00e0ncia de continuar treballant i col\u00b7laborant entre tots per prevenir el su\u00efcidi, disminuint els factors de risc i augmentant els factors protectors. \u201cHem volgut, aix\u00ed mateix, destacar la import\u00e0ncia de demanar ajuda, un signe de fortalesa i no de debilitat\u201d, conclouen.<\/p>\n\n\n\n<p>Tamb\u00e9 es van donar\u00a0a con\u00e8ixer els punts clau per detectar i intervenir adequadament davant els senyals d\u2019alarma, tractant conductes emergents entre els joves \u2014com ara les autolesions\u2014 que s\u00f3n un risc potencial de passar a l\u2019acte su\u00efcida. \u00a0Aix\u00ed mateix, es va informar\u00a0sobre\u00a0els grups de suport als supervivents de la mort per su\u00efcidi\u00a0i tamb\u00e9 de la tasca i els\u00a0recursos personals i de gesti\u00f3 de les emocions dels diferents professionals que intervenen des de SEM i Mossos d\u2019Esquadra. <\/p>\n\n\n\n<figure data-wp-context=\"{&quot;imageId&quot;:&quot;69f23bf9044b6&quot;}\" data-wp-interactive=\"core\/image\" data-wp-key=\"69f23bf9044b6\" class=\"wp-block-image size-full wp-lightbox-container\"><img loading=\"lazy\" decoding=\"async\" width=\"1024\" height=\"768\" data-wp-class--hide=\"state.isContentHidden\" data-wp-class--show=\"state.isContentVisible\" data-wp-init=\"callbacks.setButtonStyles\" data-wp-on--click=\"actions.showLightbox\" data-wp-on--load=\"callbacks.setButtonStyles\" data-wp-on-window--resize=\"callbacks.setButtonStyles\" src=\"https:\/\/hospitalsagratcormartorell.org\/entre-tots\/wp-content\/uploads\/2023\/11\/a9e16d93-f7af-42a5-a0e8-cb96b4ee3b53.jpeg\" alt=\"\" class=\"wp-image-7482\" style=\"object-fit:cover\" srcset=\"https:\/\/fundaciohospitalariesmartorell.org\/entre-tots\/wp-content\/uploads\/2023\/11\/a9e16d93-f7af-42a5-a0e8-cb96b4ee3b53.jpeg 1024w, https:\/\/fundaciohospitalariesmartorell.org\/entre-tots\/wp-content\/uploads\/2023\/11\/a9e16d93-f7af-42a5-a0e8-cb96b4ee3b53-300x225.jpeg 300w, https:\/\/fundaciohospitalariesmartorell.org\/entre-tots\/wp-content\/uploads\/2023\/11\/a9e16d93-f7af-42a5-a0e8-cb96b4ee3b53-768x576.jpeg 768w\" sizes=\"auto, (max-width: 1024px) 100vw, 1024px\" \/><button\n\t\t\tclass=\"lightbox-trigger\"\n\t\t\ttype=\"button\"\n\t\t\taria-haspopup=\"dialog\"\n\t\t\taria-label=\"Amplia\"\n\t\t\tdata-wp-init=\"callbacks.initTriggerButton\"\n\t\t\tdata-wp-on--click=\"actions.showLightbox\"\n\t\t\tdata-wp-style--right=\"state.imageButtonRight\"\n\t\t\tdata-wp-style--top=\"state.imageButtonTop\"\n\t\t>\n\t\t\t<svg xmlns=\"http:\/\/www.w3.org\/2000\/svg\" width=\"12\" height=\"12\" fill=\"none\" viewBox=\"0 0 12 12\">\n\t\t\t\t<path fill=\"#fff\" d=\"M2 0a2 2 0 0 0-2 2v2h1.5V2a.5.5 0 0 1 .5-.5h2V0H2Zm2 10.5H2a.5.5 0 0 1-.5-.5V8H0v2a2 2 0 0 0 2 2h2v-1.5ZM8 12v-1.5h2a.5.5 0 0 0 .5-.5V8H12v2a2 2 0 0 1-2 2H8Zm2-12a2 2 0 0 1 2 2v2h-1.5V2a.5.5 0 0 0-.5-.5H8V0h2Z\" \/>\n\t\t\t<\/svg>\n\t\t<\/button><\/figure>\n\n\n\n<p>Per facilitar la participaci\u00f3 dels professionals, les Jornades es van organitzar en cinc sessions per diferents localitats de la Catalunya Central i dues sessions en l\u00ednia. Aix\u00ed van iniciar-se el 20 d\u2019octubre a Vic, van continuar el 27 d\u2019octubre a Santa Margarida de Montbui, el 10 i el 17 de novembre a Manresa \u2014on van ser tamb\u00e9 en l\u00ednia\u2014 i van concloure el 24 de novembre a Berga. A cada sessi\u00f3 es va repetir el mateix programa.<\/p>\n\n\n\n<p>Les Jornades&nbsp;van ser un \u00e8xit de participaci\u00f3, amb l&#8217;assist\u00e8ncia&nbsp;de m\u00e9s de 1.200 persones al conjunt de les 5 localitats.<\/p>\n","protected":false},"excerpt":{"rendered":"<p>El Departament de Salut, mitjan\u00e7ant la Regi\u00f3 Sanit\u00e0ria Catalunya Central, va organitzar les III Jornades Interdisciplin\u00e0ries de Salut Mental a la Catalunya Central. Enguany el t\u00edtol ha estat \u2018El su\u00efcidi: desafiaments\u2019 i estaven adre\u00e7ades a professionals que tracten directament amb situacions de risc de su\u00efcidi. L\u2019objectiu de les jornades era donar eines a aquests professionals [&hellip;]<\/p>\n","protected":false},"author":2,"featured_media":7680,"comment_status":"closed","ping_status":"closed","sticky":false,"template":"","format":"standard","meta":{"footnotes":""},"categories":[27],"tags":[],"class_list":["post-7477","post","type-post","status-publish","format-standard","has-post-thumbnail","hentry","category-actualitat"],"blocksy_meta":{"styles_descriptor":{"styles":{"desktop":"","tablet":"","mobile":""},"google_fonts":[],"version":6}},"featured_image_urls_v2":{"full":["https:\/\/fundaciohospitalariesmartorell.org\/entre-tots\/wp-content\/uploads\/2023\/11\/Captura-de-Pantalla-2023-12-05-a-les-12.16.36.jpg",1188,672,false],"thumbnail":["https:\/\/fundaciohospitalariesmartorell.org\/entre-tots\/wp-content\/uploads\/2023\/11\/Captura-de-Pantalla-2023-12-05-a-les-12.16.36-150x150.jpg",150,150,true],"medium":["https:\/\/fundaciohospitalariesmartorell.org\/entre-tots\/wp-content\/uploads\/2023\/11\/Captura-de-Pantalla-2023-12-05-a-les-12.16.36-300x170.jpg",300,170,true],"medium_large":["https:\/\/fundaciohospitalariesmartorell.org\/entre-tots\/wp-content\/uploads\/2023\/11\/Captura-de-Pantalla-2023-12-05-a-les-12.16.36-768x434.jpg",768,434,true],"large":["https:\/\/fundaciohospitalariesmartorell.org\/entre-tots\/wp-content\/uploads\/2023\/11\/Captura-de-Pantalla-2023-12-05-a-les-12.16.36-1024x579.jpg",1024,579,true],"1536x1536":["https:\/\/fundaciohospitalariesmartorell.org\/entre-tots\/wp-content\/uploads\/2023\/11\/Captura-de-Pantalla-2023-12-05-a-les-12.16.36.jpg",1188,672,false],"2048x2048":["https:\/\/fundaciohospitalariesmartorell.org\/entre-tots\/wp-content\/uploads\/2023\/11\/Captura-de-Pantalla-2023-12-05-a-les-12.16.36.jpg",1188,672,false],"mailpoet_newsletter_max":["https:\/\/fundaciohospitalariesmartorell.org\/entre-tots\/wp-content\/uploads\/2023\/11\/Captura-de-Pantalla-2023-12-05-a-les-12.16.36.jpg",1188,672,false]},"post_excerpt_stackable_v2":"<p>El Departament de Salut, mitjan\u00e7ant la Regi\u00f3 Sanit\u00e0ria Catalunya Central, va organitzar les III Jornades Interdisciplin\u00e0ries de Salut Mental a la Catalunya Central. Enguany el t\u00edtol ha estat \u2018El su\u00efcidi: desafiaments\u2019 i estaven adre\u00e7ades a professionals que tracten directament amb situacions de risc de su\u00efcidi. L\u2019objectiu de les jornades era donar eines a aquests professionals per a la detecci\u00f3 i la prevenci\u00f3 de conductes de risc. Aquestes&nbsp;jornades, que van comptar&nbsp;amb la participaci\u00f3 dels principals actors de l\u2019\u00e0mbit sanitari de la Catalunya Central i Mossos d\u2019Esquadra, van servir&nbsp;per posar sobre la taula problem\u00e0tiques que afecten un volum&nbsp;molt gran&nbsp;de poblaci\u00f3. Hi van&hellip;<\/p>\n","category_list_v2":"<a href=\"https:\/\/fundaciohospitalariesmartorell.org\/entre-tots\/category\/actualitat\/\" rel=\"category tag\">ACTUALITAT<\/a>","author_info_v2":{"name":"Sagrat Cor","url":"https:\/\/fundaciohospitalariesmartorell.org\/entre-tots\/author\/daniel\/"},"comments_num_v2":"0 comments","_links":{"self":[{"href":"https:\/\/fundaciohospitalariesmartorell.org\/entre-tots\/wp-json\/wp\/v2\/posts\/7477","targetHints":{"allow":["GET"]}}],"collection":[{"href":"https:\/\/fundaciohospitalariesmartorell.org\/entre-tots\/wp-json\/wp\/v2\/posts"}],"about":[{"href":"https:\/\/fundaciohospitalariesmartorell.org\/entre-tots\/wp-json\/wp\/v2\/types\/post"}],"author":[{"embeddable":true,"href":"https:\/\/fundaciohospitalariesmartorell.org\/entre-tots\/wp-json\/wp\/v2\/users\/2"}],"replies":[{"embeddable":true,"href":"https:\/\/fundaciohospitalariesmartorell.org\/entre-tots\/wp-json\/wp\/v2\/comments?post=7477"}],"version-history":[{"count":4,"href":"https:\/\/fundaciohospitalariesmartorell.org\/entre-tots\/wp-json\/wp\/v2\/posts\/7477\/revisions"}],"predecessor-version":[{"id":7677,"href":"https:\/\/fundaciohospitalariesmartorell.org\/entre-tots\/wp-json\/wp\/v2\/posts\/7477\/revisions\/7677"}],"wp:featuredmedia":[{"embeddable":true,"href":"https:\/\/fundaciohospitalariesmartorell.org\/entre-tots\/wp-json\/wp\/v2\/media\/7680"}],"wp:attachment":[{"href":"https:\/\/fundaciohospitalariesmartorell.org\/entre-tots\/wp-json\/wp\/v2\/media?parent=7477"}],"wp:term":[{"taxonomy":"category","embeddable":true,"href":"https:\/\/fundaciohospitalariesmartorell.org\/entre-tots\/wp-json\/wp\/v2\/categories?post=7477"},{"taxonomy":"post_tag","embeddable":true,"href":"https:\/\/fundaciohospitalariesmartorell.org\/entre-tots\/wp-json\/wp\/v2\/tags?post=7477"}],"curies":[{"name":"wp","href":"https:\/\/api.w.org\/{rel}","templated":true}]}}