{"id":7486,"date":"2023-11-30T15:23:52","date_gmt":"2023-11-30T13:23:52","guid":{"rendered":"https:\/\/hospitalsagratcormartorell.org\/entre-tots\/?p=7486"},"modified":"2023-12-05T13:24:43","modified_gmt":"2023-12-05T11:24:43","slug":"el-dr-ezquerra-participa-en-la-jornada-amphos-arago-sobre-lautonomia-de-gestio","status":"publish","type":"post","link":"https:\/\/fundaciohospitalariesmartorell.org\/entre-tots\/2023\/11\/el-dr-ezquerra-participa-en-la-jornada-amphos-arago-sobre-lautonomia-de-gestio\/","title":{"rendered":"El Dr. Ezquerra en la jornada AMPHOS Arag\u00f3 sobre l&#8217;Autonomia de Gesti\u00f3"},"content":{"rendered":"<figure class=\"wp-block-post-featured-image\"><img loading=\"lazy\" decoding=\"async\" width=\"2048\" height=\"1536\" src=\"https:\/\/fundaciohospitalariesmartorell.org\/entre-tots\/wp-content\/uploads\/2023\/11\/4a8e97f3-3252-45a5-9eb7-14be4c09b6db.jpeg\" class=\"attachment-post-thumbnail size-post-thumbnail wp-post-image\" alt=\"\" style=\"object-fit:cover;\" srcset=\"https:\/\/fundaciohospitalariesmartorell.org\/entre-tots\/wp-content\/uploads\/2023\/11\/4a8e97f3-3252-45a5-9eb7-14be4c09b6db.jpeg 2048w, https:\/\/fundaciohospitalariesmartorell.org\/entre-tots\/wp-content\/uploads\/2023\/11\/4a8e97f3-3252-45a5-9eb7-14be4c09b6db-300x225.jpeg 300w, https:\/\/fundaciohospitalariesmartorell.org\/entre-tots\/wp-content\/uploads\/2023\/11\/4a8e97f3-3252-45a5-9eb7-14be4c09b6db-1024x768.jpeg 1024w, https:\/\/fundaciohospitalariesmartorell.org\/entre-tots\/wp-content\/uploads\/2023\/11\/4a8e97f3-3252-45a5-9eb7-14be4c09b6db-768x576.jpeg 768w, https:\/\/fundaciohospitalariesmartorell.org\/entre-tots\/wp-content\/uploads\/2023\/11\/4a8e97f3-3252-45a5-9eb7-14be4c09b6db-1536x1152.jpeg 1536w, https:\/\/fundaciohospitalariesmartorell.org\/entre-tots\/wp-content\/uploads\/2023\/11\/4a8e97f3-3252-45a5-9eb7-14be4c09b6db-1320x990.jpeg 1320w\" sizes=\"auto, (max-width: 2048px) 100vw, 2048px\" \/><\/figure>\n\n\n<p>Una major autonomia en la gesti\u00f3 i la necessitat de la posada en marxa de models assistencials transversals s\u00f3n algunes de les principals conclusions sobre les quals l\u00edders i experts en la gesti\u00f3 sanit\u00e0ria van debatre a la Jornada AMPHOS Arag\u00f3 celebrada el 16 de novembre a Saragossa. Portava per lema \u201cL&#8217;Autonomia de Gesti\u00f3\u201d i hi va participar com a ponent el doctor Jes\u00fas Ezquerra, gerent de l&#8217;Hospital Sagrat Cor.<\/p>\n\n\n\n<p>Inaugurat per Jos\u00e9 Soto Bonel, president de la Societat Espanyola de Directius de la Salut (SEDISA), l&#8217;objectiu d&#8217;aquesta trobada va ser analitzar i debatre sobre diverses l\u00ednies estrat\u00e8giques en els models de provisi\u00f3, per tal de millorar i garantir la sostenibilitat del sistema sanitari. \u201cCal impulsar un canvi en el nostre Sistema Nacional de Salut amb mesures en qu\u00e8 la gesti\u00f3 sanit\u00e0ria juga un paper essencial. Aquestes mesures impliquen implementar una organitzaci\u00f3 transversal i transformar l&#8217;Atenci\u00f3 Prim\u00e0ria, mesurant resultats en salut i fent efectiva la transformaci\u00f3 digital des d&#8217;un punt de vista estrat\u00e8gic\u201d, va expressar Jos\u00e9 Soto durant la seva intervenci\u00f3.<\/p>\n\n\n\n<p>La trobada es va estructurar en dos blocs. El primer, amb el t\u00edtol d&#8217;\u201cAutonomia de Gesti\u00f3, aportant valor a la provisi\u00f3\u201d, i el segon, amb el nom d'&#8221;Organitzacions fluides, adaptant models de provisi\u00f3&#8221;. El Dr. Ezquerra va participar en el primer bloc, on, a m\u00e9s de fer una presentaci\u00f3 sobre el treball de les Germanes Hospital\u00e0ries, va explica el model que hi ha a Catalunya per a la gesti\u00f3 de la salut mental.<\/p>\n\n\n\n<figure data-wp-context=\"{&quot;imageId&quot;:&quot;69f2272ea6041&quot;}\" data-wp-interactive=\"core\/image\" data-wp-key=\"69f2272ea6041\" class=\"wp-block-image alignright size-full is-resized wp-lightbox-container\"><img loading=\"lazy\" decoding=\"async\" width=\"1536\" height=\"2048\" data-wp-class--hide=\"state.isContentHidden\" data-wp-class--show=\"state.isContentVisible\" data-wp-init=\"callbacks.setButtonStyles\" data-wp-on--click=\"actions.showLightbox\" data-wp-on--load=\"callbacks.setButtonStyles\" data-wp-on-window--resize=\"callbacks.setButtonStyles\" src=\"https:\/\/hospitalsagratcormartorell.org\/entre-tots\/wp-content\/uploads\/2023\/11\/44ecbd6a-ea07-4380-9afc-219cc6477b82.jpeg\" alt=\"\" class=\"wp-image-7490\" style=\"width:350px\" srcset=\"https:\/\/fundaciohospitalariesmartorell.org\/entre-tots\/wp-content\/uploads\/2023\/11\/44ecbd6a-ea07-4380-9afc-219cc6477b82.jpeg 1536w, https:\/\/fundaciohospitalariesmartorell.org\/entre-tots\/wp-content\/uploads\/2023\/11\/44ecbd6a-ea07-4380-9afc-219cc6477b82-225x300.jpeg 225w, https:\/\/fundaciohospitalariesmartorell.org\/entre-tots\/wp-content\/uploads\/2023\/11\/44ecbd6a-ea07-4380-9afc-219cc6477b82-768x1024.jpeg 768w, https:\/\/fundaciohospitalariesmartorell.org\/entre-tots\/wp-content\/uploads\/2023\/11\/44ecbd6a-ea07-4380-9afc-219cc6477b82-1152x1536.jpeg 1152w, https:\/\/fundaciohospitalariesmartorell.org\/entre-tots\/wp-content\/uploads\/2023\/11\/44ecbd6a-ea07-4380-9afc-219cc6477b82-1320x1760.jpeg 1320w\" sizes=\"auto, (max-width: 1536px) 100vw, 1536px\" \/><button\n\t\t\tclass=\"lightbox-trigger\"\n\t\t\ttype=\"button\"\n\t\t\taria-haspopup=\"dialog\"\n\t\t\taria-label=\"Amplia\"\n\t\t\tdata-wp-init=\"callbacks.initTriggerButton\"\n\t\t\tdata-wp-on--click=\"actions.showLightbox\"\n\t\t\tdata-wp-style--right=\"state.imageButtonRight\"\n\t\t\tdata-wp-style--top=\"state.imageButtonTop\"\n\t\t>\n\t\t\t<svg xmlns=\"http:\/\/www.w3.org\/2000\/svg\" width=\"12\" height=\"12\" fill=\"none\" viewBox=\"0 0 12 12\">\n\t\t\t\t<path fill=\"#fff\" d=\"M2 0a2 2 0 0 0-2 2v2h1.5V2a.5.5 0 0 1 .5-.5h2V0H2Zm2 10.5H2a.5.5 0 0 1-.5-.5V8H0v2a2 2 0 0 0 2 2h2v-1.5ZM8 12v-1.5h2a.5.5 0 0 0 .5-.5V8H12v2a2 2 0 0 1-2 2H8Zm2-12a2 2 0 0 1 2 2v2h-1.5V2a.5.5 0 0 0-.5-.5H8V0h2Z\" \/>\n\t\t\t<\/svg>\n\t\t<\/button><\/figure>\n\n\n\n<p>\u201cEl nostre model difereix del que se segueix a altres comunitats aut\u00f2nomes en q\u00fcestions com el fet que des del sector p\u00fablic es pugui treballar amb prove\u00efdors externs, com els que conformem el SISCAT\u201d, apunta el Dr. Ezquerra. Tamb\u00e9 va destacar com el contracte per serveis que t\u00e9 el CatSalut amb l&#8217;Hospital Sagrat Cor va despertar un gran inter\u00e8s entre les persones assistents.<\/p>\n\n\n\n<p>Aquesta trobada s&#8217;emmarca en el projecte AMPHOS, una iniciativa posada en marxa el 2012 per la companyia biofarmac\u00e8utica AbbVie i la Societat Espanyola de Directius de la Salut (SEDISA), amb la col\u00b7laboraci\u00f3 de World Health Management. Es busca amb aquest projecte plantejar propostes de millora dels processos hospitalaris i de salut, cercant l&#8217;optimitzaci\u00f3 de recursos per contribuir a l&#8217;efici\u00e8ncia del sistema i millorar la qualitat assistencial prestada al pacient.<\/p>\n","protected":false},"excerpt":{"rendered":"<p>Una major autonomia en la gesti\u00f3 i la necessitat de la posada en marxa de models assistencials transversals s\u00f3n algunes de les principals conclusions sobre les quals l\u00edders i experts en la gesti\u00f3 sanit\u00e0ria van debatre a la Jornada AMPHOS Arag\u00f3 celebrada el 16 de novembre a Saragossa. Portava per lema \u201cL&#8217;Autonomia de Gesti\u00f3\u201d i [&hellip;]<\/p>\n","protected":false},"author":2,"featured_media":7488,"comment_status":"closed","ping_status":"closed","sticky":false,"template":"","format":"standard","meta":{"footnotes":""},"categories":[27],"tags":[],"class_list":["post-7486","post","type-post","status-publish","format-standard","has-post-thumbnail","hentry","category-actualitat"],"blocksy_meta":{"styles_descriptor":{"styles":{"desktop":"","tablet":"","mobile":""},"google_fonts":[],"version":6}},"featured_image_urls_v2":{"full":["https:\/\/fundaciohospitalariesmartorell.org\/entre-tots\/wp-content\/uploads\/2023\/11\/4a8e97f3-3252-45a5-9eb7-14be4c09b6db.jpeg",2048,1536,false],"thumbnail":["https:\/\/fundaciohospitalariesmartorell.org\/entre-tots\/wp-content\/uploads\/2023\/11\/4a8e97f3-3252-45a5-9eb7-14be4c09b6db-150x150.jpeg",150,150,true],"medium":["https:\/\/fundaciohospitalariesmartorell.org\/entre-tots\/wp-content\/uploads\/2023\/11\/4a8e97f3-3252-45a5-9eb7-14be4c09b6db-300x225.jpeg",300,225,true],"medium_large":["https:\/\/fundaciohospitalariesmartorell.org\/entre-tots\/wp-content\/uploads\/2023\/11\/4a8e97f3-3252-45a5-9eb7-14be4c09b6db-768x576.jpeg",768,576,true],"large":["https:\/\/fundaciohospitalariesmartorell.org\/entre-tots\/wp-content\/uploads\/2023\/11\/4a8e97f3-3252-45a5-9eb7-14be4c09b6db-1024x768.jpeg",1024,768,true],"1536x1536":["https:\/\/fundaciohospitalariesmartorell.org\/entre-tots\/wp-content\/uploads\/2023\/11\/4a8e97f3-3252-45a5-9eb7-14be4c09b6db-1536x1152.jpeg",1536,1152,true],"2048x2048":["https:\/\/fundaciohospitalariesmartorell.org\/entre-tots\/wp-content\/uploads\/2023\/11\/4a8e97f3-3252-45a5-9eb7-14be4c09b6db.jpeg",2048,1536,false],"mailpoet_newsletter_max":["https:\/\/fundaciohospitalariesmartorell.org\/entre-tots\/wp-content\/uploads\/2023\/11\/4a8e97f3-3252-45a5-9eb7-14be4c09b6db-1320x990.jpeg",1320,990,true]},"post_excerpt_stackable_v2":"<p>Una major autonomia en la gesti\u00f3 i la necessitat de la posada en marxa de models assistencials transversals s\u00f3n algunes de les principals conclusions sobre les quals l\u00edders i experts en la gesti\u00f3 sanit\u00e0ria van debatre a la Jornada AMPHOS Arag\u00f3 celebrada el 16 de novembre a Saragossa. Portava per lema \u201cL&#8217;Autonomia de Gesti\u00f3\u201d i hi va participar com a ponent el doctor Jes\u00fas Ezquerra, gerent de l&#8217;Hospital Sagrat Cor. Inaugurat per Jos\u00e9 Soto Bonel, president de la Societat Espanyola de Directius de la Salut (SEDISA), l&#8217;objectiu d&#8217;aquesta trobada va ser analitzar i debatre sobre diverses l\u00ednies estrat\u00e8giques en els&hellip;<\/p>\n","category_list_v2":"<a href=\"https:\/\/fundaciohospitalariesmartorell.org\/entre-tots\/category\/actualitat\/\" rel=\"category tag\">ACTUALITAT<\/a>","author_info_v2":{"name":"Sagrat Cor","url":"https:\/\/fundaciohospitalariesmartorell.org\/entre-tots\/author\/daniel\/"},"comments_num_v2":"0 comments","_links":{"self":[{"href":"https:\/\/fundaciohospitalariesmartorell.org\/entre-tots\/wp-json\/wp\/v2\/posts\/7486","targetHints":{"allow":["GET"]}}],"collection":[{"href":"https:\/\/fundaciohospitalariesmartorell.org\/entre-tots\/wp-json\/wp\/v2\/posts"}],"about":[{"href":"https:\/\/fundaciohospitalariesmartorell.org\/entre-tots\/wp-json\/wp\/v2\/types\/post"}],"author":[{"embeddable":true,"href":"https:\/\/fundaciohospitalariesmartorell.org\/entre-tots\/wp-json\/wp\/v2\/users\/2"}],"replies":[{"embeddable":true,"href":"https:\/\/fundaciohospitalariesmartorell.org\/entre-tots\/wp-json\/wp\/v2\/comments?post=7486"}],"version-history":[{"count":4,"href":"https:\/\/fundaciohospitalariesmartorell.org\/entre-tots\/wp-json\/wp\/v2\/posts\/7486\/revisions"}],"predecessor-version":[{"id":7664,"href":"https:\/\/fundaciohospitalariesmartorell.org\/entre-tots\/wp-json\/wp\/v2\/posts\/7486\/revisions\/7664"}],"wp:featuredmedia":[{"embeddable":true,"href":"https:\/\/fundaciohospitalariesmartorell.org\/entre-tots\/wp-json\/wp\/v2\/media\/7488"}],"wp:attachment":[{"href":"https:\/\/fundaciohospitalariesmartorell.org\/entre-tots\/wp-json\/wp\/v2\/media?parent=7486"}],"wp:term":[{"taxonomy":"category","embeddable":true,"href":"https:\/\/fundaciohospitalariesmartorell.org\/entre-tots\/wp-json\/wp\/v2\/categories?post=7486"},{"taxonomy":"post_tag","embeddable":true,"href":"https:\/\/fundaciohospitalariesmartorell.org\/entre-tots\/wp-json\/wp\/v2\/tags?post=7486"}],"curies":[{"name":"wp","href":"https:\/\/api.w.org\/{rel}","templated":true}]}}