{"id":7513,"date":"2023-11-30T15:20:28","date_gmt":"2023-11-30T13:20:28","guid":{"rendered":"https:\/\/hospitalsagratcormartorell.org\/entre-tots\/?p=7513"},"modified":"2023-12-04T21:19:43","modified_gmt":"2023-12-04T19:19:43","slug":"participacio-del-dr-sanchez-en-dos-congressos-de-psiquiatria","status":"publish","type":"post","link":"https:\/\/fundaciohospitalariesmartorell.org\/entre-tots\/2023\/11\/participacio-del-dr-sanchez-en-dos-congressos-de-psiquiatria\/","title":{"rendered":"Participaci\u00f3 del Dr. S\u00e1nchez en dos congressos de psiquiatria"},"content":{"rendered":"<figure class=\"wp-block-post-featured-image\"><img loading=\"lazy\" decoding=\"async\" width=\"1924\" height=\"1500\" src=\"https:\/\/fundaciohospitalariesmartorell.org\/entre-tots\/wp-content\/uploads\/2023\/11\/Captura-de-pantalla-2023-11-30-a-les-14.19.40.jpg\" class=\"attachment-post-thumbnail size-post-thumbnail wp-post-image\" alt=\"\" style=\"object-fit:cover;\" srcset=\"https:\/\/fundaciohospitalariesmartorell.org\/entre-tots\/wp-content\/uploads\/2023\/11\/Captura-de-pantalla-2023-11-30-a-les-14.19.40.jpg 1924w, https:\/\/fundaciohospitalariesmartorell.org\/entre-tots\/wp-content\/uploads\/2023\/11\/Captura-de-pantalla-2023-11-30-a-les-14.19.40-300x234.jpg 300w, https:\/\/fundaciohospitalariesmartorell.org\/entre-tots\/wp-content\/uploads\/2023\/11\/Captura-de-pantalla-2023-11-30-a-les-14.19.40-1024x798.jpg 1024w, https:\/\/fundaciohospitalariesmartorell.org\/entre-tots\/wp-content\/uploads\/2023\/11\/Captura-de-pantalla-2023-11-30-a-les-14.19.40-768x599.jpg 768w, https:\/\/fundaciohospitalariesmartorell.org\/entre-tots\/wp-content\/uploads\/2023\/11\/Captura-de-pantalla-2023-11-30-a-les-14.19.40-1536x1198.jpg 1536w, https:\/\/fundaciohospitalariesmartorell.org\/entre-tots\/wp-content\/uploads\/2023\/11\/Captura-de-pantalla-2023-11-30-a-les-14.19.40-1320x1029.jpg 1320w\" sizes=\"auto, (max-width: 1924px) 100vw, 1924px\" \/><\/figure>\n\n\n<p>El doctor Manel S\u00e1nchez, subdirector m\u00e8dic de l\u2019Hospital Sagrat Cor, va participar durant el novembre en dos importants congressos de psiquiatria. Va ser ponent del X Congreso Nacional de Alzheimer, que es va celebrar a Gij\u00f3n del 8 a l&#8217;11 de novembre, i del XXVI Congreso Nacional de Psiquiatr\u00eda, que va tenir lloc del 23 al 25 de novembre a Salamanca.<\/p>\n\n\n\n<p><strong>Els problemes de sexualitat en les persones amb dem\u00e8ncia<\/strong><\/p>\n\n\n\n<p>A la cita de Gij\u00f3n, el Dr. S\u00e1nchez va participar en una taula en la qual es van abordar els trastorns de la sexualitat en les persones amb dem\u00e8ncia i com tractar-los, un tema sempre molt delicat, del qual no sempre \u00e9s f\u00e0cil poder parlar. En el marc de la taula es va assenyalar que el m\u00e9s freq\u00fcent d\u2019aquests trastorns \u00e9s la p\u00e8rdua del desig sexual i de la capacitat per mantenir relacions. Tamb\u00e9 es va apuntar que es pot produir el cas contrari i ocasionar-se una hipersexualitzaci\u00f3.<\/p>\n\n\n\n<figure class=\"wp-block-image size-large\"><img loading=\"lazy\" decoding=\"async\" width=\"1024\" height=\"768\" src=\"https:\/\/hospitalsagratcormartorell.org\/entre-tots\/wp-content\/uploads\/2023\/12\/CONGRESO_GIJON_03-1024x768.jpg\" alt=\"\" class=\"wp-image-7620\" srcset=\"https:\/\/fundaciohospitalariesmartorell.org\/entre-tots\/wp-content\/uploads\/2023\/12\/CONGRESO_GIJON_03-1024x768.jpg 1024w, https:\/\/fundaciohospitalariesmartorell.org\/entre-tots\/wp-content\/uploads\/2023\/12\/CONGRESO_GIJON_03-300x225.jpg 300w, https:\/\/fundaciohospitalariesmartorell.org\/entre-tots\/wp-content\/uploads\/2023\/12\/CONGRESO_GIJON_03-768x576.jpg 768w, https:\/\/fundaciohospitalariesmartorell.org\/entre-tots\/wp-content\/uploads\/2023\/12\/CONGRESO_GIJON_03.jpg 1280w\" sizes=\"auto, (max-width: 1024px) 100vw, 1024px\" \/><\/figure>\n\n\n\n<p>Aix\u00ed, un dels trastorns que es poden produir \u00e9s precisament un augment tant de l&#8217;activitat com de la conducta sexual molt expl\u00edcita i sense control. \u201cAquestes persones es poden veure exposades a situacions desagradables i incl\u00fas constitutives de delicte, at\u00e8s que no s\u00f3n coneixedores de l&#8217;abast dels seus actes\u201d, va explicar el Dr. S\u00e1nchez.<\/p>\n\n\n\n<p>El subdirector m\u00e8dic va puntualitzar que aix\u00f2 no s\u2019ha de confondre amb altres manifestacions que estan relacionades amb la desorientaci\u00f3 del malalt, com pot ser treure\u2019s la roba en p\u00fablic. \u201cEncara que siguin activitats que poden veure com a sexualitzades, no es tracta de trastorns sexuals\u201d.<\/p>\n\n\n\n<p><strong>Els trastorns per acumulaci\u00f3<\/strong><\/p>\n\n\n\n<p>Pel que fa al congr\u00e9s de Salamanca, el Dr. S\u00e1nchez va compartir una pon\u00e8ncia amb el doctor Javier Olivera, de l&#8217;Hospital Universitari San Jorge d\u2019Osca. En aquest cas el que es va abordar van ser els trastorns per acumulaci\u00f3 que apareixen a l&#8217;inici de les dem\u00e8ncies frontotemporals. Aquests trastorns consisteixen en una conducta d\u2019acumulaci\u00f3 d\u2019objectes sense sentit que poden acabar fent inhabitables les llars dels malalts.<\/p>\n\n\n\n<p>Un d\u2019aquests trastorns \u00e9s el conegut com a s\u00edndrome de Di\u00f2genes. \u201cN&#8217;hi ha una altra versi\u00f3 que \u00e9s la s\u00edndrome de No\u00e8, en la qual el malalt acumula animals, principalment gats i ocells\u201d. En aquest segon cas, el Dr. S\u00e1nchez va comentar com pot ocasionar diverses problem\u00e0tiques, com queixes ve\u00efnals.<\/p>\n","protected":false},"excerpt":{"rendered":"<p>El doctor Manel S\u00e1nchez, subdirector m\u00e8dic de l\u2019Hospital Sagrat Cor, va participar durant el novembre en dos importants congressos de psiquiatria. Va ser ponent del X Congreso Nacional de Alzheimer, que es va celebrar a Gij\u00f3n del 8 a l&#8217;11 de novembre, i del XXVI Congreso Nacional de Psiquiatr\u00eda, que va tenir lloc del 23 [&hellip;]<\/p>\n","protected":false},"author":2,"featured_media":7515,"comment_status":"closed","ping_status":"closed","sticky":false,"template":"","format":"standard","meta":{"footnotes":""},"categories":[27],"tags":[],"class_list":["post-7513","post","type-post","status-publish","format-standard","has-post-thumbnail","hentry","category-actualitat"],"blocksy_meta":{"styles_descriptor":{"styles":{"desktop":"","tablet":"","mobile":""},"google_fonts":[],"version":6}},"featured_image_urls_v2":{"full":["https:\/\/fundaciohospitalariesmartorell.org\/entre-tots\/wp-content\/uploads\/2023\/11\/Captura-de-pantalla-2023-11-30-a-les-14.19.40.jpg",1924,1500,false],"thumbnail":["https:\/\/fundaciohospitalariesmartorell.org\/entre-tots\/wp-content\/uploads\/2023\/11\/Captura-de-pantalla-2023-11-30-a-les-14.19.40-150x150.jpg",150,150,true],"medium":["https:\/\/fundaciohospitalariesmartorell.org\/entre-tots\/wp-content\/uploads\/2023\/11\/Captura-de-pantalla-2023-11-30-a-les-14.19.40-300x234.jpg",300,234,true],"medium_large":["https:\/\/fundaciohospitalariesmartorell.org\/entre-tots\/wp-content\/uploads\/2023\/11\/Captura-de-pantalla-2023-11-30-a-les-14.19.40-768x599.jpg",768,599,true],"large":["https:\/\/fundaciohospitalariesmartorell.org\/entre-tots\/wp-content\/uploads\/2023\/11\/Captura-de-pantalla-2023-11-30-a-les-14.19.40-1024x798.jpg",1024,798,true],"1536x1536":["https:\/\/fundaciohospitalariesmartorell.org\/entre-tots\/wp-content\/uploads\/2023\/11\/Captura-de-pantalla-2023-11-30-a-les-14.19.40-1536x1198.jpg",1536,1198,true],"2048x2048":["https:\/\/fundaciohospitalariesmartorell.org\/entre-tots\/wp-content\/uploads\/2023\/11\/Captura-de-pantalla-2023-11-30-a-les-14.19.40.jpg",1924,1500,false],"mailpoet_newsletter_max":["https:\/\/fundaciohospitalariesmartorell.org\/entre-tots\/wp-content\/uploads\/2023\/11\/Captura-de-pantalla-2023-11-30-a-les-14.19.40-1320x1029.jpg",1320,1029,true]},"post_excerpt_stackable_v2":"<p>El doctor Manel S\u00e1nchez, subdirector m\u00e8dic de l\u2019Hospital Sagrat Cor, va participar durant el novembre en dos importants congressos de psiquiatria. Va ser ponent del X Congreso Nacional de Alzheimer, que es va celebrar a Gij\u00f3n del 8 a l&#8217;11 de novembre, i del XXVI Congreso Nacional de Psiquiatr\u00eda, que va tenir lloc del 23 al 25 de novembre a Salamanca. Els problemes de sexualitat en les persones amb dem\u00e8ncia A la cita de Gij\u00f3n, el Dr. S\u00e1nchez va participar en una taula en la qual es van abordar els trastorns de la sexualitat en les persones amb dem\u00e8ncia i&hellip;<\/p>\n","category_list_v2":"<a href=\"https:\/\/fundaciohospitalariesmartorell.org\/entre-tots\/category\/actualitat\/\" rel=\"category tag\">ACTUALITAT<\/a>","author_info_v2":{"name":"Sagrat Cor","url":"https:\/\/fundaciohospitalariesmartorell.org\/entre-tots\/author\/daniel\/"},"comments_num_v2":"0 comments","_links":{"self":[{"href":"https:\/\/fundaciohospitalariesmartorell.org\/entre-tots\/wp-json\/wp\/v2\/posts\/7513","targetHints":{"allow":["GET"]}}],"collection":[{"href":"https:\/\/fundaciohospitalariesmartorell.org\/entre-tots\/wp-json\/wp\/v2\/posts"}],"about":[{"href":"https:\/\/fundaciohospitalariesmartorell.org\/entre-tots\/wp-json\/wp\/v2\/types\/post"}],"author":[{"embeddable":true,"href":"https:\/\/fundaciohospitalariesmartorell.org\/entre-tots\/wp-json\/wp\/v2\/users\/2"}],"replies":[{"embeddable":true,"href":"https:\/\/fundaciohospitalariesmartorell.org\/entre-tots\/wp-json\/wp\/v2\/comments?post=7513"}],"version-history":[{"count":5,"href":"https:\/\/fundaciohospitalariesmartorell.org\/entre-tots\/wp-json\/wp\/v2\/posts\/7513\/revisions"}],"predecessor-version":[{"id":7652,"href":"https:\/\/fundaciohospitalariesmartorell.org\/entre-tots\/wp-json\/wp\/v2\/posts\/7513\/revisions\/7652"}],"wp:featuredmedia":[{"embeddable":true,"href":"https:\/\/fundaciohospitalariesmartorell.org\/entre-tots\/wp-json\/wp\/v2\/media\/7515"}],"wp:attachment":[{"href":"https:\/\/fundaciohospitalariesmartorell.org\/entre-tots\/wp-json\/wp\/v2\/media?parent=7513"}],"wp:term":[{"taxonomy":"category","embeddable":true,"href":"https:\/\/fundaciohospitalariesmartorell.org\/entre-tots\/wp-json\/wp\/v2\/categories?post=7513"},{"taxonomy":"post_tag","embeddable":true,"href":"https:\/\/fundaciohospitalariesmartorell.org\/entre-tots\/wp-json\/wp\/v2\/tags?post=7513"}],"curies":[{"name":"wp","href":"https:\/\/api.w.org\/{rel}","templated":true}]}}