{"id":7520,"date":"2023-11-30T15:09:03","date_gmt":"2023-11-30T13:09:03","guid":{"rendered":"https:\/\/hospitalsagratcormartorell.org\/entre-tots\/?p=7520"},"modified":"2023-12-05T13:24:53","modified_gmt":"2023-12-05T11:24:53","slug":"iii-congreso-nacional-de-bioetica-de-hermanas-hospitalarias","status":"publish","type":"post","link":"https:\/\/fundaciohospitalariesmartorell.org\/entre-tots\/2023\/11\/iii-congreso-nacional-de-bioetica-de-hermanas-hospitalarias\/","title":{"rendered":"III Congreso Nacional de Bio\u00e9tica de Hermanas Hospitalarias"},"content":{"rendered":"<figure class=\"wp-block-post-featured-image\"><img loading=\"lazy\" decoding=\"async\" width=\"1024\" height=\"768\" src=\"https:\/\/fundaciohospitalariesmartorell.org\/entre-tots\/wp-content\/uploads\/2023\/11\/42748010-4def-4609-8b77-8593e35d2e8d.jpeg\" class=\"attachment-post-thumbnail size-post-thumbnail wp-post-image\" alt=\"\" style=\"object-fit:cover;\" srcset=\"https:\/\/fundaciohospitalariesmartorell.org\/entre-tots\/wp-content\/uploads\/2023\/11\/42748010-4def-4609-8b77-8593e35d2e8d.jpeg 1024w, https:\/\/fundaciohospitalariesmartorell.org\/entre-tots\/wp-content\/uploads\/2023\/11\/42748010-4def-4609-8b77-8593e35d2e8d-300x225.jpeg 300w, https:\/\/fundaciohospitalariesmartorell.org\/entre-tots\/wp-content\/uploads\/2023\/11\/42748010-4def-4609-8b77-8593e35d2e8d-768x576.jpeg 768w\" sizes=\"auto, (max-width: 1024px) 100vw, 1024px\" \/><\/figure>\n\n\n<div class=\"wp-block-stackable-heading stk-block-heading stk-block-heading--v2 stk-block stk-ac8bb98\" id=\"miguel-ruiz-br-strong-secretari-del-comite-d-etica-assistencial-de-l-hospital-sagrat-cor-strong\" data-block-id=\"ac8bb98\"><style>.stk-ac8bb98{margin-bottom:20px !important}<\/style><h5 class=\"stk-block-heading__text\">Miguel Ruiz <br><strong>Secretari del Comit\u00e8 d&#8217;\u00c9tica Assistencial de l&#8217;Hospital Sagrat Cor<\/strong><\/h5><\/div>\n\n\n\n<p>Los pasados 26 y 27 de octubre de 2023 se celebr\u00f3 en la bella ciudad de Santander el III Congreso Nacional de Bio\u00e9tica Hermanas Hospitalarias \u201cCuidando con PASI\u00d3N\u201d. Al inicio del encuentro era evidente el inter\u00e9s que hab\u00eda despertado la convocatoria, pues la asistencia de participantes fue masiva. Proced\u00edan de los diferentes centros de Hermanas Hospitalarias y todo auguraba una buena oportunidad para poder contactar con los compa\u00f1eros de los diferentes centros.<\/p>\n\n\n\n<p>El planteamiento general del contenido del congreso giraba en torno a los tres conceptos siguientes:&nbsp; Cuidados, Pasi\u00f3n y Compasi\u00f3n.<\/p>\n\n\n\n<p>La estructura del congreso comprend\u00eda dos conferencias inaugurales, tres mesas redondas y dos conferencias de cierre. Las dos conferencias inaugurales nos hicieron reflexionar sobre dos conceptos muy presentes y actuales: Inteligencia Emocional e Inteligencia Artificial. Destac\u00f3 la exposici\u00f3n de Mar Romera, especialista en Inteligencia Emocional, quien al final de su elocuente exposici\u00f3n afirm\u00f3: \u201cNuestra especie no se ha extinguido debido a la carga de amor que llevamos incorporada\u201d.<\/p>\n\n\n\n<p>Durante las mesas redondas, el doctor Santi Bernades, responsable de l\u00b4\u00c0rea Sociosanit\u00e0ria de l\u00b4Hospital Sagrat Cor, evidenci\u00f3 que, a pesar del inter\u00e9s te\u00f3rico que suscita el Documento de Voluntades Anticipadas, una peque\u00f1a minor\u00eda de los asistentes lo han elaborado en su vida personal y familiar. Pod\u00e9is ver un resumen de la ponencia del Dr. Bernades <a href=\"https:\/\/hospitalsagratcormartorell.org\/el-dr-bernades-destaca-la-importancia-del-document-de-voluntats-anticipades-al-iii-congres-de-bioetica-de-germanes-hospitalaries\/\">aqu\u00ed.<\/a> En la mesa sobre aspectos \u00e9ticos de la realidad del suicidio destacaron las intervenciones de Eva Bilbao y Agust\u00edn Erkizia, cofundadores de Biziraun, que describieron las actividades de su fundaci\u00f3n en apoyo a los familiares de personas que han llevado a cabo su conducta suicida.<\/p>\n\n\n\n<p>En la primera conferencia final, el profesor Francesc Torralba, presidente del Comit\u00e9 de \u00c9tica Asistencial del Complejo Asistencial Benito Menni de Hermanas Hospitalarias en Sant Boi de Llobregat, defini\u00f3 la Espiritualidad como la voluntad de encontrar sentido a la vida y reflexion\u00f3 sobre la necesidad de reencontrar el sentido de la propia vida, cuando ocurren acontecimientos vitales muy significativos. Puso en evidencia el gran error de posponer lo fundamental y priorizar lo urgente.<\/p>\n\n\n\n<p>En la segunda conferencia final, el Dr. Enric Benito, especialista en Oncolog\u00eda y miembro de Honor de la SECPAL, habl\u00f3 de compasi\u00f3n y acompa\u00f1amiento en la etapa de final de vida, as\u00ed como de la necesidad de formar en Espiritualidad a los profesionales que atienden en esa fase.<\/p>\n\n\n\n<p>Finalmente, alg\u00fan participante observ\u00f3 que la tem\u00e1tica tratada y la manera de exponerla, lejos de suscitar aburrimiento o zozobra en el p\u00fablico, consigui\u00f3 algunos momentos conmovedores, de gran inter\u00e9s e incluso divertidos y emocionantes.<\/p>\n","protected":false},"excerpt":{"rendered":"<p>Miguel Ruiz Secretari del Comit\u00e8 d&#8217;\u00c9tica Assistencial de l&#8217;Hospital Sagrat Cor Los pasados 26 y 27 de octubre de 2023 se celebr\u00f3 en la bella ciudad de Santander el III Congreso Nacional de Bio\u00e9tica Hermanas Hospitalarias \u201cCuidando con PASI\u00d3N\u201d. Al inicio del encuentro era evidente el inter\u00e9s que hab\u00eda despertado la convocatoria, pues la asistencia [&hellip;]<\/p>\n","protected":false},"author":2,"featured_media":7522,"comment_status":"closed","ping_status":"closed","sticky":false,"template":"","format":"standard","meta":{"footnotes":""},"categories":[27],"tags":[],"class_list":["post-7520","post","type-post","status-publish","format-standard","has-post-thumbnail","hentry","category-actualitat"],"blocksy_meta":{"styles_descriptor":{"styles":{"desktop":"","tablet":"","mobile":""},"google_fonts":[],"version":6}},"featured_image_urls_v2":{"full":["https:\/\/fundaciohospitalariesmartorell.org\/entre-tots\/wp-content\/uploads\/2023\/11\/42748010-4def-4609-8b77-8593e35d2e8d.jpeg",1024,768,false],"thumbnail":["https:\/\/fundaciohospitalariesmartorell.org\/entre-tots\/wp-content\/uploads\/2023\/11\/42748010-4def-4609-8b77-8593e35d2e8d-150x150.jpeg",150,150,true],"medium":["https:\/\/fundaciohospitalariesmartorell.org\/entre-tots\/wp-content\/uploads\/2023\/11\/42748010-4def-4609-8b77-8593e35d2e8d-300x225.jpeg",300,225,true],"medium_large":["https:\/\/fundaciohospitalariesmartorell.org\/entre-tots\/wp-content\/uploads\/2023\/11\/42748010-4def-4609-8b77-8593e35d2e8d-768x576.jpeg",768,576,true],"large":["https:\/\/fundaciohospitalariesmartorell.org\/entre-tots\/wp-content\/uploads\/2023\/11\/42748010-4def-4609-8b77-8593e35d2e8d.jpeg",1024,768,false],"1536x1536":["https:\/\/fundaciohospitalariesmartorell.org\/entre-tots\/wp-content\/uploads\/2023\/11\/42748010-4def-4609-8b77-8593e35d2e8d.jpeg",1024,768,false],"2048x2048":["https:\/\/fundaciohospitalariesmartorell.org\/entre-tots\/wp-content\/uploads\/2023\/11\/42748010-4def-4609-8b77-8593e35d2e8d.jpeg",1024,768,false],"mailpoet_newsletter_max":["https:\/\/fundaciohospitalariesmartorell.org\/entre-tots\/wp-content\/uploads\/2023\/11\/42748010-4def-4609-8b77-8593e35d2e8d.jpeg",1024,768,false]},"post_excerpt_stackable_v2":"<p>Miguel Ruiz Secretari del Comit\u00e8 d&#8217;\u00c9tica Assistencial de l&#8217;Hospital Sagrat Cor Los pasados 26 y 27 de octubre de 2023 se celebr\u00f3 en la bella ciudad de Santander el III Congreso Nacional de Bio\u00e9tica Hermanas Hospitalarias \u201cCuidando con PASI\u00d3N\u201d. Al inicio del encuentro era evidente el inter\u00e9s que hab\u00eda despertado la convocatoria, pues la asistencia de participantes fue masiva. Proced\u00edan de los diferentes centros de Hermanas Hospitalarias y todo auguraba una buena oportunidad para poder contactar con los compa\u00f1eros de los diferentes centros. El planteamiento general del contenido del congreso giraba en torno a los tres conceptos siguientes:&nbsp; Cuidados, Pasi\u00f3n&hellip;<\/p>\n","category_list_v2":"<a href=\"https:\/\/fundaciohospitalariesmartorell.org\/entre-tots\/category\/actualitat\/\" rel=\"category tag\">ACTUALITAT<\/a>","author_info_v2":{"name":"Sagrat Cor","url":"https:\/\/fundaciohospitalariesmartorell.org\/entre-tots\/author\/daniel\/"},"comments_num_v2":"0 comments","_links":{"self":[{"href":"https:\/\/fundaciohospitalariesmartorell.org\/entre-tots\/wp-json\/wp\/v2\/posts\/7520","targetHints":{"allow":["GET"]}}],"collection":[{"href":"https:\/\/fundaciohospitalariesmartorell.org\/entre-tots\/wp-json\/wp\/v2\/posts"}],"about":[{"href":"https:\/\/fundaciohospitalariesmartorell.org\/entre-tots\/wp-json\/wp\/v2\/types\/post"}],"author":[{"embeddable":true,"href":"https:\/\/fundaciohospitalariesmartorell.org\/entre-tots\/wp-json\/wp\/v2\/users\/2"}],"replies":[{"embeddable":true,"href":"https:\/\/fundaciohospitalariesmartorell.org\/entre-tots\/wp-json\/wp\/v2\/comments?post=7520"}],"version-history":[{"count":7,"href":"https:\/\/fundaciohospitalariesmartorell.org\/entre-tots\/wp-json\/wp\/v2\/posts\/7520\/revisions"}],"predecessor-version":[{"id":7676,"href":"https:\/\/fundaciohospitalariesmartorell.org\/entre-tots\/wp-json\/wp\/v2\/posts\/7520\/revisions\/7676"}],"wp:featuredmedia":[{"embeddable":true,"href":"https:\/\/fundaciohospitalariesmartorell.org\/entre-tots\/wp-json\/wp\/v2\/media\/7522"}],"wp:attachment":[{"href":"https:\/\/fundaciohospitalariesmartorell.org\/entre-tots\/wp-json\/wp\/v2\/media?parent=7520"}],"wp:term":[{"taxonomy":"category","embeddable":true,"href":"https:\/\/fundaciohospitalariesmartorell.org\/entre-tots\/wp-json\/wp\/v2\/categories?post=7520"},{"taxonomy":"post_tag","embeddable":true,"href":"https:\/\/fundaciohospitalariesmartorell.org\/entre-tots\/wp-json\/wp\/v2\/tags?post=7520"}],"curies":[{"name":"wp","href":"https:\/\/api.w.org\/{rel}","templated":true}]}}