{"id":7525,"date":"2023-11-30T15:38:09","date_gmt":"2023-11-30T13:38:09","guid":{"rendered":"https:\/\/hospitalsagratcormartorell.org\/entre-tots\/?p=7525"},"modified":"2023-12-05T12:12:12","modified_gmt":"2023-12-05T10:12:12","slug":"el-model-datencio-a-les-demencies-al-baix-llobregat-nord-entre-les-millors-experiencies-presentades-a-la-jornada-pla-de-salut-regio-metropolitana-sud","status":"publish","type":"post","link":"https:\/\/fundaciohospitalariesmartorell.org\/entre-tots\/2023\/11\/el-model-datencio-a-les-demencies-al-baix-llobregat-nord-entre-les-millors-experiencies-presentades-a-la-jornada-pla-de-salut-regio-metropolitana-sud\/","title":{"rendered":"\u2018El model d\u2019atenci\u00f3 a les dem\u00e8ncies al Baix Llobregat Nord\u2019, entre les millors experi\u00e8ncies presentades a la Jornada Pla de Salut Regi\u00f3 Metropolitana Sud"},"content":{"rendered":"<figure class=\"wp-block-post-featured-image\"><img loading=\"lazy\" decoding=\"async\" width=\"2560\" height=\"1653\" src=\"https:\/\/fundaciohospitalariesmartorell.org\/entre-tots\/wp-content\/uploads\/2023\/11\/Captura-de-pantalla-2023-11-30-a-les-14.36.25-scaled.jpg\" class=\"attachment-post-thumbnail size-post-thumbnail wp-post-image\" alt=\"\" style=\"object-fit:cover;\" srcset=\"https:\/\/fundaciohospitalariesmartorell.org\/entre-tots\/wp-content\/uploads\/2023\/11\/Captura-de-pantalla-2023-11-30-a-les-14.36.25-scaled.jpg 2560w, https:\/\/fundaciohospitalariesmartorell.org\/entre-tots\/wp-content\/uploads\/2023\/11\/Captura-de-pantalla-2023-11-30-a-les-14.36.25-300x194.jpg 300w, https:\/\/fundaciohospitalariesmartorell.org\/entre-tots\/wp-content\/uploads\/2023\/11\/Captura-de-pantalla-2023-11-30-a-les-14.36.25-1024x661.jpg 1024w, https:\/\/fundaciohospitalariesmartorell.org\/entre-tots\/wp-content\/uploads\/2023\/11\/Captura-de-pantalla-2023-11-30-a-les-14.36.25-768x496.jpg 768w, https:\/\/fundaciohospitalariesmartorell.org\/entre-tots\/wp-content\/uploads\/2023\/11\/Captura-de-pantalla-2023-11-30-a-les-14.36.25-1536x992.jpg 1536w, https:\/\/fundaciohospitalariesmartorell.org\/entre-tots\/wp-content\/uploads\/2023\/11\/Captura-de-pantalla-2023-11-30-a-les-14.36.25-2048x1322.jpg 2048w, https:\/\/fundaciohospitalariesmartorell.org\/entre-tots\/wp-content\/uploads\/2023\/11\/Captura-de-pantalla-2023-11-30-a-les-14.36.25-1320x852.jpg 1320w\" sizes=\"auto, (max-width: 2560px) 100vw, 2560px\" \/><\/figure>\n\n\n<p>\u2018El model d\u2019atenci\u00f3 a les dem\u00e8ncies al Baix Llobregat Nord\u2019, un projecte de l\u2019Hospital Sagrat Cor posat en marxa aquest mes de novembre, va ser escollit, entre m\u00e9s de 120 experi\u00e8ncies, com una de les 13 iniciatives d\u2019\u00e8xit, que es van presentar en el marc de la Jornada del Pla de Salut 2021-2025 de la Regi\u00f3 Metropolitana Sud. Aquesta es va celebrar el passat 22 de novembre a Sant Boi de Llobregat. Pots trobar m\u00e9s informaci\u00f3 <a href=\"https:\/\/hospitalsagratcormartorell.org\/el-model-datencio-a-les-demencies-al-baix-llobregat-nord-entre-les-millors-experiencies-presentades-a-la-jornada-pla-de-salut-regio-metropolitana-sud\/\">aqu\u00ed<\/a>.<\/p>\n","protected":false},"excerpt":{"rendered":"<p>\u2018El model d\u2019atenci\u00f3 a les dem\u00e8ncies al Baix Llobregat Nord\u2019, un projecte de l\u2019Hospital Sagrat Cor posat en marxa aquest mes de novembre, va ser escollit, entre m\u00e9s de 120 experi\u00e8ncies, com una de les 13 iniciatives d\u2019\u00e8xit, que es van presentar en el marc de la Jornada del Pla de Salut 2021-2025 de la [&hellip;]<\/p>\n","protected":false},"author":2,"featured_media":7527,"comment_status":"closed","ping_status":"closed","sticky":false,"template":"","format":"standard","meta":{"footnotes":""},"categories":[27],"tags":[],"class_list":["post-7525","post","type-post","status-publish","format-standard","has-post-thumbnail","hentry","category-actualitat"],"blocksy_meta":{"styles_descriptor":{"styles":{"desktop":"","tablet":"","mobile":""},"google_fonts":[],"version":6}},"featured_image_urls_v2":{"full":["https:\/\/fundaciohospitalariesmartorell.org\/entre-tots\/wp-content\/uploads\/2023\/11\/Captura-de-pantalla-2023-11-30-a-les-14.36.25-scaled.jpg",2560,1653,false],"thumbnail":["https:\/\/fundaciohospitalariesmartorell.org\/entre-tots\/wp-content\/uploads\/2023\/11\/Captura-de-pantalla-2023-11-30-a-les-14.36.25-150x150.jpg",150,150,true],"medium":["https:\/\/fundaciohospitalariesmartorell.org\/entre-tots\/wp-content\/uploads\/2023\/11\/Captura-de-pantalla-2023-11-30-a-les-14.36.25-300x194.jpg",300,194,true],"medium_large":["https:\/\/fundaciohospitalariesmartorell.org\/entre-tots\/wp-content\/uploads\/2023\/11\/Captura-de-pantalla-2023-11-30-a-les-14.36.25-768x496.jpg",768,496,true],"large":["https:\/\/fundaciohospitalariesmartorell.org\/entre-tots\/wp-content\/uploads\/2023\/11\/Captura-de-pantalla-2023-11-30-a-les-14.36.25-1024x661.jpg",1024,661,true],"1536x1536":["https:\/\/fundaciohospitalariesmartorell.org\/entre-tots\/wp-content\/uploads\/2023\/11\/Captura-de-pantalla-2023-11-30-a-les-14.36.25-1536x992.jpg",1536,992,true],"2048x2048":["https:\/\/fundaciohospitalariesmartorell.org\/entre-tots\/wp-content\/uploads\/2023\/11\/Captura-de-pantalla-2023-11-30-a-les-14.36.25-2048x1322.jpg",2048,1322,true],"mailpoet_newsletter_max":["https:\/\/fundaciohospitalariesmartorell.org\/entre-tots\/wp-content\/uploads\/2023\/11\/Captura-de-pantalla-2023-11-30-a-les-14.36.25-1320x852.jpg",1320,852,true]},"post_excerpt_stackable_v2":"<p>\u2018El model d\u2019atenci\u00f3 a les dem\u00e8ncies al Baix Llobregat Nord\u2019, un projecte de l\u2019Hospital Sagrat Cor posat en marxa aquest mes de novembre, va ser escollit, entre m\u00e9s de 120 experi\u00e8ncies, com una de les 13 iniciatives d\u2019\u00e8xit, que es van presentar en el marc de la Jornada del Pla de Salut 2021-2025 de la Regi\u00f3 Metropolitana Sud. Aquesta es va celebrar el passat 22 de novembre a Sant Boi de Llobregat. Pots trobar m\u00e9s informaci\u00f3 aqu\u00ed.<\/p>\n","category_list_v2":"<a href=\"https:\/\/fundaciohospitalariesmartorell.org\/entre-tots\/category\/actualitat\/\" rel=\"category tag\">ACTUALITAT<\/a>","author_info_v2":{"name":"Sagrat Cor","url":"https:\/\/fundaciohospitalariesmartorell.org\/entre-tots\/author\/daniel\/"},"comments_num_v2":"0 comments","_links":{"self":[{"href":"https:\/\/fundaciohospitalariesmartorell.org\/entre-tots\/wp-json\/wp\/v2\/posts\/7525","targetHints":{"allow":["GET"]}}],"collection":[{"href":"https:\/\/fundaciohospitalariesmartorell.org\/entre-tots\/wp-json\/wp\/v2\/posts"}],"about":[{"href":"https:\/\/fundaciohospitalariesmartorell.org\/entre-tots\/wp-json\/wp\/v2\/types\/post"}],"author":[{"embeddable":true,"href":"https:\/\/fundaciohospitalariesmartorell.org\/entre-tots\/wp-json\/wp\/v2\/users\/2"}],"replies":[{"embeddable":true,"href":"https:\/\/fundaciohospitalariesmartorell.org\/entre-tots\/wp-json\/wp\/v2\/comments?post=7525"}],"version-history":[{"count":4,"href":"https:\/\/fundaciohospitalariesmartorell.org\/entre-tots\/wp-json\/wp\/v2\/posts\/7525\/revisions"}],"predecessor-version":[{"id":7673,"href":"https:\/\/fundaciohospitalariesmartorell.org\/entre-tots\/wp-json\/wp\/v2\/posts\/7525\/revisions\/7673"}],"wp:featuredmedia":[{"embeddable":true,"href":"https:\/\/fundaciohospitalariesmartorell.org\/entre-tots\/wp-json\/wp\/v2\/media\/7527"}],"wp:attachment":[{"href":"https:\/\/fundaciohospitalariesmartorell.org\/entre-tots\/wp-json\/wp\/v2\/media?parent=7525"}],"wp:term":[{"taxonomy":"category","embeddable":true,"href":"https:\/\/fundaciohospitalariesmartorell.org\/entre-tots\/wp-json\/wp\/v2\/categories?post=7525"},{"taxonomy":"post_tag","embeddable":true,"href":"https:\/\/fundaciohospitalariesmartorell.org\/entre-tots\/wp-json\/wp\/v2\/tags?post=7525"}],"curies":[{"name":"wp","href":"https:\/\/api.w.org\/{rel}","templated":true}]}}