{"id":7530,"date":"2023-11-30T15:46:19","date_gmt":"2023-11-30T13:46:19","guid":{"rendered":"https:\/\/hospitalsagratcormartorell.org\/entre-tots\/?p=7530"},"modified":"2023-12-05T12:10:38","modified_gmt":"2023-12-05T10:10:38","slug":"mes-duna-seixantena-dassistents-a-la-ii-jornada-de-residents-de-salut-mental-hospital-sagrat-cor-benito-menni-casm","status":"publish","type":"post","link":"https:\/\/fundaciohospitalariesmartorell.org\/entre-tots\/2023\/11\/mes-duna-seixantena-dassistents-a-la-ii-jornada-de-residents-de-salut-mental-hospital-sagrat-cor-benito-menni-casm\/","title":{"rendered":"M\u00e9s d&#8217;una seixantena d&#8217;assistents, a la II Jornada de residents de salut mental Hospital Sagrat Cor-Benito Menni CASM"},"content":{"rendered":"<figure class=\"wp-block-post-featured-image\"><img loading=\"lazy\" decoding=\"async\" width=\"1600\" height=\"1200\" src=\"https:\/\/fundaciohospitalariesmartorell.org\/entre-tots\/wp-content\/uploads\/2023\/11\/1fe2319e-f98d-4cd4-a874-a014a7e3d277.jpeg\" class=\"attachment-post-thumbnail size-post-thumbnail wp-post-image\" alt=\"\" style=\"object-fit:cover;\" srcset=\"https:\/\/fundaciohospitalariesmartorell.org\/entre-tots\/wp-content\/uploads\/2023\/11\/1fe2319e-f98d-4cd4-a874-a014a7e3d277.jpeg 1600w, https:\/\/fundaciohospitalariesmartorell.org\/entre-tots\/wp-content\/uploads\/2023\/11\/1fe2319e-f98d-4cd4-a874-a014a7e3d277-300x225.jpeg 300w, https:\/\/fundaciohospitalariesmartorell.org\/entre-tots\/wp-content\/uploads\/2023\/11\/1fe2319e-f98d-4cd4-a874-a014a7e3d277-1024x768.jpeg 1024w, https:\/\/fundaciohospitalariesmartorell.org\/entre-tots\/wp-content\/uploads\/2023\/11\/1fe2319e-f98d-4cd4-a874-a014a7e3d277-768x576.jpeg 768w, https:\/\/fundaciohospitalariesmartorell.org\/entre-tots\/wp-content\/uploads\/2023\/11\/1fe2319e-f98d-4cd4-a874-a014a7e3d277-1536x1152.jpeg 1536w, https:\/\/fundaciohospitalariesmartorell.org\/entre-tots\/wp-content\/uploads\/2023\/11\/1fe2319e-f98d-4cd4-a874-a014a7e3d277-1320x990.jpeg 1320w\" sizes=\"auto, (max-width: 1600px) 100vw, 1600px\" \/><\/figure>\n\n\n<p>El 3 de novembre es va donar continu\u00eftat a la Jornada de residents de salut mental organitzada conjuntament per l\u2019Hospital Sagrat Cor i per Benito Menni CASM amb una segona edici\u00f3, aquesta vegada celebrada al nostre Centre. En el marc de l\u2019acte, que va congregar m\u00e9s d\u2019una seixantena d\u2019assistents, residents d\u2019ambdues entitats van compartir presentacions d\u2019alt nivell cl\u00ednic i docent.\u00a0Pots trobar m\u00e9s informaci\u00f3 de la jornada <a href=\"https:\/\/hospitalsagratcormartorell.org\/mes-duna-seixantena-dassistents-a-la-ii-jornada-de-residents-de-salut-mental-hospital-sagrat-cor-benito-menni-casm\/\">aqu\u00ed<\/a>.<\/p>\n","protected":false},"excerpt":{"rendered":"<p>El 3 de novembre es va donar continu\u00eftat a la Jornada de residents de salut mental organitzada conjuntament per l\u2019Hospital Sagrat Cor i per Benito Menni CASM amb una segona edici\u00f3, aquesta vegada celebrada al nostre Centre. En el marc de l\u2019acte, que va congregar m\u00e9s d\u2019una seixantena d\u2019assistents, residents d\u2019ambdues entitats van compartir presentacions [&hellip;]<\/p>\n","protected":false},"author":2,"featured_media":7532,"comment_status":"closed","ping_status":"closed","sticky":false,"template":"","format":"standard","meta":{"footnotes":""},"categories":[27],"tags":[],"class_list":["post-7530","post","type-post","status-publish","format-standard","has-post-thumbnail","hentry","category-actualitat"],"blocksy_meta":{"styles_descriptor":{"styles":{"desktop":"","tablet":"","mobile":""},"google_fonts":[],"version":6}},"featured_image_urls_v2":{"full":["https:\/\/fundaciohospitalariesmartorell.org\/entre-tots\/wp-content\/uploads\/2023\/11\/1fe2319e-f98d-4cd4-a874-a014a7e3d277.jpeg",1600,1200,false],"thumbnail":["https:\/\/fundaciohospitalariesmartorell.org\/entre-tots\/wp-content\/uploads\/2023\/11\/1fe2319e-f98d-4cd4-a874-a014a7e3d277-150x150.jpeg",150,150,true],"medium":["https:\/\/fundaciohospitalariesmartorell.org\/entre-tots\/wp-content\/uploads\/2023\/11\/1fe2319e-f98d-4cd4-a874-a014a7e3d277-300x225.jpeg",300,225,true],"medium_large":["https:\/\/fundaciohospitalariesmartorell.org\/entre-tots\/wp-content\/uploads\/2023\/11\/1fe2319e-f98d-4cd4-a874-a014a7e3d277-768x576.jpeg",768,576,true],"large":["https:\/\/fundaciohospitalariesmartorell.org\/entre-tots\/wp-content\/uploads\/2023\/11\/1fe2319e-f98d-4cd4-a874-a014a7e3d277-1024x768.jpeg",1024,768,true],"1536x1536":["https:\/\/fundaciohospitalariesmartorell.org\/entre-tots\/wp-content\/uploads\/2023\/11\/1fe2319e-f98d-4cd4-a874-a014a7e3d277-1536x1152.jpeg",1536,1152,true],"2048x2048":["https:\/\/fundaciohospitalariesmartorell.org\/entre-tots\/wp-content\/uploads\/2023\/11\/1fe2319e-f98d-4cd4-a874-a014a7e3d277.jpeg",1600,1200,false],"mailpoet_newsletter_max":["https:\/\/fundaciohospitalariesmartorell.org\/entre-tots\/wp-content\/uploads\/2023\/11\/1fe2319e-f98d-4cd4-a874-a014a7e3d277-1320x990.jpeg",1320,990,true]},"post_excerpt_stackable_v2":"<p>El 3 de novembre es va donar continu\u00eftat a la Jornada de residents de salut mental organitzada conjuntament per l\u2019Hospital Sagrat Cor i per Benito Menni CASM amb una segona edici\u00f3, aquesta vegada celebrada al nostre Centre. En el marc de l\u2019acte, que va congregar m\u00e9s d\u2019una seixantena d\u2019assistents, residents d\u2019ambdues entitats van compartir presentacions d\u2019alt nivell cl\u00ednic i docent.\u00a0Pots trobar m\u00e9s informaci\u00f3 de la jornada aqu\u00ed.<\/p>\n","category_list_v2":"<a href=\"https:\/\/fundaciohospitalariesmartorell.org\/entre-tots\/category\/actualitat\/\" rel=\"category tag\">ACTUALITAT<\/a>","author_info_v2":{"name":"Sagrat Cor","url":"https:\/\/fundaciohospitalariesmartorell.org\/entre-tots\/author\/daniel\/"},"comments_num_v2":"0 comments","_links":{"self":[{"href":"https:\/\/fundaciohospitalariesmartorell.org\/entre-tots\/wp-json\/wp\/v2\/posts\/7530","targetHints":{"allow":["GET"]}}],"collection":[{"href":"https:\/\/fundaciohospitalariesmartorell.org\/entre-tots\/wp-json\/wp\/v2\/posts"}],"about":[{"href":"https:\/\/fundaciohospitalariesmartorell.org\/entre-tots\/wp-json\/wp\/v2\/types\/post"}],"author":[{"embeddable":true,"href":"https:\/\/fundaciohospitalariesmartorell.org\/entre-tots\/wp-json\/wp\/v2\/users\/2"}],"replies":[{"embeddable":true,"href":"https:\/\/fundaciohospitalariesmartorell.org\/entre-tots\/wp-json\/wp\/v2\/comments?post=7530"}],"version-history":[{"count":4,"href":"https:\/\/fundaciohospitalariesmartorell.org\/entre-tots\/wp-json\/wp\/v2\/posts\/7530\/revisions"}],"predecessor-version":[{"id":7672,"href":"https:\/\/fundaciohospitalariesmartorell.org\/entre-tots\/wp-json\/wp\/v2\/posts\/7530\/revisions\/7672"}],"wp:featuredmedia":[{"embeddable":true,"href":"https:\/\/fundaciohospitalariesmartorell.org\/entre-tots\/wp-json\/wp\/v2\/media\/7532"}],"wp:attachment":[{"href":"https:\/\/fundaciohospitalariesmartorell.org\/entre-tots\/wp-json\/wp\/v2\/media?parent=7530"}],"wp:term":[{"taxonomy":"category","embeddable":true,"href":"https:\/\/fundaciohospitalariesmartorell.org\/entre-tots\/wp-json\/wp\/v2\/categories?post=7530"},{"taxonomy":"post_tag","embeddable":true,"href":"https:\/\/fundaciohospitalariesmartorell.org\/entre-tots\/wp-json\/wp\/v2\/tags?post=7530"}],"curies":[{"name":"wp","href":"https:\/\/api.w.org\/{rel}","templated":true}]}}