{"id":7544,"date":"2023-11-30T16:53:39","date_gmt":"2023-11-30T14:53:39","guid":{"rendered":"https:\/\/hospitalsagratcormartorell.org\/entre-tots\/?p=7544"},"modified":"2023-12-05T12:06:34","modified_gmt":"2023-12-05T10:06:34","slug":"fes-un-pas-endavant-no-taturis-amb-la-violencia-de-genere","status":"publish","type":"post","link":"https:\/\/fundaciohospitalariesmartorell.org\/entre-tots\/2023\/11\/fes-un-pas-endavant-no-taturis-amb-la-violencia-de-genere\/","title":{"rendered":"Fes un pas endavant, no t\u2019aturis per acabar amb la viol\u00e8ncia de g\u00e8nere"},"content":{"rendered":"\n<figure class=\"wp-block-image size-large\"><a href=\"https:\/\/youtu.be\/9kkVTgyanMc\" target=\"_blank\" rel=\"noreferrer noopener\"><img loading=\"lazy\" decoding=\"async\" width=\"1024\" height=\"570\" src=\"https:\/\/hospitalsagratcormartorell.org\/entre-tots\/wp-content\/uploads\/2023\/11\/Portada_video-1-1024x570.jpg\" alt=\"\" class=\"wp-image-7548\" srcset=\"https:\/\/fundaciohospitalariesmartorell.org\/entre-tots\/wp-content\/uploads\/2023\/11\/Portada_video-1-1024x570.jpg 1024w, https:\/\/fundaciohospitalariesmartorell.org\/entre-tots\/wp-content\/uploads\/2023\/11\/Portada_video-1-300x167.jpg 300w, https:\/\/fundaciohospitalariesmartorell.org\/entre-tots\/wp-content\/uploads\/2023\/11\/Portada_video-1-768x427.jpg 768w, https:\/\/fundaciohospitalariesmartorell.org\/entre-tots\/wp-content\/uploads\/2023\/11\/Portada_video-1-1536x855.jpg 1536w, https:\/\/fundaciohospitalariesmartorell.org\/entre-tots\/wp-content\/uploads\/2023\/11\/Portada_video-1-2048x1140.jpg 2048w, https:\/\/fundaciohospitalariesmartorell.org\/entre-tots\/wp-content\/uploads\/2023\/11\/Portada_video-1-1320x735.jpg 1320w\" sizes=\"auto, (max-width: 1024px) 100vw, 1024px\" \/><\/a><\/figure>\n\n\n\n<p>El 25 de novembre es commemora el Dia Internacional de l\u2019Eliminaci\u00f3 de la Viol\u00e8ncia contra la Dona, amb l\u2019objectiu de denunciar la viol\u00e8ncia que s\u2019exerceix sobre les dones a tot el m\u00f3n i reclamar accions per a la seva erradicaci\u00f3. Des de l\u2019Hospital ens hem sumat a aquesta crida amb la campanya \u2018Fes un pas endavant\u2019, la qual es va desenvolupar durant tota la setmana pr\u00e8via i la posterior a aquesta celebraci\u00f3.<\/p>\n\n\n\n<p>Mitjan\u00e7ant aquesta campanya hem volgut donar a con\u00e8ixer la \u2018Guia dels drets de les dones v\u00edctimes de viol\u00e8ncia de g\u00e8nere\u2019, que ha estat elaborada per la Comissi\u00f3 d\u2019Igualtat de l\u2019Hospital Sagrat Cor. Aix\u00ed, perqu\u00e8 tothom pogu\u00e9s tenir acc\u00e9s al seu contingut, es van dissenyar tres p\u00f2sters, un dels quals va ser una infografia que resumia la guia. Aquests p\u00f2sters es van col\u00b7locar tant a la cafeteria de l\u2019Hospital com als equipaments comunitaris.<\/p>\n\n\n\n<figure class=\"wp-block-gallery has-nested-images columns-default is-cropped wp-block-gallery-1 is-layout-flex wp-block-gallery-is-layout-flex\">\n<figure class=\"wp-block-image size-large\"><img loading=\"lazy\" decoding=\"async\" width=\"724\" height=\"1024\" data-id=\"7610\" src=\"https:\/\/hospitalsagratcormartorell.org\/entre-tots\/wp-content\/uploads\/2023\/12\/Guia-completa-dels-DRETS-de-les-dones-victimes-de-violencia-de-genere-724x1024.jpg\" alt=\"\" class=\"wp-image-7610\" srcset=\"https:\/\/fundaciohospitalariesmartorell.org\/entre-tots\/wp-content\/uploads\/2023\/12\/Guia-completa-dels-DRETS-de-les-dones-victimes-de-violencia-de-genere-724x1024.jpg 724w, https:\/\/fundaciohospitalariesmartorell.org\/entre-tots\/wp-content\/uploads\/2023\/12\/Guia-completa-dels-DRETS-de-les-dones-victimes-de-violencia-de-genere-212x300.jpg 212w, https:\/\/fundaciohospitalariesmartorell.org\/entre-tots\/wp-content\/uploads\/2023\/12\/Guia-completa-dels-DRETS-de-les-dones-victimes-de-violencia-de-genere-768x1086.jpg 768w, https:\/\/fundaciohospitalariesmartorell.org\/entre-tots\/wp-content\/uploads\/2023\/12\/Guia-completa-dels-DRETS-de-les-dones-victimes-de-violencia-de-genere-1086x1536.jpg 1086w, https:\/\/fundaciohospitalariesmartorell.org\/entre-tots\/wp-content\/uploads\/2023\/12\/Guia-completa-dels-DRETS-de-les-dones-victimes-de-violencia-de-genere-1448x2048.jpg 1448w, https:\/\/fundaciohospitalariesmartorell.org\/entre-tots\/wp-content\/uploads\/2023\/12\/Guia-completa-dels-DRETS-de-les-dones-victimes-de-violencia-de-genere-1320x1867.jpg 1320w, https:\/\/fundaciohospitalariesmartorell.org\/entre-tots\/wp-content\/uploads\/2023\/12\/Guia-completa-dels-DRETS-de-les-dones-victimes-de-violencia-de-genere-scaled.jpg 1810w\" sizes=\"auto, (max-width: 724px) 100vw, 724px\" \/><\/figure>\n\n\n\n<figure class=\"wp-block-image size-large\"><img loading=\"lazy\" decoding=\"async\" width=\"724\" height=\"1024\" data-id=\"7612\" src=\"https:\/\/hospitalsagratcormartorell.org\/entre-tots\/wp-content\/uploads\/2023\/12\/poster-25-N-724x1024.jpg\" alt=\"\" class=\"wp-image-7612\" srcset=\"https:\/\/fundaciohospitalariesmartorell.org\/entre-tots\/wp-content\/uploads\/2023\/12\/poster-25-N-724x1024.jpg 724w, https:\/\/fundaciohospitalariesmartorell.org\/entre-tots\/wp-content\/uploads\/2023\/12\/poster-25-N-212x300.jpg 212w, https:\/\/fundaciohospitalariesmartorell.org\/entre-tots\/wp-content\/uploads\/2023\/12\/poster-25-N-768x1086.jpg 768w, https:\/\/fundaciohospitalariesmartorell.org\/entre-tots\/wp-content\/uploads\/2023\/12\/poster-25-N-1086x1536.jpg 1086w, https:\/\/fundaciohospitalariesmartorell.org\/entre-tots\/wp-content\/uploads\/2023\/12\/poster-25-N-1448x2048.jpg 1448w, https:\/\/fundaciohospitalariesmartorell.org\/entre-tots\/wp-content\/uploads\/2023\/12\/poster-25-N-1320x1867.jpg 1320w, https:\/\/fundaciohospitalariesmartorell.org\/entre-tots\/wp-content\/uploads\/2023\/12\/poster-25-N-scaled.jpg 1810w\" sizes=\"auto, (max-width: 724px) 100vw, 724px\" \/><\/figure>\n<\/figure>\n\n\n\n<p>Tamb\u00e9 les persones usu\u00e0ries de l\u2019Hospital van voler participar en la campanya i van elaborar petjades de color morat per conduir fins on es van col\u00b7locar els p\u00f2sters, representant, d\u2019aquesta manera, el pas endavant per la lluita contra la viol\u00e8ncia de g\u00e8nere que reclamava la campanya i poder descobrir el contingut de la guia.<\/p>\n\n\n\n<figure class=\"wp-block-gallery has-nested-images columns-default is-cropped wp-block-gallery-2 is-layout-flex wp-block-gallery-is-layout-flex\">\n<figure class=\"wp-block-image size-large\"><img loading=\"lazy\" decoding=\"async\" width=\"907\" height=\"1024\" data-id=\"7549\" src=\"https:\/\/hospitalsagratcormartorell.org\/entre-tots\/wp-content\/uploads\/2023\/11\/20231120_123416-907x1024.jpg\" alt=\"\" class=\"wp-image-7549\" srcset=\"https:\/\/fundaciohospitalariesmartorell.org\/entre-tots\/wp-content\/uploads\/2023\/11\/20231120_123416-907x1024.jpg 907w, https:\/\/fundaciohospitalariesmartorell.org\/entre-tots\/wp-content\/uploads\/2023\/11\/20231120_123416-266x300.jpg 266w, https:\/\/fundaciohospitalariesmartorell.org\/entre-tots\/wp-content\/uploads\/2023\/11\/20231120_123416-768x867.jpg 768w, https:\/\/fundaciohospitalariesmartorell.org\/entre-tots\/wp-content\/uploads\/2023\/11\/20231120_123416-1360x1536.jpg 1360w, https:\/\/fundaciohospitalariesmartorell.org\/entre-tots\/wp-content\/uploads\/2023\/11\/20231120_123416-1814x2048.jpg 1814w, https:\/\/fundaciohospitalariesmartorell.org\/entre-tots\/wp-content\/uploads\/2023\/11\/20231120_123416-1320x1490.jpg 1320w, https:\/\/fundaciohospitalariesmartorell.org\/entre-tots\/wp-content\/uploads\/2023\/11\/20231120_123416.jpg 1876w\" sizes=\"auto, (max-width: 907px) 100vw, 907px\" \/><\/figure>\n\n\n\n<figure class=\"wp-block-image size-large\"><img loading=\"lazy\" decoding=\"async\" width=\"717\" height=\"1024\" data-id=\"7550\" src=\"https:\/\/hospitalsagratcormartorell.org\/entre-tots\/wp-content\/uploads\/2023\/11\/Captura-de-pantalla-2023-11-30-a-les-15.51.35-717x1024.jpg\" alt=\"\" class=\"wp-image-7550\" srcset=\"https:\/\/fundaciohospitalariesmartorell.org\/entre-tots\/wp-content\/uploads\/2023\/11\/Captura-de-pantalla-2023-11-30-a-les-15.51.35-717x1024.jpg 717w, https:\/\/fundaciohospitalariesmartorell.org\/entre-tots\/wp-content\/uploads\/2023\/11\/Captura-de-pantalla-2023-11-30-a-les-15.51.35-210x300.jpg 210w, https:\/\/fundaciohospitalariesmartorell.org\/entre-tots\/wp-content\/uploads\/2023\/11\/Captura-de-pantalla-2023-11-30-a-les-15.51.35-768x1096.jpg 768w, https:\/\/fundaciohospitalariesmartorell.org\/entre-tots\/wp-content\/uploads\/2023\/11\/Captura-de-pantalla-2023-11-30-a-les-15.51.35-1076x1536.jpg 1076w, https:\/\/fundaciohospitalariesmartorell.org\/entre-tots\/wp-content\/uploads\/2023\/11\/Captura-de-pantalla-2023-11-30-a-les-15.51.35-1435x2048.jpg 1435w, https:\/\/fundaciohospitalariesmartorell.org\/entre-tots\/wp-content\/uploads\/2023\/11\/Captura-de-pantalla-2023-11-30-a-les-15.51.35-1320x1884.jpg 1320w, https:\/\/fundaciohospitalariesmartorell.org\/entre-tots\/wp-content\/uploads\/2023\/11\/Captura-de-pantalla-2023-11-30-a-les-15.51.35-scaled.jpg 1794w\" sizes=\"auto, (max-width: 717px) 100vw, 717px\" \/><\/figure>\n<\/figure>\n\n\n\n<p>La campanya va concloure amb un v\u00eddeo que es va poder dur a terme gr\u00e0cies a la participaci\u00f3 del personal col\u00b7laborador i de persones usu\u00e0ries i que podeu veure <a href=\"https:\/\/youtu.be\/9kkVTgyanMc\">aqu\u00ed<\/a>. Tamb\u00e9 es va animar col\u00b7laboradors i col\u00b7laboradores a fer-se fotografies i penjar-les a xarxes socials etiquetant el nostre Hospital i, aix\u00ed unir-se a la nostra lluita per acabar amb la viol\u00e8ncia de g\u00e8nere.<\/p>\n\n\n\n<p>L\u2019Hospital Sagrat Cor t\u00e9 una forta implicaci\u00f3 amb els principis i els compromisos que recull la Pol\u00edtica de protecci\u00f3 a v\u00edctimes de viol\u00e8ncia de g\u00e8nere del Centre, i compta amb una Subcomissi\u00f3 de viol\u00e8ncia de g\u00e8nere integrada en la Comissi\u00f3 d\u2019Igualtat. <\/p>\n","protected":false},"excerpt":{"rendered":"<p>El 25 de novembre es commemora el Dia Internacional de l\u2019Eliminaci\u00f3 de la Viol\u00e8ncia contra la Dona, amb l\u2019objectiu de denunciar la viol\u00e8ncia que s\u2019exerceix sobre les dones a tot el m\u00f3n i reclamar accions per a la seva erradicaci\u00f3. Des de l\u2019Hospital ens hem sumat a aquesta crida amb la campanya \u2018Fes un pas [&hellip;]<\/p>\n","protected":false},"author":2,"featured_media":7548,"comment_status":"closed","ping_status":"closed","sticky":false,"template":"","format":"standard","meta":{"footnotes":""},"categories":[27],"tags":[],"class_list":["post-7544","post","type-post","status-publish","format-standard","has-post-thumbnail","hentry","category-actualitat"],"blocksy_meta":{"styles_descriptor":{"styles":{"desktop":"","tablet":"","mobile":""},"google_fonts":[],"version":6}},"featured_image_urls_v2":{"full":["https:\/\/fundaciohospitalariesmartorell.org\/entre-tots\/wp-content\/uploads\/2023\/11\/Portada_video-1.jpg",2508,1396,false],"thumbnail":["https:\/\/fundaciohospitalariesmartorell.org\/entre-tots\/wp-content\/uploads\/2023\/11\/Portada_video-1-150x150.jpg",150,150,true],"medium":["https:\/\/fundaciohospitalariesmartorell.org\/entre-tots\/wp-content\/uploads\/2023\/11\/Portada_video-1-300x167.jpg",300,167,true],"medium_large":["https:\/\/fundaciohospitalariesmartorell.org\/entre-tots\/wp-content\/uploads\/2023\/11\/Portada_video-1-768x427.jpg",768,427,true],"large":["https:\/\/fundaciohospitalariesmartorell.org\/entre-tots\/wp-content\/uploads\/2023\/11\/Portada_video-1-1024x570.jpg",1024,570,true],"1536x1536":["https:\/\/fundaciohospitalariesmartorell.org\/entre-tots\/wp-content\/uploads\/2023\/11\/Portada_video-1-1536x855.jpg",1536,855,true],"2048x2048":["https:\/\/fundaciohospitalariesmartorell.org\/entre-tots\/wp-content\/uploads\/2023\/11\/Portada_video-1-2048x1140.jpg",2048,1140,true],"mailpoet_newsletter_max":["https:\/\/fundaciohospitalariesmartorell.org\/entre-tots\/wp-content\/uploads\/2023\/11\/Portada_video-1-1320x735.jpg",1320,735,true]},"post_excerpt_stackable_v2":"<p>El 25 de novembre es commemora el Dia Internacional de l\u2019Eliminaci\u00f3 de la Viol\u00e8ncia contra la Dona, amb l\u2019objectiu de denunciar la viol\u00e8ncia que s\u2019exerceix sobre les dones a tot el m\u00f3n i reclamar accions per a la seva erradicaci\u00f3. Des de l\u2019Hospital ens hem sumat a aquesta crida amb la campanya \u2018Fes un pas endavant\u2019, la qual es va desenvolupar durant tota la setmana pr\u00e8via i la posterior a aquesta celebraci\u00f3. Mitjan\u00e7ant aquesta campanya hem volgut donar a con\u00e8ixer la \u2018Guia dels drets de les dones v\u00edctimes de viol\u00e8ncia de g\u00e8nere\u2019, que ha estat elaborada per la Comissi\u00f3 d\u2019Igualtat&hellip;<\/p>\n","category_list_v2":"<a href=\"https:\/\/fundaciohospitalariesmartorell.org\/entre-tots\/category\/actualitat\/\" rel=\"category tag\">ACTUALITAT<\/a>","author_info_v2":{"name":"Sagrat Cor","url":"https:\/\/fundaciohospitalariesmartorell.org\/entre-tots\/author\/daniel\/"},"comments_num_v2":"0 comments","_links":{"self":[{"href":"https:\/\/fundaciohospitalariesmartorell.org\/entre-tots\/wp-json\/wp\/v2\/posts\/7544","targetHints":{"allow":["GET"]}}],"collection":[{"href":"https:\/\/fundaciohospitalariesmartorell.org\/entre-tots\/wp-json\/wp\/v2\/posts"}],"about":[{"href":"https:\/\/fundaciohospitalariesmartorell.org\/entre-tots\/wp-json\/wp\/v2\/types\/post"}],"author":[{"embeddable":true,"href":"https:\/\/fundaciohospitalariesmartorell.org\/entre-tots\/wp-json\/wp\/v2\/users\/2"}],"replies":[{"embeddable":true,"href":"https:\/\/fundaciohospitalariesmartorell.org\/entre-tots\/wp-json\/wp\/v2\/comments?post=7544"}],"version-history":[{"count":16,"href":"https:\/\/fundaciohospitalariesmartorell.org\/entre-tots\/wp-json\/wp\/v2\/posts\/7544\/revisions"}],"predecessor-version":[{"id":7670,"href":"https:\/\/fundaciohospitalariesmartorell.org\/entre-tots\/wp-json\/wp\/v2\/posts\/7544\/revisions\/7670"}],"wp:featuredmedia":[{"embeddable":true,"href":"https:\/\/fundaciohospitalariesmartorell.org\/entre-tots\/wp-json\/wp\/v2\/media\/7548"}],"wp:attachment":[{"href":"https:\/\/fundaciohospitalariesmartorell.org\/entre-tots\/wp-json\/wp\/v2\/media?parent=7544"}],"wp:term":[{"taxonomy":"category","embeddable":true,"href":"https:\/\/fundaciohospitalariesmartorell.org\/entre-tots\/wp-json\/wp\/v2\/categories?post=7544"},{"taxonomy":"post_tag","embeddable":true,"href":"https:\/\/fundaciohospitalariesmartorell.org\/entre-tots\/wp-json\/wp\/v2\/tags?post=7544"}],"curies":[{"name":"wp","href":"https:\/\/api.w.org\/{rel}","templated":true}]}}