{"id":7624,"date":"2023-11-30T17:30:36","date_gmt":"2023-11-30T15:30:36","guid":{"rendered":"https:\/\/hospitalsagratcormartorell.org\/entre-tots\/?p=7624"},"modified":"2023-12-05T10:49:42","modified_gmt":"2023-12-05T08:49:42","slug":"primer-espai-de-silenci-interconfessional-de-la-congregacio-de-germanes-hospitalaries","status":"publish","type":"post","link":"https:\/\/fundaciohospitalariesmartorell.org\/entre-tots\/2023\/11\/primer-espai-de-silenci-interconfessional-de-la-congregacio-de-germanes-hospitalaries\/","title":{"rendered":"Primer espai de silenci\/interconfessional de la Congregaci\u00f3 de Germanes Hospital\u00e0ries"},"content":{"rendered":"<figure class=\"wp-block-post-featured-image\"><img loading=\"lazy\" decoding=\"async\" width=\"1600\" height=\"1200\" src=\"https:\/\/fundaciohospitalariesmartorell.org\/entre-tots\/wp-content\/uploads\/2023\/12\/d6b09c2d-7fd0-4cdd-84cd-65b1339940b3.jpeg\" class=\"attachment-post-thumbnail size-post-thumbnail wp-post-image\" alt=\"\" style=\"object-fit:cover;\" srcset=\"https:\/\/fundaciohospitalariesmartorell.org\/entre-tots\/wp-content\/uploads\/2023\/12\/d6b09c2d-7fd0-4cdd-84cd-65b1339940b3.jpeg 1600w, https:\/\/fundaciohospitalariesmartorell.org\/entre-tots\/wp-content\/uploads\/2023\/12\/d6b09c2d-7fd0-4cdd-84cd-65b1339940b3-300x225.jpeg 300w, https:\/\/fundaciohospitalariesmartorell.org\/entre-tots\/wp-content\/uploads\/2023\/12\/d6b09c2d-7fd0-4cdd-84cd-65b1339940b3-1024x768.jpeg 1024w, https:\/\/fundaciohospitalariesmartorell.org\/entre-tots\/wp-content\/uploads\/2023\/12\/d6b09c2d-7fd0-4cdd-84cd-65b1339940b3-768x576.jpeg 768w, https:\/\/fundaciohospitalariesmartorell.org\/entre-tots\/wp-content\/uploads\/2023\/12\/d6b09c2d-7fd0-4cdd-84cd-65b1339940b3-1536x1152.jpeg 1536w, https:\/\/fundaciohospitalariesmartorell.org\/entre-tots\/wp-content\/uploads\/2023\/12\/d6b09c2d-7fd0-4cdd-84cd-65b1339940b3-1320x990.jpeg 1320w\" sizes=\"auto, (max-width: 1600px) 100vw, 1600px\" \/><\/figure>\n\n\n<p>L\u2019Hospital Sagrat Cor \u00e9s pioner, en l\u2019\u00e0mbit de tota la Congregaci\u00f3 de Germanes Hospital\u00e0ries, en disposar d\u2019un espai silenci\/interconfessional, el qual es va posar en marxa el passat mes de setembre i es va <a href=\"https:\/\/hospitalsagratcormartorell.org\/inaugurem-lespai-de-silenci-interconfessional-de-lhospital-sagrat-cor\/\">inaugurar oficialment el 21 de novembre<\/a>.<\/p>\n\n\n\n<p>Es troba ubicat a l\u2019edifici social del Centre, una zona bastant transitada de l\u2019Hospital, i estar\u00e0 sempre obert, igual que la capella de l\u2019Hospital.<\/p>\n\n\n\n<p>Aquest espai es va crear amb l\u2019objectiu de donar resposta a dues realitats necess\u00e0ries per a la comunitat hospital\u00e0ria: acollir i possibilitar la pluralitat de creences, i oferir un espai que permeti beneficiar-se del silenci com a cam\u00ed cap a la interioritat i l\u2019autoconeixement.<\/p>\n\n\n\n<figure class=\"wp-block-gallery has-nested-images columns-default is-cropped wp-block-gallery-1 is-layout-flex wp-block-gallery-is-layout-flex\">\n<figure data-wp-context=\"{&quot;imageId&quot;:&quot;69f19ac7f1d03&quot;}\" data-wp-interactive=\"core\/image\" data-wp-key=\"69f19ac7f1d03\" class=\"wp-block-image size-full wp-lightbox-container\"><img loading=\"lazy\" decoding=\"async\" width=\"1600\" height=\"1200\" data-wp-class--hide=\"state.isContentHidden\" data-wp-class--show=\"state.isContentVisible\" data-wp-init=\"callbacks.setButtonStyles\" data-wp-on--click=\"actions.showLightbox\" data-wp-on--load=\"callbacks.setButtonStyles\" data-wp-on-window--resize=\"callbacks.setButtonStyles\" data-id=\"7626\" src=\"https:\/\/hospitalsagratcormartorell.org\/entre-tots\/wp-content\/uploads\/2023\/12\/84409543-75c2-4e83-bf9c-837376aef58a.jpeg\" alt=\"\" class=\"wp-image-7626\" srcset=\"https:\/\/fundaciohospitalariesmartorell.org\/entre-tots\/wp-content\/uploads\/2023\/12\/84409543-75c2-4e83-bf9c-837376aef58a.jpeg 1600w, https:\/\/fundaciohospitalariesmartorell.org\/entre-tots\/wp-content\/uploads\/2023\/12\/84409543-75c2-4e83-bf9c-837376aef58a-300x225.jpeg 300w, https:\/\/fundaciohospitalariesmartorell.org\/entre-tots\/wp-content\/uploads\/2023\/12\/84409543-75c2-4e83-bf9c-837376aef58a-1024x768.jpeg 1024w, https:\/\/fundaciohospitalariesmartorell.org\/entre-tots\/wp-content\/uploads\/2023\/12\/84409543-75c2-4e83-bf9c-837376aef58a-768x576.jpeg 768w, https:\/\/fundaciohospitalariesmartorell.org\/entre-tots\/wp-content\/uploads\/2023\/12\/84409543-75c2-4e83-bf9c-837376aef58a-1536x1152.jpeg 1536w, https:\/\/fundaciohospitalariesmartorell.org\/entre-tots\/wp-content\/uploads\/2023\/12\/84409543-75c2-4e83-bf9c-837376aef58a-1320x990.jpeg 1320w\" sizes=\"auto, (max-width: 1600px) 100vw, 1600px\" \/><button\n\t\t\tclass=\"lightbox-trigger\"\n\t\t\ttype=\"button\"\n\t\t\taria-haspopup=\"dialog\"\n\t\t\taria-label=\"Amplia\"\n\t\t\tdata-wp-init=\"callbacks.initTriggerButton\"\n\t\t\tdata-wp-on--click=\"actions.showLightbox\"\n\t\t\tdata-wp-style--right=\"state.imageButtonRight\"\n\t\t\tdata-wp-style--top=\"state.imageButtonTop\"\n\t\t>\n\t\t\t<svg xmlns=\"http:\/\/www.w3.org\/2000\/svg\" width=\"12\" height=\"12\" fill=\"none\" viewBox=\"0 0 12 12\">\n\t\t\t\t<path fill=\"#fff\" d=\"M2 0a2 2 0 0 0-2 2v2h1.5V2a.5.5 0 0 1 .5-.5h2V0H2Zm2 10.5H2a.5.5 0 0 1-.5-.5V8H0v2a2 2 0 0 0 2 2h2v-1.5ZM8 12v-1.5h2a.5.5 0 0 0 .5-.5V8H12v2a2 2 0 0 1-2 2H8Zm2-12a2 2 0 0 1 2 2v2h-1.5V2a.5.5 0 0 0-.5-.5H8V0h2Z\" \/>\n\t\t\t<\/svg>\n\t\t<\/button><\/figure>\n\n\n\n<figure data-wp-context=\"{&quot;imageId&quot;:&quot;69f19ac7f2263&quot;}\" data-wp-interactive=\"core\/image\" data-wp-key=\"69f19ac7f2263\" class=\"wp-block-image size-full wp-lightbox-container\"><img loading=\"lazy\" decoding=\"async\" width=\"756\" height=\"681\" data-wp-class--hide=\"state.isContentHidden\" data-wp-class--show=\"state.isContentVisible\" data-wp-init=\"callbacks.setButtonStyles\" data-wp-on--click=\"actions.showLightbox\" data-wp-on--load=\"callbacks.setButtonStyles\" data-wp-on-window--resize=\"callbacks.setButtonStyles\" data-id=\"7629\" src=\"https:\/\/hospitalsagratcormartorell.org\/entre-tots\/wp-content\/uploads\/2023\/12\/espai-silenci1.png\" alt=\"\" class=\"wp-image-7629\" srcset=\"https:\/\/fundaciohospitalariesmartorell.org\/entre-tots\/wp-content\/uploads\/2023\/12\/espai-silenci1.png 756w, https:\/\/fundaciohospitalariesmartorell.org\/entre-tots\/wp-content\/uploads\/2023\/12\/espai-silenci1-300x270.png 300w\" sizes=\"auto, (max-width: 756px) 100vw, 756px\" \/><button\n\t\t\tclass=\"lightbox-trigger\"\n\t\t\ttype=\"button\"\n\t\t\taria-haspopup=\"dialog\"\n\t\t\taria-label=\"Amplia\"\n\t\t\tdata-wp-init=\"callbacks.initTriggerButton\"\n\t\t\tdata-wp-on--click=\"actions.showLightbox\"\n\t\t\tdata-wp-style--right=\"state.imageButtonRight\"\n\t\t\tdata-wp-style--top=\"state.imageButtonTop\"\n\t\t>\n\t\t\t<svg xmlns=\"http:\/\/www.w3.org\/2000\/svg\" width=\"12\" height=\"12\" fill=\"none\" viewBox=\"0 0 12 12\">\n\t\t\t\t<path fill=\"#fff\" d=\"M2 0a2 2 0 0 0-2 2v2h1.5V2a.5.5 0 0 1 .5-.5h2V0H2Zm2 10.5H2a.5.5 0 0 1-.5-.5V8H0v2a2 2 0 0 0 2 2h2v-1.5ZM8 12v-1.5h2a.5.5 0 0 0 .5-.5V8H12v2a2 2 0 0 1-2 2H8Zm2-12a2 2 0 0 1 2 2v2h-1.5V2a.5.5 0 0 0-.5-.5H8V0h2Z\" \/>\n\t\t\t<\/svg>\n\t\t<\/button><\/figure>\n<\/figure>\n\n\n\n<p>Roberto Narvaiz, coordinador del Servei d\u2019Atenci\u00f3 Espiritual i Religiosa de l\u2019Hospital, i ide\u00f2leg d\u2019aquesta iniciativa, explica que la creaci\u00f3 d\u2019aquest espai \u00e9s una idea en la qual s\u2019hi ha treballat des de fa temps i que enguany ha estat possible gr\u00e0cies a una reestructuraci\u00f3 dels espais de l\u2019Hospital Sagrat Cor. El doctor Carles Franquelo, com a representant de les direccions assistencials, les quals han possibilitat la creaci\u00f3 d\u2019aquest espai, valora el fet que tant pacients com personal del Centre en puguin gaudir. Ens ho expliquen al seg\u00fcent v\u00eddeo:<\/p>\n\n\n\n<div class=\"wp-block-getwid-video-popup has-image\"><a class=\"wp-block-getwid-video-popup__link\" href=\"https:\/\/youtu.be\/SNviayd8KLE\"><div class=\"wp-block-getwid-video-popup__wrapper\" style=\"min-height:300px\"><img loading=\"lazy\" decoding=\"async\" width=\"2560\" height=\"1288\" src=\"https:\/\/hospitalsagratcormartorell.org\/entre-tots\/wp-content\/uploads\/2023\/12\/Captura-de-pantalla-2023-12-04-a-les-16.12.39-scaled.jpg\" alt=\"\" class=\"wp-block-getwid-video-popup__image wp-block-getwid-video-popup__source wp-image-7630\" srcset=\"https:\/\/fundaciohospitalariesmartorell.org\/entre-tots\/wp-content\/uploads\/2023\/12\/Captura-de-pantalla-2023-12-04-a-les-16.12.39-scaled.jpg 2560w, https:\/\/fundaciohospitalariesmartorell.org\/entre-tots\/wp-content\/uploads\/2023\/12\/Captura-de-pantalla-2023-12-04-a-les-16.12.39-300x151.jpg 300w, https:\/\/fundaciohospitalariesmartorell.org\/entre-tots\/wp-content\/uploads\/2023\/12\/Captura-de-pantalla-2023-12-04-a-les-16.12.39-1024x515.jpg 1024w, https:\/\/fundaciohospitalariesmartorell.org\/entre-tots\/wp-content\/uploads\/2023\/12\/Captura-de-pantalla-2023-12-04-a-les-16.12.39-768x387.jpg 768w, https:\/\/fundaciohospitalariesmartorell.org\/entre-tots\/wp-content\/uploads\/2023\/12\/Captura-de-pantalla-2023-12-04-a-les-16.12.39-1536x773.jpg 1536w, https:\/\/fundaciohospitalariesmartorell.org\/entre-tots\/wp-content\/uploads\/2023\/12\/Captura-de-pantalla-2023-12-04-a-les-16.12.39-2048x1031.jpg 2048w, https:\/\/fundaciohospitalariesmartorell.org\/entre-tots\/wp-content\/uploads\/2023\/12\/Captura-de-pantalla-2023-12-04-a-les-16.12.39-1320x664.jpg 1320w\" sizes=\"auto, (max-width: 2560px) 100vw, 2560px\" \/><div class=\"wp-block-getwid-video-popup__button is-style-default has-animation-pulse is-size-small\" style=\"border-color:var(--theme-palette-color-1, #8c124e)\"><div class=\"wp-block-getwid-video-popup__icon has-background has-palette-color-1-background-color\" style=\"border-color:var(--theme-palette-color-1, #8c124e)\"><i class=\"fas fa-play\" aria-hidden=\"true\"><\/i><\/div><\/div><\/div><\/a><div class=\"wp-block-getwid-video-popup__caption\"><\/div><\/div>\n\n\n\n<div class=\"wp-block-stackable-heading stk-block-heading stk-block-heading--v2 stk-block stk-736e603\" id=\"strong-unio-de-totes-les-tradicions-religioses-a-traves-del-silenci-strong\" data-block-id=\"736e603\"><h4 class=\"stk-block-heading__text\"><strong>Uni\u00f3 de totes les tradicions religioses a trav\u00e9s del silenci<\/strong><\/h4><\/div>\n\n\n\n<p>El coordinador del PAER destaca que es tracta d\u2019un espai auster i di\u00e0fan, ja que respon a la idea de defugir del c\u00famul d\u2019est\u00edmuls que tenim en el nostre dia a dia, a fi d\u2019afavorir el silenci, la quietud i la interioritat. Tamb\u00e9 assenyala que pel fet de ser un espai interconfessional es busca la neutralitat, sense la pres\u00e8ncia d\u2019imatges, ja que no es vol que ning\u00fa se senti violentat per elements allunyats de les seves creences. \u201cEl silenci \u00e9s un espai terap\u00e8utic que pot ser un recurs per a tota la comunitat hospital\u00e0ria i l\u2019atenci\u00f3 a la diversitat de tradicions religioses \u00e9s un valor que neix de l\u2019Hospitalitat\u201d, recalca Roberto Narvaiz.<\/p>\n\n\n\n<p>Al centre de la sala s\u2019ha col\u00b7locat el s\u00edmbol de la llum, amb l\u2019objectiu d\u2019ajudar a focalitzar la mirada en la flama, un m\u00e8tode senzill de meditaci\u00f3 que ajuda a calmar la ment.&nbsp;<\/p>\n\n\n\n<p>En el marc de la inauguraci\u00f3 oficial d\u2019aquest espai es va voler posar sobre la taula el fet que totes les tradicions religioses conflueixen en l\u2019experi\u00e8ncia de la interioritat a la qual ens porta el silenci. Aix\u00ed, es van llegir textos de quatre tradicions religioses al voltant del silenci: el cristianisme, de la m\u00e0 de moss\u00e8n Esteve; el judaisme, de Sor Pilar Urra; el budisme, d\u2019Angel Rodrigo, i l\u2019islam, per part de Laila Khoulati. Totes les lectures van finalitzar amb uns segons de silenci.<\/p>\n\n\n\n<div class=\"wp-block-stackable-heading stk-block-heading stk-block-heading--v2 stk-block stk-8b07350\" id=\"strong-bona-valoracio-per-part-de-professionals-i-persones-usuaries-strong\" data-block-id=\"8b07350\"><h4 class=\"stk-block-heading__text\"><strong>Bona valoraci\u00f3 per part de professionals i persones usu\u00e0ries<\/strong><\/h4><\/div>\n\n\n\n<p>Des que va obrir les portes el 13 de setembre l\u2019espai de silenci\/interconfessional de l\u2019Hospital Sagrat Cor ja \u00e9s freq\u00fcentat tant per personal col\u00b7laborador, que l\u2019utilitza per descansar, meditar, reflexionar\u2026 com per persones usu\u00e0ries, les quals duen a terme diverses activitats assistencials acompanyades de professionals. Pr\u00f2ximament, s\u2019organitzaran sessions per a treballadores i treballadors, en el marc del projecte d\u2019empresa saludable de l\u2019Hospital Sagrat Cor, Cuida\u2019t X Cuidar, dins de l\u2019eix \u2018BENestar\u2019.<\/p>\n\n\n\n<p>Diversos professionals de l\u2019Hospital, tant assistencials com no assistencials, valoren molt positivament la posada en marxa de l\u2019espai de silenci\/interconfessional. En aquest sentit, Alex Espinoza, auxiliar d\u2019infermeria de l&#8217;\u00c0rea de Salut Mental, explica que, ja des del mes de setembre, quan es va posar en marxa el nou espai, van anar-hi amb persones usu\u00e0ries, despr\u00e9s del passeig diari que realitzen pels jardins de l\u2019Hospital. Marta Caball\u00e9, treballadora social del PADES, destaca el minimalisme i la pau de la sala i indica que segur que ser\u00e0 un espai que el personal col\u00b7laborador aprofitar\u00e0. Per la seva banda, M\u00aa Antonia Romero, administrativa, defineix aquesta sala com un \u201cpunt de rec\u00e0rrega\u201d, un lloc de respir, on arribes i tornes a connectar amb tu mateix i a reequilibrar-te.&nbsp;<\/p>\n\n\n\n<p>L\u2019\u00d3scar, usuari de l\u2019Hospital Sagrat Cor \u00e9s un enamorat de la cultura japonesa i aquest espai l\u2019hi recorda per la seva austeritat i senzillesa. Es considera creient i no exclou cap religi\u00f3. Creu que utilitzar\u00e0 aquest espai per a trobar un moment de connexi\u00f3 amb la pau interior.<\/p>\n\n\n\n<p>Podeu veure tots aquests testimonis al seg\u00fcent v\u00eddeo:<\/p>\n\n\n\n<div class=\"wp-block-getwid-video-popup has-image\"><a class=\"wp-block-getwid-video-popup__link\" href=\"https:\/\/youtu.be\/Ujg6y38atzs\"><div class=\"wp-block-getwid-video-popup__wrapper\" style=\"min-height:300px\"><img loading=\"lazy\" decoding=\"async\" width=\"2560\" height=\"1282\" src=\"https:\/\/hospitalsagratcormartorell.org\/entre-tots\/wp-content\/uploads\/2023\/12\/Captura-de-pantalla-2023-12-04-a-les-16.20.42-scaled.jpg\" alt=\"\" class=\"wp-block-getwid-video-popup__image wp-block-getwid-video-popup__source wp-image-7631\" srcset=\"https:\/\/fundaciohospitalariesmartorell.org\/entre-tots\/wp-content\/uploads\/2023\/12\/Captura-de-pantalla-2023-12-04-a-les-16.20.42-scaled.jpg 2560w, https:\/\/fundaciohospitalariesmartorell.org\/entre-tots\/wp-content\/uploads\/2023\/12\/Captura-de-pantalla-2023-12-04-a-les-16.20.42-300x150.jpg 300w, https:\/\/fundaciohospitalariesmartorell.org\/entre-tots\/wp-content\/uploads\/2023\/12\/Captura-de-pantalla-2023-12-04-a-les-16.20.42-1024x513.jpg 1024w, https:\/\/fundaciohospitalariesmartorell.org\/entre-tots\/wp-content\/uploads\/2023\/12\/Captura-de-pantalla-2023-12-04-a-les-16.20.42-768x385.jpg 768w, https:\/\/fundaciohospitalariesmartorell.org\/entre-tots\/wp-content\/uploads\/2023\/12\/Captura-de-pantalla-2023-12-04-a-les-16.20.42-1536x769.jpg 1536w, https:\/\/fundaciohospitalariesmartorell.org\/entre-tots\/wp-content\/uploads\/2023\/12\/Captura-de-pantalla-2023-12-04-a-les-16.20.42-2048x1026.jpg 2048w, https:\/\/fundaciohospitalariesmartorell.org\/entre-tots\/wp-content\/uploads\/2023\/12\/Captura-de-pantalla-2023-12-04-a-les-16.20.42-1320x661.jpg 1320w\" sizes=\"auto, (max-width: 2560px) 100vw, 2560px\" \/><div class=\"wp-block-getwid-video-popup__button is-style-default has-animation-pulse is-size-small\" style=\"border-color:var(--theme-palette-color-1, #8c124e)\"><div class=\"wp-block-getwid-video-popup__icon has-background has-palette-color-1-background-color\" style=\"border-color:var(--theme-palette-color-1, #8c124e)\"><i class=\"fas fa-play\" aria-hidden=\"true\"><\/i><\/div><\/div><\/div><\/a><div class=\"wp-block-getwid-video-popup__caption\"><\/div><\/div>\n\n\n\n<p>Roberto Narvaiz ens recorda que som uns privilegiats pel fet de disposar del<strong> <\/strong>primer espai de silenci\/interconfessional de la Congregaci\u00f3 de Germanes Hospital\u00e0ries i ens convida a totes i tot a utilitzar-lo, i que es converteixi en un lloc molt especial, que es vagi omplint de bones sensacions a partir d\u2019experi\u00e8ncies de silenci, religioses, espirituals\u2026<\/p>\n","protected":false},"excerpt":{"rendered":"<p>L\u2019Hospital Sagrat Cor \u00e9s pioner, en l\u2019\u00e0mbit de tota la Congregaci\u00f3 de Germanes Hospital\u00e0ries, en disposar d\u2019un espai silenci\/interconfessional, el qual es va posar en marxa el passat mes de setembre i es va inaugurar oficialment el 21 de novembre. Es troba ubicat a l\u2019edifici social del Centre, una zona bastant transitada de l\u2019Hospital, i [&hellip;]<\/p>\n","protected":false},"author":2,"featured_media":7627,"comment_status":"closed","ping_status":"closed","sticky":false,"template":"","format":"standard","meta":{"footnotes":""},"categories":[28],"tags":[],"class_list":["post-7624","post","type-post","status-publish","format-standard","has-post-thumbnail","hentry","category-tot-aixo-es-nostre"],"blocksy_meta":{"styles_descriptor":{"styles":{"desktop":"","tablet":"","mobile":""},"google_fonts":[],"version":6}},"featured_image_urls_v2":{"full":["https:\/\/fundaciohospitalariesmartorell.org\/entre-tots\/wp-content\/uploads\/2023\/12\/d6b09c2d-7fd0-4cdd-84cd-65b1339940b3.jpeg",1600,1200,false],"thumbnail":["https:\/\/fundaciohospitalariesmartorell.org\/entre-tots\/wp-content\/uploads\/2023\/12\/d6b09c2d-7fd0-4cdd-84cd-65b1339940b3-150x150.jpeg",150,150,true],"medium":["https:\/\/fundaciohospitalariesmartorell.org\/entre-tots\/wp-content\/uploads\/2023\/12\/d6b09c2d-7fd0-4cdd-84cd-65b1339940b3-300x225.jpeg",300,225,true],"medium_large":["https:\/\/fundaciohospitalariesmartorell.org\/entre-tots\/wp-content\/uploads\/2023\/12\/d6b09c2d-7fd0-4cdd-84cd-65b1339940b3-768x576.jpeg",768,576,true],"large":["https:\/\/fundaciohospitalariesmartorell.org\/entre-tots\/wp-content\/uploads\/2023\/12\/d6b09c2d-7fd0-4cdd-84cd-65b1339940b3-1024x768.jpeg",1024,768,true],"1536x1536":["https:\/\/fundaciohospitalariesmartorell.org\/entre-tots\/wp-content\/uploads\/2023\/12\/d6b09c2d-7fd0-4cdd-84cd-65b1339940b3-1536x1152.jpeg",1536,1152,true],"2048x2048":["https:\/\/fundaciohospitalariesmartorell.org\/entre-tots\/wp-content\/uploads\/2023\/12\/d6b09c2d-7fd0-4cdd-84cd-65b1339940b3.jpeg",1600,1200,false],"mailpoet_newsletter_max":["https:\/\/fundaciohospitalariesmartorell.org\/entre-tots\/wp-content\/uploads\/2023\/12\/d6b09c2d-7fd0-4cdd-84cd-65b1339940b3-1320x990.jpeg",1320,990,true]},"post_excerpt_stackable_v2":"<p>L\u2019Hospital Sagrat Cor \u00e9s pioner, en l\u2019\u00e0mbit de tota la Congregaci\u00f3 de Germanes Hospital\u00e0ries, en disposar d\u2019un espai silenci\/interconfessional, el qual es va posar en marxa el passat mes de setembre i es va inaugurar oficialment el 21 de novembre. Es troba ubicat a l\u2019edifici social del Centre, una zona bastant transitada de l\u2019Hospital, i estar\u00e0 sempre obert, igual que la capella de l\u2019Hospital. Aquest espai es va crear amb l\u2019objectiu de donar resposta a dues realitats necess\u00e0ries per a la comunitat hospital\u00e0ria: acollir i possibilitar la pluralitat de creences, i oferir un espai que permeti beneficiar-se del silenci com&hellip;<\/p>\n","category_list_v2":"<a href=\"https:\/\/fundaciohospitalariesmartorell.org\/entre-tots\/category\/tot-aixo-es-nostre\/\" rel=\"category tag\">TOT AIX\u00d2 \u00c9S NOSTRE<\/a>","author_info_v2":{"name":"Sagrat Cor","url":"https:\/\/fundaciohospitalariesmartorell.org\/entre-tots\/author\/daniel\/"},"comments_num_v2":"0 comments","_links":{"self":[{"href":"https:\/\/fundaciohospitalariesmartorell.org\/entre-tots\/wp-json\/wp\/v2\/posts\/7624","targetHints":{"allow":["GET"]}}],"collection":[{"href":"https:\/\/fundaciohospitalariesmartorell.org\/entre-tots\/wp-json\/wp\/v2\/posts"}],"about":[{"href":"https:\/\/fundaciohospitalariesmartorell.org\/entre-tots\/wp-json\/wp\/v2\/types\/post"}],"author":[{"embeddable":true,"href":"https:\/\/fundaciohospitalariesmartorell.org\/entre-tots\/wp-json\/wp\/v2\/users\/2"}],"replies":[{"embeddable":true,"href":"https:\/\/fundaciohospitalariesmartorell.org\/entre-tots\/wp-json\/wp\/v2\/comments?post=7624"}],"version-history":[{"count":5,"href":"https:\/\/fundaciohospitalariesmartorell.org\/entre-tots\/wp-json\/wp\/v2\/posts\/7624\/revisions"}],"predecessor-version":[{"id":7668,"href":"https:\/\/fundaciohospitalariesmartorell.org\/entre-tots\/wp-json\/wp\/v2\/posts\/7624\/revisions\/7668"}],"wp:featuredmedia":[{"embeddable":true,"href":"https:\/\/fundaciohospitalariesmartorell.org\/entre-tots\/wp-json\/wp\/v2\/media\/7627"}],"wp:attachment":[{"href":"https:\/\/fundaciohospitalariesmartorell.org\/entre-tots\/wp-json\/wp\/v2\/media?parent=7624"}],"wp:term":[{"taxonomy":"category","embeddable":true,"href":"https:\/\/fundaciohospitalariesmartorell.org\/entre-tots\/wp-json\/wp\/v2\/categories?post=7624"},{"taxonomy":"post_tag","embeddable":true,"href":"https:\/\/fundaciohospitalariesmartorell.org\/entre-tots\/wp-json\/wp\/v2\/tags?post=7624"}],"curies":[{"name":"wp","href":"https:\/\/api.w.org\/{rel}","templated":true}]}}