{"id":7689,"date":"2023-12-28T11:50:17","date_gmt":"2023-12-28T09:50:17","guid":{"rendered":"https:\/\/hospitalsagratcormartorell.org\/entre-tots\/?p=7689"},"modified":"2023-12-29T12:15:42","modified_gmt":"2023-12-29T10:15:42","slug":"lhospital-sagrat-cor-organitza-el-primer-taller-decografia-musculoesqueletica","status":"publish","type":"post","link":"https:\/\/fundaciohospitalariesmartorell.org\/entre-tots\/2023\/12\/lhospital-sagrat-cor-organitza-el-primer-taller-decografia-musculoesqueletica\/","title":{"rendered":"L&#8217;Hospital Sagrat Cor organitza el primer taller d&#8217;Ecografia Musculoesquel\u00e8tica"},"content":{"rendered":"<figure class=\"wp-block-post-featured-image\"><img loading=\"lazy\" decoding=\"async\" width=\"1280\" height=\"883\" src=\"https:\/\/fundaciohospitalariesmartorell.org\/entre-tots\/wp-content\/uploads\/2023\/12\/Captura-de-pantalla-2023-12-28-a-las-10.49.06.png\" class=\"attachment-post-thumbnail size-post-thumbnail wp-post-image\" alt=\"\" style=\"object-fit:cover;\" srcset=\"https:\/\/fundaciohospitalariesmartorell.org\/entre-tots\/wp-content\/uploads\/2023\/12\/Captura-de-pantalla-2023-12-28-a-las-10.49.06.png 1280w, https:\/\/fundaciohospitalariesmartorell.org\/entre-tots\/wp-content\/uploads\/2023\/12\/Captura-de-pantalla-2023-12-28-a-las-10.49.06-300x207.png 300w, https:\/\/fundaciohospitalariesmartorell.org\/entre-tots\/wp-content\/uploads\/2023\/12\/Captura-de-pantalla-2023-12-28-a-las-10.49.06-1024x706.png 1024w, https:\/\/fundaciohospitalariesmartorell.org\/entre-tots\/wp-content\/uploads\/2023\/12\/Captura-de-pantalla-2023-12-28-a-las-10.49.06-768x530.png 768w\" sizes=\"auto, (max-width: 1280px) 100vw, 1280px\" \/><\/figure>\n\n\n<p>Els dies 23 de novembre i 1 de desembre es va celebrar un taller d&#8217;Ecografia Musculoesquel\u00e8tica a l&#8217;Hospital Sagrat Cor. La Comissi\u00f3 de Doc\u00e8ncia del Centre va respondre aix\u00ed a una petici\u00f3 del Servei de Rehabilitaci\u00f3 F\u00edsica, que d&#8217;aquesta manera volia tant oferir formaci\u00f3 a fisioterapeutes que encara no tenien experi\u00e8ncia en aquesta eina com actualitzar els coneixements de qui ja la fa servir. En aquesta formaci\u00f3 hi van participar set professionals: cinc fisioterapeutes del Servei de Rehabilitaci\u00f3 F\u00edsica i dos professionals de l\u2019equip m\u00e8dic del PADES.<\/p>\n\n\n\n<figure class=\"wp-block-gallery has-nested-images columns-default is-cropped wp-block-gallery-1 is-layout-flex wp-block-gallery-is-layout-flex\">\n<figure class=\"wp-block-image size-large\"><img loading=\"lazy\" decoding=\"async\" width=\"576\" height=\"1024\" data-id=\"7694\" src=\"https:\/\/hospitalsagratcormartorell.org\/entre-tots\/wp-content\/uploads\/2023\/12\/1702539689375-576x1024.jpg\" alt=\"\" class=\"wp-image-7694\" srcset=\"https:\/\/fundaciohospitalariesmartorell.org\/entre-tots\/wp-content\/uploads\/2023\/12\/1702539689375-576x1024.jpg 576w, https:\/\/fundaciohospitalariesmartorell.org\/entre-tots\/wp-content\/uploads\/2023\/12\/1702539689375-169x300.jpg 169w, https:\/\/fundaciohospitalariesmartorell.org\/entre-tots\/wp-content\/uploads\/2023\/12\/1702539689375-768x1365.jpg 768w, https:\/\/fundaciohospitalariesmartorell.org\/entre-tots\/wp-content\/uploads\/2023\/12\/1702539689375-864x1536.jpg 864w, https:\/\/fundaciohospitalariesmartorell.org\/entre-tots\/wp-content\/uploads\/2023\/12\/1702539689375-1152x2048.jpg 1152w, https:\/\/fundaciohospitalariesmartorell.org\/entre-tots\/wp-content\/uploads\/2023\/12\/1702539689375-1320x2347.jpg 1320w, https:\/\/fundaciohospitalariesmartorell.org\/entre-tots\/wp-content\/uploads\/2023\/12\/1702539689375-scaled.jpg 1440w\" sizes=\"auto, (max-width: 576px) 100vw, 576px\" \/><\/figure>\n\n\n\n<figure class=\"wp-block-image size-large\"><img loading=\"lazy\" decoding=\"async\" width=\"576\" height=\"1024\" data-id=\"7691\" src=\"https:\/\/hospitalsagratcormartorell.org\/entre-tots\/wp-content\/uploads\/2023\/12\/1702539689354-576x1024.jpg\" alt=\"\" class=\"wp-image-7691\" srcset=\"https:\/\/fundaciohospitalariesmartorell.org\/entre-tots\/wp-content\/uploads\/2023\/12\/1702539689354-576x1024.jpg 576w, https:\/\/fundaciohospitalariesmartorell.org\/entre-tots\/wp-content\/uploads\/2023\/12\/1702539689354-169x300.jpg 169w, https:\/\/fundaciohospitalariesmartorell.org\/entre-tots\/wp-content\/uploads\/2023\/12\/1702539689354-768x1365.jpg 768w, https:\/\/fundaciohospitalariesmartorell.org\/entre-tots\/wp-content\/uploads\/2023\/12\/1702539689354-864x1536.jpg 864w, https:\/\/fundaciohospitalariesmartorell.org\/entre-tots\/wp-content\/uploads\/2023\/12\/1702539689354-1152x2048.jpg 1152w, https:\/\/fundaciohospitalariesmartorell.org\/entre-tots\/wp-content\/uploads\/2023\/12\/1702539689354-1320x2347.jpg 1320w, https:\/\/fundaciohospitalariesmartorell.org\/entre-tots\/wp-content\/uploads\/2023\/12\/1702539689354-scaled.jpg 1440w\" sizes=\"auto, (max-width: 576px) 100vw, 576px\" \/><\/figure>\n<\/figure>\n\n\n\n<p>Isaac Serrano, fisioterapeuta que actualment treballa per al primer equip del F.C. Barcelona, va ser l&#8217;encarregat d&#8217;impartir aquest curs. Es tracta d&#8217;un professional que fa molts anys que est\u00e0 lligat al futbol professional i que t\u00e9 una gran experi\u00e8ncia i coneixements molt avan\u00e7ats en aquest tipus d&#8217;ecografia. \u201cSerrano va treballar fa molt temps al nostre Hospital i guarda un bon record del Centre, i per aix\u00f2 va acceptar participar en aquesta formaci\u00f3\u201d, explica Juan Antonio Guzm\u00e1n, responsable del Servei de Rehabilitaci\u00f3 F\u00edsica. <\/p>\n\n\n\n<p>L&#8217;ecografia musculoesquel\u00e8tica permet tenir imatges en l&#8217;\u00e0mbit muscular, tendin\u00f3s i lligament\u00f3s. Aix\u00ed, es tracta d&#8217;una eina que t\u00e9 aplicacions tant en el diagn\u00f2stic, per poder confirmar o descartar possibles lesions, com en el tractament, ja que quan s&#8217;est\u00e0 duent a terme una ter\u00e0pia invasiva, com pot ser una infiltraci\u00f3 o una neuromodulaci\u00f3 percut\u00e0nia, permet visualitzar millor les estructures del cos on s&#8217;ha de realitzar la ter\u00e0pia. \u201cAquest ha estat un curs b\u00e0sic i la nostra intenci\u00f3 \u00e9s que m\u00e9s endavant se&#8217;n pugui impartir un altre de m\u00e9s avan\u00e7at\u201d, afirma Guzm\u00e1n.<\/p>\n","protected":false},"excerpt":{"rendered":"<p>Els dies 23 de novembre i 1 de desembre es va celebrar un taller d&#8217;Ecografia Musculoesquel\u00e8tica a l&#8217;Hospital Sagrat Cor. La Comissi\u00f3 de Doc\u00e8ncia del Centre va respondre aix\u00ed a una petici\u00f3 del Servei de Rehabilitaci\u00f3 F\u00edsica, que d&#8217;aquesta manera volia tant oferir formaci\u00f3 a fisioterapeutes que encara no tenien experi\u00e8ncia en aquesta eina com [&hellip;]<\/p>\n","protected":false},"author":2,"featured_media":7695,"comment_status":"closed","ping_status":"closed","sticky":false,"template":"","format":"standard","meta":{"footnotes":""},"categories":[27],"tags":[],"class_list":["post-7689","post","type-post","status-publish","format-standard","has-post-thumbnail","hentry","category-actualitat"],"blocksy_meta":{"styles_descriptor":{"styles":{"desktop":"","tablet":"","mobile":""},"google_fonts":[],"version":6}},"featured_image_urls_v2":{"full":["https:\/\/fundaciohospitalariesmartorell.org\/entre-tots\/wp-content\/uploads\/2023\/12\/Captura-de-pantalla-2023-12-28-a-las-10.49.06.png",1280,883,false],"thumbnail":["https:\/\/fundaciohospitalariesmartorell.org\/entre-tots\/wp-content\/uploads\/2023\/12\/Captura-de-pantalla-2023-12-28-a-las-10.49.06-150x150.png",150,150,true],"medium":["https:\/\/fundaciohospitalariesmartorell.org\/entre-tots\/wp-content\/uploads\/2023\/12\/Captura-de-pantalla-2023-12-28-a-las-10.49.06-300x207.png",300,207,true],"medium_large":["https:\/\/fundaciohospitalariesmartorell.org\/entre-tots\/wp-content\/uploads\/2023\/12\/Captura-de-pantalla-2023-12-28-a-las-10.49.06-768x530.png",768,530,true],"large":["https:\/\/fundaciohospitalariesmartorell.org\/entre-tots\/wp-content\/uploads\/2023\/12\/Captura-de-pantalla-2023-12-28-a-las-10.49.06-1024x706.png",1024,706,true],"1536x1536":["https:\/\/fundaciohospitalariesmartorell.org\/entre-tots\/wp-content\/uploads\/2023\/12\/Captura-de-pantalla-2023-12-28-a-las-10.49.06.png",1280,883,false],"2048x2048":["https:\/\/fundaciohospitalariesmartorell.org\/entre-tots\/wp-content\/uploads\/2023\/12\/Captura-de-pantalla-2023-12-28-a-las-10.49.06.png",1280,883,false],"mailpoet_newsletter_max":["https:\/\/fundaciohospitalariesmartorell.org\/entre-tots\/wp-content\/uploads\/2023\/12\/Captura-de-pantalla-2023-12-28-a-las-10.49.06.png",1280,883,false]},"post_excerpt_stackable_v2":"<p>Els dies 23 de novembre i 1 de desembre es va celebrar un taller d&#8217;Ecografia Musculoesquel\u00e8tica a l&#8217;Hospital Sagrat Cor. La Comissi\u00f3 de Doc\u00e8ncia del Centre va respondre aix\u00ed a una petici\u00f3 del Servei de Rehabilitaci\u00f3 F\u00edsica, que d&#8217;aquesta manera volia tant oferir formaci\u00f3 a fisioterapeutes que encara no tenien experi\u00e8ncia en aquesta eina com actualitzar els coneixements de qui ja la fa servir. En aquesta formaci\u00f3 hi van participar set professionals: cinc fisioterapeutes del Servei de Rehabilitaci\u00f3 F\u00edsica i dos professionals de l\u2019equip m\u00e8dic del PADES. Isaac Serrano, fisioterapeuta que actualment treballa per al primer equip del F.C. Barcelona,&hellip;<\/p>\n","category_list_v2":"<a href=\"https:\/\/fundaciohospitalariesmartorell.org\/entre-tots\/category\/actualitat\/\" rel=\"category tag\">ACTUALITAT<\/a>","author_info_v2":{"name":"Sagrat Cor","url":"https:\/\/fundaciohospitalariesmartorell.org\/entre-tots\/author\/daniel\/"},"comments_num_v2":"0 comments","_links":{"self":[{"href":"https:\/\/fundaciohospitalariesmartorell.org\/entre-tots\/wp-json\/wp\/v2\/posts\/7689","targetHints":{"allow":["GET"]}}],"collection":[{"href":"https:\/\/fundaciohospitalariesmartorell.org\/entre-tots\/wp-json\/wp\/v2\/posts"}],"about":[{"href":"https:\/\/fundaciohospitalariesmartorell.org\/entre-tots\/wp-json\/wp\/v2\/types\/post"}],"author":[{"embeddable":true,"href":"https:\/\/fundaciohospitalariesmartorell.org\/entre-tots\/wp-json\/wp\/v2\/users\/2"}],"replies":[{"embeddable":true,"href":"https:\/\/fundaciohospitalariesmartorell.org\/entre-tots\/wp-json\/wp\/v2\/comments?post=7689"}],"version-history":[{"count":4,"href":"https:\/\/fundaciohospitalariesmartorell.org\/entre-tots\/wp-json\/wp\/v2\/posts\/7689\/revisions"}],"predecessor-version":[{"id":7864,"href":"https:\/\/fundaciohospitalariesmartorell.org\/entre-tots\/wp-json\/wp\/v2\/posts\/7689\/revisions\/7864"}],"wp:featuredmedia":[{"embeddable":true,"href":"https:\/\/fundaciohospitalariesmartorell.org\/entre-tots\/wp-json\/wp\/v2\/media\/7695"}],"wp:attachment":[{"href":"https:\/\/fundaciohospitalariesmartorell.org\/entre-tots\/wp-json\/wp\/v2\/media?parent=7689"}],"wp:term":[{"taxonomy":"category","embeddable":true,"href":"https:\/\/fundaciohospitalariesmartorell.org\/entre-tots\/wp-json\/wp\/v2\/categories?post=7689"},{"taxonomy":"post_tag","embeddable":true,"href":"https:\/\/fundaciohospitalariesmartorell.org\/entre-tots\/wp-json\/wp\/v2\/tags?post=7689"}],"curies":[{"name":"wp","href":"https:\/\/api.w.org\/{rel}","templated":true}]}}