{"id":7698,"date":"2023-12-28T11:55:35","date_gmt":"2023-12-28T09:55:35","guid":{"rendered":"https:\/\/hospitalsagratcormartorell.org\/entre-tots\/?p=7698"},"modified":"2023-12-29T12:13:21","modified_gmt":"2023-12-29T10:13:21","slug":"el-dr-sanchez-explica-lexperiencia-de-la-sala-de-snoezelen-de-lhospital-a-un-curs-de-la-sepg","status":"publish","type":"post","link":"https:\/\/fundaciohospitalariesmartorell.org\/entre-tots\/2023\/12\/el-dr-sanchez-explica-lexperiencia-de-la-sala-de-snoezelen-de-lhospital-a-un-curs-de-la-sepg\/","title":{"rendered":"El Dr. S\u00e1nchez explica l&#8217;experi\u00e8ncia de la sala d&#8217;Snoezelen de l&#8217;Hospital a un curs de la SEPG"},"content":{"rendered":"<figure class=\"wp-block-post-featured-image\"><img loading=\"lazy\" decoding=\"async\" width=\"2048\" height=\"1536\" src=\"https:\/\/fundaciohospitalariesmartorell.org\/entre-tots\/wp-content\/uploads\/2023\/12\/0d31d326-9d7c-42d6-9d73-7d455860b3d2.jpeg\" class=\"attachment-post-thumbnail size-post-thumbnail wp-post-image\" alt=\"\" style=\"object-fit:cover;\" srcset=\"https:\/\/fundaciohospitalariesmartorell.org\/entre-tots\/wp-content\/uploads\/2023\/12\/0d31d326-9d7c-42d6-9d73-7d455860b3d2.jpeg 2048w, https:\/\/fundaciohospitalariesmartorell.org\/entre-tots\/wp-content\/uploads\/2023\/12\/0d31d326-9d7c-42d6-9d73-7d455860b3d2-300x225.jpeg 300w, https:\/\/fundaciohospitalariesmartorell.org\/entre-tots\/wp-content\/uploads\/2023\/12\/0d31d326-9d7c-42d6-9d73-7d455860b3d2-1024x768.jpeg 1024w, https:\/\/fundaciohospitalariesmartorell.org\/entre-tots\/wp-content\/uploads\/2023\/12\/0d31d326-9d7c-42d6-9d73-7d455860b3d2-768x576.jpeg 768w, https:\/\/fundaciohospitalariesmartorell.org\/entre-tots\/wp-content\/uploads\/2023\/12\/0d31d326-9d7c-42d6-9d73-7d455860b3d2-1536x1152.jpeg 1536w, https:\/\/fundaciohospitalariesmartorell.org\/entre-tots\/wp-content\/uploads\/2023\/12\/0d31d326-9d7c-42d6-9d73-7d455860b3d2-1320x990.jpeg 1320w\" sizes=\"auto, (max-width: 2048px) 100vw, 2048px\" \/><\/figure>\n\n\n<p>El 15 de desembre va tenir lloc a Madrid el IV Curs d&#8217;Atenci\u00f3 i Intervenci\u00f3 Multidisciplin\u00e0ria en Dem\u00e8ncia de la Sociedad Espa\u00f1ola de Psicogeriatr\u00eda (SEPG). El doctor Manel S\u00e1nchez, subdirector m\u00e8dic de l&#8217;Hospital Sagrat Cor i president d&#8217;aquesta societat, va participar en una de les taules rodones que formaven part del curs, en la qual s&#8217;explicaven tractaments no farmacol\u00f2gics de la dem\u00e8ncia.<\/p>\n\n\n\n<p>El Dr. S\u00e1nchez va donar a con\u00e8ixer el funcionament i els resultats obtinguts amb l&#8217;\u00fas de la sala d&#8217;Snoezelen de l&#8217;Hospital. \u00c9s una sala multisensorial en la qual els i les pacients reben est\u00edmuls com llums de colors, m\u00fasica, olors i fins i tot t\u00e0ctils. \u201cHem demostrat que la intervenci\u00f3 en una sala d&#8217;aquestes caracter\u00edstiques en pacients amb dem\u00e8ncia, preferiblement avan\u00e7ada, ajuda a reduir significativament els trastorns de conducta que tenen sovint\u201d, destaca. <\/p>\n\n\n\n<p>Per assolir aquests resultats, a l&#8217;Hospital Sagrat Cor es va establir un protocol consistent en sessions de trenta minuts dos cops a la setmana. En la seva intervenci\u00f3, el Dr. S\u00e1nchez tamb\u00e9 va comentar que, quan els resultats aconseguits gr\u00e0cies a la sala multisensorial es tornen duradors, tamb\u00e9 \u00e9s possible reduir l&#8217;\u00fas de psicof\u00e0rmacs que es fan servir per controlar-los la conducta. Tant el funcionament d&#8217;aquesta sala com els resultats obtinguts formen part d&#8217;un estudi pilot que \u00e9s la tesi doctoral del nostre subdirector m\u00e8dic.<\/p>\n","protected":false},"excerpt":{"rendered":"<p>El 15 de desembre va tenir lloc a Madrid el IV Curs d&#8217;Atenci\u00f3 i Intervenci\u00f3 Multidisciplin\u00e0ria en Dem\u00e8ncia de la Sociedad Espa\u00f1ola de Psicogeriatr\u00eda (SEPG). El doctor Manel S\u00e1nchez, subdirector m\u00e8dic de l&#8217;Hospital Sagrat Cor i president d&#8217;aquesta societat, va participar en una de les taules rodones que formaven part del curs, en la qual [&hellip;]<\/p>\n","protected":false},"author":2,"featured_media":7700,"comment_status":"closed","ping_status":"closed","sticky":false,"template":"","format":"standard","meta":{"footnotes":""},"categories":[27],"tags":[],"class_list":["post-7698","post","type-post","status-publish","format-standard","has-post-thumbnail","hentry","category-actualitat"],"blocksy_meta":{"styles_descriptor":{"styles":{"desktop":"","tablet":"","mobile":""},"google_fonts":[],"version":6}},"featured_image_urls_v2":{"full":["https:\/\/fundaciohospitalariesmartorell.org\/entre-tots\/wp-content\/uploads\/2023\/12\/0d31d326-9d7c-42d6-9d73-7d455860b3d2.jpeg",2048,1536,false],"thumbnail":["https:\/\/fundaciohospitalariesmartorell.org\/entre-tots\/wp-content\/uploads\/2023\/12\/0d31d326-9d7c-42d6-9d73-7d455860b3d2-150x150.jpeg",150,150,true],"medium":["https:\/\/fundaciohospitalariesmartorell.org\/entre-tots\/wp-content\/uploads\/2023\/12\/0d31d326-9d7c-42d6-9d73-7d455860b3d2-300x225.jpeg",300,225,true],"medium_large":["https:\/\/fundaciohospitalariesmartorell.org\/entre-tots\/wp-content\/uploads\/2023\/12\/0d31d326-9d7c-42d6-9d73-7d455860b3d2-768x576.jpeg",768,576,true],"large":["https:\/\/fundaciohospitalariesmartorell.org\/entre-tots\/wp-content\/uploads\/2023\/12\/0d31d326-9d7c-42d6-9d73-7d455860b3d2-1024x768.jpeg",1024,768,true],"1536x1536":["https:\/\/fundaciohospitalariesmartorell.org\/entre-tots\/wp-content\/uploads\/2023\/12\/0d31d326-9d7c-42d6-9d73-7d455860b3d2-1536x1152.jpeg",1536,1152,true],"2048x2048":["https:\/\/fundaciohospitalariesmartorell.org\/entre-tots\/wp-content\/uploads\/2023\/12\/0d31d326-9d7c-42d6-9d73-7d455860b3d2.jpeg",2048,1536,false],"mailpoet_newsletter_max":["https:\/\/fundaciohospitalariesmartorell.org\/entre-tots\/wp-content\/uploads\/2023\/12\/0d31d326-9d7c-42d6-9d73-7d455860b3d2-1320x990.jpeg",1320,990,true]},"post_excerpt_stackable_v2":"<p>El 15 de desembre va tenir lloc a Madrid el IV Curs d&#8217;Atenci\u00f3 i Intervenci\u00f3 Multidisciplin\u00e0ria en Dem\u00e8ncia de la Sociedad Espa\u00f1ola de Psicogeriatr\u00eda (SEPG). El doctor Manel S\u00e1nchez, subdirector m\u00e8dic de l&#8217;Hospital Sagrat Cor i president d&#8217;aquesta societat, va participar en una de les taules rodones que formaven part del curs, en la qual s&#8217;explicaven tractaments no farmacol\u00f2gics de la dem\u00e8ncia. El Dr. S\u00e1nchez va donar a con\u00e8ixer el funcionament i els resultats obtinguts amb l&#8217;\u00fas de la sala d&#8217;Snoezelen de l&#8217;Hospital. \u00c9s una sala multisensorial en la qual els i les pacients reben est\u00edmuls com llums de colors,&hellip;<\/p>\n","category_list_v2":"<a href=\"https:\/\/fundaciohospitalariesmartorell.org\/entre-tots\/category\/actualitat\/\" rel=\"category tag\">ACTUALITAT<\/a>","author_info_v2":{"name":"Sagrat Cor","url":"https:\/\/fundaciohospitalariesmartorell.org\/entre-tots\/author\/daniel\/"},"comments_num_v2":"0 comments","_links":{"self":[{"href":"https:\/\/fundaciohospitalariesmartorell.org\/entre-tots\/wp-json\/wp\/v2\/posts\/7698","targetHints":{"allow":["GET"]}}],"collection":[{"href":"https:\/\/fundaciohospitalariesmartorell.org\/entre-tots\/wp-json\/wp\/v2\/posts"}],"about":[{"href":"https:\/\/fundaciohospitalariesmartorell.org\/entre-tots\/wp-json\/wp\/v2\/types\/post"}],"author":[{"embeddable":true,"href":"https:\/\/fundaciohospitalariesmartorell.org\/entre-tots\/wp-json\/wp\/v2\/users\/2"}],"replies":[{"embeddable":true,"href":"https:\/\/fundaciohospitalariesmartorell.org\/entre-tots\/wp-json\/wp\/v2\/comments?post=7698"}],"version-history":[{"count":3,"href":"https:\/\/fundaciohospitalariesmartorell.org\/entre-tots\/wp-json\/wp\/v2\/posts\/7698\/revisions"}],"predecessor-version":[{"id":7862,"href":"https:\/\/fundaciohospitalariesmartorell.org\/entre-tots\/wp-json\/wp\/v2\/posts\/7698\/revisions\/7862"}],"wp:featuredmedia":[{"embeddable":true,"href":"https:\/\/fundaciohospitalariesmartorell.org\/entre-tots\/wp-json\/wp\/v2\/media\/7700"}],"wp:attachment":[{"href":"https:\/\/fundaciohospitalariesmartorell.org\/entre-tots\/wp-json\/wp\/v2\/media?parent=7698"}],"wp:term":[{"taxonomy":"category","embeddable":true,"href":"https:\/\/fundaciohospitalariesmartorell.org\/entre-tots\/wp-json\/wp\/v2\/categories?post=7698"},{"taxonomy":"post_tag","embeddable":true,"href":"https:\/\/fundaciohospitalariesmartorell.org\/entre-tots\/wp-json\/wp\/v2\/tags?post=7698"}],"curies":[{"name":"wp","href":"https:\/\/api.w.org\/{rel}","templated":true}]}}