{"id":7702,"date":"2023-12-28T12:12:04","date_gmt":"2023-12-28T10:12:04","guid":{"rendered":"https:\/\/hospitalsagratcormartorell.org\/entre-tots\/?p=7702"},"modified":"2023-12-29T12:35:38","modified_gmt":"2023-12-29T10:35:38","slug":"participem-a-lacte-de-signatura-del-compromis-del-garraf-contra-les-violencies-masclistes","status":"publish","type":"post","link":"https:\/\/fundaciohospitalariesmartorell.org\/entre-tots\/2023\/12\/participem-a-lacte-de-signatura-del-compromis-del-garraf-contra-les-violencies-masclistes\/","title":{"rendered":"Participem a l&#8217;acte de signatura del comprom\u00eds del Garraf contra les viol\u00e8ncies masclistes"},"content":{"rendered":"<figure class=\"wp-block-post-featured-image\"><img loading=\"lazy\" decoding=\"async\" width=\"1371\" height=\"912\" src=\"https:\/\/fundaciohospitalariesmartorell.org\/entre-tots\/wp-content\/uploads\/2023\/12\/Captura-de-pantalla-2023-12-28-a-las-10.58.13.png\" class=\"attachment-post-thumbnail size-post-thumbnail wp-post-image\" alt=\"\" style=\"object-fit:cover;\" srcset=\"https:\/\/fundaciohospitalariesmartorell.org\/entre-tots\/wp-content\/uploads\/2023\/12\/Captura-de-pantalla-2023-12-28-a-las-10.58.13.png 1371w, https:\/\/fundaciohospitalariesmartorell.org\/entre-tots\/wp-content\/uploads\/2023\/12\/Captura-de-pantalla-2023-12-28-a-las-10.58.13-300x200.png 300w, https:\/\/fundaciohospitalariesmartorell.org\/entre-tots\/wp-content\/uploads\/2023\/12\/Captura-de-pantalla-2023-12-28-a-las-10.58.13-1024x681.png 1024w, https:\/\/fundaciohospitalariesmartorell.org\/entre-tots\/wp-content\/uploads\/2023\/12\/Captura-de-pantalla-2023-12-28-a-las-10.58.13-768x511.png 768w, https:\/\/fundaciohospitalariesmartorell.org\/entre-tots\/wp-content\/uploads\/2023\/12\/Captura-de-pantalla-2023-12-28-a-las-10.58.13-1320x878.png 1320w\" sizes=\"auto, (max-width: 1371px) 100vw, 1371px\" \/><\/figure>\n\n\n<p>El 22 de novembre, la comarca del Garraf va fer hist\u00f2ria amb la presentaci\u00f3 del Protocol Comarcal d&#8217;Abordatge Integral de les Viol\u00e8ncies Masclistes. Aquesta iniciativa representa un aven\u00e7 significatiu en la prevenci\u00f3 i la reparaci\u00f3 integral d&#8217;aquest tipus de viol\u00e8ncies, que consolida la coordinaci\u00f3 sense precedents entre tots els serveis i professionals implicats.<\/p>\n\n\n\n<p>Durant l&#8217;acte, celebrat a la Sala de les Voltes de la Masia d&#8217;en Cabanyes, seu del Consell Comarcal del Garraf, representants de les 18 institucions i administracions p\u00fabliques participants van signar conjuntament un comprom\u00eds per treballar des d&#8217;aquest nou paradigma d&#8217;intervenci\u00f3. Entre aquestes institucions hi havia l&#8217;Hospital Sagrat Cor representat per Miriam Rodr\u00edguez, psic\u00f2loga i referent de viol\u00e8ncia del Centre d&#8217;Atenci\u00f3 i Seguiment a les Drogodepend\u00e8ncies (CASD) de Vilanova i la Geltr\u00fa.<\/p>\n\n\n\n<figure data-wp-context=\"{&quot;imageId&quot;:&quot;69f2273f2db24&quot;}\" data-wp-interactive=\"core\/image\" data-wp-key=\"69f2273f2db24\" class=\"wp-block-image size-large wp-lightbox-container\"><img loading=\"lazy\" decoding=\"async\" width=\"1024\" height=\"683\" data-wp-class--hide=\"state.isContentHidden\" data-wp-class--show=\"state.isContentVisible\" data-wp-init=\"callbacks.setButtonStyles\" data-wp-on--click=\"actions.showLightbox\" data-wp-on--load=\"callbacks.setButtonStyles\" data-wp-on-window--resize=\"callbacks.setButtonStyles\" src=\"https:\/\/hospitalsagratcormartorell.org\/entre-tots\/wp-content\/uploads\/2023\/12\/CC-GARRAF-3-145-1024x683.jpg\" alt=\"\" class=\"wp-image-7705\" srcset=\"https:\/\/fundaciohospitalariesmartorell.org\/entre-tots\/wp-content\/uploads\/2023\/12\/CC-GARRAF-3-145-1024x683.jpg 1024w, https:\/\/fundaciohospitalariesmartorell.org\/entre-tots\/wp-content\/uploads\/2023\/12\/CC-GARRAF-3-145-300x200.jpg 300w, https:\/\/fundaciohospitalariesmartorell.org\/entre-tots\/wp-content\/uploads\/2023\/12\/CC-GARRAF-3-145-768x512.jpg 768w, https:\/\/fundaciohospitalariesmartorell.org\/entre-tots\/wp-content\/uploads\/2023\/12\/CC-GARRAF-3-145-1536x1024.jpg 1536w, https:\/\/fundaciohospitalariesmartorell.org\/entre-tots\/wp-content\/uploads\/2023\/12\/CC-GARRAF-3-145-2048x1365.jpg 2048w, https:\/\/fundaciohospitalariesmartorell.org\/entre-tots\/wp-content\/uploads\/2023\/12\/CC-GARRAF-3-145-1320x880.jpg 1320w\" sizes=\"auto, (max-width: 1024px) 100vw, 1024px\" \/><button\n\t\t\tclass=\"lightbox-trigger\"\n\t\t\ttype=\"button\"\n\t\t\taria-haspopup=\"dialog\"\n\t\t\taria-label=\"Amplia\"\n\t\t\tdata-wp-init=\"callbacks.initTriggerButton\"\n\t\t\tdata-wp-on--click=\"actions.showLightbox\"\n\t\t\tdata-wp-style--right=\"state.imageButtonRight\"\n\t\t\tdata-wp-style--top=\"state.imageButtonTop\"\n\t\t>\n\t\t\t<svg xmlns=\"http:\/\/www.w3.org\/2000\/svg\" width=\"12\" height=\"12\" fill=\"none\" viewBox=\"0 0 12 12\">\n\t\t\t\t<path fill=\"#fff\" d=\"M2 0a2 2 0 0 0-2 2v2h1.5V2a.5.5 0 0 1 .5-.5h2V0H2Zm2 10.5H2a.5.5 0 0 1-.5-.5V8H0v2a2 2 0 0 0 2 2h2v-1.5ZM8 12v-1.5h2a.5.5 0 0 0 .5-.5V8H12v2a2 2 0 0 1-2 2H8Zm2-12a2 2 0 0 1 2 2v2h-1.5V2a.5.5 0 0 0-.5-.5H8V0h2Z\" \/>\n\t\t\t<\/svg>\n\t\t<\/button><\/figure>\n\n\n\n<p>Aquests compromisos inclouen la prevenci\u00f3 i la reparaci\u00f3 integral de les viol\u00e8ncies masclistes, la promoci\u00f3 de la participaci\u00f3 de la xarxa per construir col\u00b7lectivament la garantia de drets i la no revictimitzaci\u00f3, i l&#8217;establiment d&#8217;un model \u00fanic i consensuat de recollida de dades.<\/p>\n\n\n\n<p>La presentaci\u00f3 del Protocol Comarcal d&#8217;Abordatge Integral representa un pas decidit cap a una societat lliure de viol\u00e8ncies masclistes. Els compromisos assumits i la signatura conjunta demostren la unitat i la determinaci\u00f3 de tots els agents implicats a treballar col\u00b7lectivament per erradicar aquesta xacra i garantir un futur m\u00e9s segur i just per a totes les persones de la comarca del Garraf. A m\u00e9s de la presentaci\u00f3 del protocol, els i les professionals assistents van rebre formaci\u00f3 crucial sobre la Dilig\u00e8ncia deguda, un nou concepte que obliga les institucions i els poders p\u00fablics a intervenir correctament per garantir els drets de les dones i del seu entorn proper.<\/p>\n","protected":false},"excerpt":{"rendered":"<p>El 22 de novembre, la comarca del Garraf va fer hist\u00f2ria amb la presentaci\u00f3 del Protocol Comarcal d&#8217;Abordatge Integral de les Viol\u00e8ncies Masclistes. Aquesta iniciativa representa un aven\u00e7 significatiu en la prevenci\u00f3 i la reparaci\u00f3 integral d&#8217;aquest tipus de viol\u00e8ncies, que consolida la coordinaci\u00f3 sense precedents entre tots els serveis i professionals implicats. Durant l&#8217;acte, [&hellip;]<\/p>\n","protected":false},"author":2,"featured_media":7706,"comment_status":"closed","ping_status":"closed","sticky":false,"template":"","format":"standard","meta":{"footnotes":""},"categories":[27],"tags":[],"class_list":["post-7702","post","type-post","status-publish","format-standard","has-post-thumbnail","hentry","category-actualitat"],"blocksy_meta":{"styles_descriptor":{"styles":{"desktop":"","tablet":"","mobile":""},"google_fonts":[],"version":6}},"featured_image_urls_v2":{"full":["https:\/\/fundaciohospitalariesmartorell.org\/entre-tots\/wp-content\/uploads\/2023\/12\/Captura-de-pantalla-2023-12-28-a-las-10.58.13.png",1371,912,false],"thumbnail":["https:\/\/fundaciohospitalariesmartorell.org\/entre-tots\/wp-content\/uploads\/2023\/12\/Captura-de-pantalla-2023-12-28-a-las-10.58.13-150x150.png",150,150,true],"medium":["https:\/\/fundaciohospitalariesmartorell.org\/entre-tots\/wp-content\/uploads\/2023\/12\/Captura-de-pantalla-2023-12-28-a-las-10.58.13-300x200.png",300,200,true],"medium_large":["https:\/\/fundaciohospitalariesmartorell.org\/entre-tots\/wp-content\/uploads\/2023\/12\/Captura-de-pantalla-2023-12-28-a-las-10.58.13-768x511.png",768,511,true],"large":["https:\/\/fundaciohospitalariesmartorell.org\/entre-tots\/wp-content\/uploads\/2023\/12\/Captura-de-pantalla-2023-12-28-a-las-10.58.13-1024x681.png",1024,681,true],"1536x1536":["https:\/\/fundaciohospitalariesmartorell.org\/entre-tots\/wp-content\/uploads\/2023\/12\/Captura-de-pantalla-2023-12-28-a-las-10.58.13.png",1371,912,false],"2048x2048":["https:\/\/fundaciohospitalariesmartorell.org\/entre-tots\/wp-content\/uploads\/2023\/12\/Captura-de-pantalla-2023-12-28-a-las-10.58.13.png",1371,912,false],"mailpoet_newsletter_max":["https:\/\/fundaciohospitalariesmartorell.org\/entre-tots\/wp-content\/uploads\/2023\/12\/Captura-de-pantalla-2023-12-28-a-las-10.58.13-1320x878.png",1320,878,true]},"post_excerpt_stackable_v2":"<p>El 22 de novembre, la comarca del Garraf va fer hist\u00f2ria amb la presentaci\u00f3 del Protocol Comarcal d&#8217;Abordatge Integral de les Viol\u00e8ncies Masclistes. Aquesta iniciativa representa un aven\u00e7 significatiu en la prevenci\u00f3 i la reparaci\u00f3 integral d&#8217;aquest tipus de viol\u00e8ncies, que consolida la coordinaci\u00f3 sense precedents entre tots els serveis i professionals implicats. Durant l&#8217;acte, celebrat a la Sala de les Voltes de la Masia d&#8217;en Cabanyes, seu del Consell Comarcal del Garraf, representants de les 18 institucions i administracions p\u00fabliques participants van signar conjuntament un comprom\u00eds per treballar des d&#8217;aquest nou paradigma d&#8217;intervenci\u00f3. Entre aquestes institucions hi havia l&#8217;Hospital&hellip;<\/p>\n","category_list_v2":"<a href=\"https:\/\/fundaciohospitalariesmartorell.org\/entre-tots\/category\/actualitat\/\" rel=\"category tag\">ACTUALITAT<\/a>","author_info_v2":{"name":"Sagrat Cor","url":"https:\/\/fundaciohospitalariesmartorell.org\/entre-tots\/author\/daniel\/"},"comments_num_v2":"0 comments","_links":{"self":[{"href":"https:\/\/fundaciohospitalariesmartorell.org\/entre-tots\/wp-json\/wp\/v2\/posts\/7702","targetHints":{"allow":["GET"]}}],"collection":[{"href":"https:\/\/fundaciohospitalariesmartorell.org\/entre-tots\/wp-json\/wp\/v2\/posts"}],"about":[{"href":"https:\/\/fundaciohospitalariesmartorell.org\/entre-tots\/wp-json\/wp\/v2\/types\/post"}],"author":[{"embeddable":true,"href":"https:\/\/fundaciohospitalariesmartorell.org\/entre-tots\/wp-json\/wp\/v2\/users\/2"}],"replies":[{"embeddable":true,"href":"https:\/\/fundaciohospitalariesmartorell.org\/entre-tots\/wp-json\/wp\/v2\/comments?post=7702"}],"version-history":[{"count":4,"href":"https:\/\/fundaciohospitalariesmartorell.org\/entre-tots\/wp-json\/wp\/v2\/posts\/7702\/revisions"}],"predecessor-version":[{"id":7877,"href":"https:\/\/fundaciohospitalariesmartorell.org\/entre-tots\/wp-json\/wp\/v2\/posts\/7702\/revisions\/7877"}],"wp:featuredmedia":[{"embeddable":true,"href":"https:\/\/fundaciohospitalariesmartorell.org\/entre-tots\/wp-json\/wp\/v2\/media\/7706"}],"wp:attachment":[{"href":"https:\/\/fundaciohospitalariesmartorell.org\/entre-tots\/wp-json\/wp\/v2\/media?parent=7702"}],"wp:term":[{"taxonomy":"category","embeddable":true,"href":"https:\/\/fundaciohospitalariesmartorell.org\/entre-tots\/wp-json\/wp\/v2\/categories?post=7702"},{"taxonomy":"post_tag","embeddable":true,"href":"https:\/\/fundaciohospitalariesmartorell.org\/entre-tots\/wp-json\/wp\/v2\/tags?post=7702"}],"curies":[{"name":"wp","href":"https:\/\/api.w.org\/{rel}","templated":true}]}}