{"id":7708,"date":"2023-12-28T12:14:12","date_gmt":"2023-12-28T10:14:12","guid":{"rendered":"https:\/\/hospitalsagratcormartorell.org\/entre-tots\/?p=7708"},"modified":"2023-12-29T12:10:52","modified_gmt":"2023-12-29T10:10:52","slug":"celebrem-el-dia-internacional-del-voluntariat","status":"publish","type":"post","link":"https:\/\/fundaciohospitalariesmartorell.org\/entre-tots\/2023\/12\/celebrem-el-dia-internacional-del-voluntariat\/","title":{"rendered":"Celebrem el Dia Internacional del Voluntariat"},"content":{"rendered":"\n<figure class=\"wp-block-image size-large\"><a href=\"https:\/\/www.youtube.com\/watch?v=tgiGjcWom34\" target=\"_blank\" rel=\"noreferrer noopener\"><img loading=\"lazy\" decoding=\"async\" width=\"1024\" height=\"576\" src=\"https:\/\/hospitalsagratcormartorell.org\/entre-tots\/wp-content\/uploads\/2023\/12\/23_12_SAGRAT-COR_DIA-VOLUNTARIADO-1024x576.jpg\" alt=\"\" class=\"wp-image-7710\" srcset=\"https:\/\/fundaciohospitalariesmartorell.org\/entre-tots\/wp-content\/uploads\/2023\/12\/23_12_SAGRAT-COR_DIA-VOLUNTARIADO-1024x576.jpg 1024w, https:\/\/fundaciohospitalariesmartorell.org\/entre-tots\/wp-content\/uploads\/2023\/12\/23_12_SAGRAT-COR_DIA-VOLUNTARIADO-300x169.jpg 300w, https:\/\/fundaciohospitalariesmartorell.org\/entre-tots\/wp-content\/uploads\/2023\/12\/23_12_SAGRAT-COR_DIA-VOLUNTARIADO-768x432.jpg 768w, https:\/\/fundaciohospitalariesmartorell.org\/entre-tots\/wp-content\/uploads\/2023\/12\/23_12_SAGRAT-COR_DIA-VOLUNTARIADO.jpg 1280w\" sizes=\"auto, (max-width: 1024px) 100vw, 1024px\" \/><\/a><\/figure>\n\n\n\n<p>El 5 de desembre, Dia Internacional del Voluntariat, l\u2019Hospital Sagrat Cor va organitzar un emotiu acte d\u2019agra\u00efment a les persones volunt\u00e0ries del Centre. Als voluntaris i volunt\u00e0ries presents a l\u2019acte se\u2019ls va regalar una planta de Nadal solid\u00e0ria\u00a0<a href=\"https:\/\/fbmenni.org\/38-yaunde-camerun\/\" target=\"_blank\" rel=\"noreferrer noopener\">amb el projecte de la Fundaci\u00f3 Benito Menni a Camerun<\/a>, aix\u00ed com d\u2019una ampolla d\u2019aigua on posa \u2018Gr\u00e0cies\u2019, personalitzada amb el logotip de l\u2019Hospital Sagrat Cor, feta per alumnes del Colegio Pur\u00edsima Concepci\u00f3n de Granada de Germanes Hospital\u00e0ries. Posteriorment, es va inaugurar una exposici\u00f3 amb quadres de Dori Raya, una de les volunt\u00e0ries, que ja fa set anys que pinta des que es va jubilar del nostre Centre.<\/p>\n\n\n\n<p>Podeu veure <a href=\"https:\/\/www.youtube.com\/watch?v=tgiGjcWom34\">un v\u00eddeo<\/a> que recull alguns dels moments de la celebraci\u00f3 i ampliar la informaci\u00f3 <a href=\"https:\/\/hospitalsagratcormartorell.org\/celebrem-el-dia-internacional-del-voluntariat\/\">aqu\u00ed<\/a>.<\/p>\n","protected":false},"excerpt":{"rendered":"<p>El 5 de desembre, Dia Internacional del Voluntariat, l\u2019Hospital Sagrat Cor va organitzar un emotiu acte d\u2019agra\u00efment a les persones volunt\u00e0ries del Centre. Als voluntaris i volunt\u00e0ries presents a l\u2019acte se\u2019ls va regalar una planta de Nadal solid\u00e0ria\u00a0amb el projecte de la Fundaci\u00f3 Benito Menni a Camerun, aix\u00ed com d\u2019una ampolla d\u2019aigua on posa \u2018Gr\u00e0cies\u2019, [&hellip;]<\/p>\n","protected":false},"author":2,"featured_media":7710,"comment_status":"closed","ping_status":"closed","sticky":false,"template":"","format":"standard","meta":{"footnotes":""},"categories":[27],"tags":[],"class_list":["post-7708","post","type-post","status-publish","format-standard","has-post-thumbnail","hentry","category-actualitat"],"blocksy_meta":{"styles_descriptor":{"styles":{"desktop":"","tablet":"","mobile":""},"google_fonts":[],"version":6}},"featured_image_urls_v2":{"full":["https:\/\/fundaciohospitalariesmartorell.org\/entre-tots\/wp-content\/uploads\/2023\/12\/23_12_SAGRAT-COR_DIA-VOLUNTARIADO.jpg",1280,720,false],"thumbnail":["https:\/\/fundaciohospitalariesmartorell.org\/entre-tots\/wp-content\/uploads\/2023\/12\/23_12_SAGRAT-COR_DIA-VOLUNTARIADO-150x150.jpg",150,150,true],"medium":["https:\/\/fundaciohospitalariesmartorell.org\/entre-tots\/wp-content\/uploads\/2023\/12\/23_12_SAGRAT-COR_DIA-VOLUNTARIADO-300x169.jpg",300,169,true],"medium_large":["https:\/\/fundaciohospitalariesmartorell.org\/entre-tots\/wp-content\/uploads\/2023\/12\/23_12_SAGRAT-COR_DIA-VOLUNTARIADO-768x432.jpg",768,432,true],"large":["https:\/\/fundaciohospitalariesmartorell.org\/entre-tots\/wp-content\/uploads\/2023\/12\/23_12_SAGRAT-COR_DIA-VOLUNTARIADO-1024x576.jpg",1024,576,true],"1536x1536":["https:\/\/fundaciohospitalariesmartorell.org\/entre-tots\/wp-content\/uploads\/2023\/12\/23_12_SAGRAT-COR_DIA-VOLUNTARIADO.jpg",1280,720,false],"2048x2048":["https:\/\/fundaciohospitalariesmartorell.org\/entre-tots\/wp-content\/uploads\/2023\/12\/23_12_SAGRAT-COR_DIA-VOLUNTARIADO.jpg",1280,720,false],"mailpoet_newsletter_max":["https:\/\/fundaciohospitalariesmartorell.org\/entre-tots\/wp-content\/uploads\/2023\/12\/23_12_SAGRAT-COR_DIA-VOLUNTARIADO.jpg",1280,720,false]},"post_excerpt_stackable_v2":"<p>El 5 de desembre, Dia Internacional del Voluntariat, l\u2019Hospital Sagrat Cor va organitzar un emotiu acte d\u2019agra\u00efment a les persones volunt\u00e0ries del Centre. Als voluntaris i volunt\u00e0ries presents a l\u2019acte se\u2019ls va regalar una planta de Nadal solid\u00e0ria\u00a0amb el projecte de la Fundaci\u00f3 Benito Menni a Camerun, aix\u00ed com d\u2019una ampolla d\u2019aigua on posa \u2018Gr\u00e0cies\u2019, personalitzada amb el logotip de l\u2019Hospital Sagrat Cor, feta per alumnes del Colegio Pur\u00edsima Concepci\u00f3n de Granada de Germanes Hospital\u00e0ries. Posteriorment, es va inaugurar una exposici\u00f3 amb quadres de Dori Raya, una de les volunt\u00e0ries, que ja fa set anys que pinta des que es&hellip;<\/p>\n","category_list_v2":"<a href=\"https:\/\/fundaciohospitalariesmartorell.org\/entre-tots\/category\/actualitat\/\" rel=\"category tag\">ACTUALITAT<\/a>","author_info_v2":{"name":"Sagrat Cor","url":"https:\/\/fundaciohospitalariesmartorell.org\/entre-tots\/author\/daniel\/"},"comments_num_v2":"0 comments","_links":{"self":[{"href":"https:\/\/fundaciohospitalariesmartorell.org\/entre-tots\/wp-json\/wp\/v2\/posts\/7708","targetHints":{"allow":["GET"]}}],"collection":[{"href":"https:\/\/fundaciohospitalariesmartorell.org\/entre-tots\/wp-json\/wp\/v2\/posts"}],"about":[{"href":"https:\/\/fundaciohospitalariesmartorell.org\/entre-tots\/wp-json\/wp\/v2\/types\/post"}],"author":[{"embeddable":true,"href":"https:\/\/fundaciohospitalariesmartorell.org\/entre-tots\/wp-json\/wp\/v2\/users\/2"}],"replies":[{"embeddable":true,"href":"https:\/\/fundaciohospitalariesmartorell.org\/entre-tots\/wp-json\/wp\/v2\/comments?post=7708"}],"version-history":[{"count":4,"href":"https:\/\/fundaciohospitalariesmartorell.org\/entre-tots\/wp-json\/wp\/v2\/posts\/7708\/revisions"}],"predecessor-version":[{"id":7860,"href":"https:\/\/fundaciohospitalariesmartorell.org\/entre-tots\/wp-json\/wp\/v2\/posts\/7708\/revisions\/7860"}],"wp:featuredmedia":[{"embeddable":true,"href":"https:\/\/fundaciohospitalariesmartorell.org\/entre-tots\/wp-json\/wp\/v2\/media\/7710"}],"wp:attachment":[{"href":"https:\/\/fundaciohospitalariesmartorell.org\/entre-tots\/wp-json\/wp\/v2\/media?parent=7708"}],"wp:term":[{"taxonomy":"category","embeddable":true,"href":"https:\/\/fundaciohospitalariesmartorell.org\/entre-tots\/wp-json\/wp\/v2\/categories?post=7708"},{"taxonomy":"post_tag","embeddable":true,"href":"https:\/\/fundaciohospitalariesmartorell.org\/entre-tots\/wp-json\/wp\/v2\/tags?post=7708"}],"curies":[{"name":"wp","href":"https:\/\/api.w.org\/{rel}","templated":true}]}}