{"id":7712,"date":"2023-12-28T12:15:35","date_gmt":"2023-12-28T10:15:35","guid":{"rendered":"https:\/\/hospitalsagratcormartorell.org\/entre-tots\/?p=7712"},"modified":"2023-12-29T12:08:46","modified_gmt":"2023-12-29T10:08:46","slug":"lhospital-sagrat-cor-i-sport2live-organitzen-una-cursa-de-nadal-per-fomentar-lexercici-fisic-entre-les-persones-usuaries","status":"publish","type":"post","link":"https:\/\/fundaciohospitalariesmartorell.org\/entre-tots\/2023\/12\/lhospital-sagrat-cor-i-sport2live-organitzen-una-cursa-de-nadal-per-fomentar-lexercici-fisic-entre-les-persones-usuaries\/","title":{"rendered":"L\u2019Hospital Sagrat Cor i Sport2live organitzen una cursa de Nadal per fomentar l\u2019exercici f\u00edsic entre les persones usu\u00e0ries"},"content":{"rendered":"\n<figure class=\"wp-block-image size-large\"><a href=\"https:\/\/youtu.be\/jWQ_9e8QoKk\" target=\"_blank\" rel=\"noreferrer noopener\"><img loading=\"lazy\" decoding=\"async\" width=\"1024\" height=\"576\" src=\"https:\/\/hospitalsagratcormartorell.org\/entre-tots\/wp-content\/uploads\/2023\/12\/23_12_SAGRAT-COR_CURSA-SPORT2LIVE-1024x576.jpg\" alt=\"\" class=\"wp-image-7714\" srcset=\"https:\/\/fundaciohospitalariesmartorell.org\/entre-tots\/wp-content\/uploads\/2023\/12\/23_12_SAGRAT-COR_CURSA-SPORT2LIVE-1024x576.jpg 1024w, https:\/\/fundaciohospitalariesmartorell.org\/entre-tots\/wp-content\/uploads\/2023\/12\/23_12_SAGRAT-COR_CURSA-SPORT2LIVE-300x169.jpg 300w, https:\/\/fundaciohospitalariesmartorell.org\/entre-tots\/wp-content\/uploads\/2023\/12\/23_12_SAGRAT-COR_CURSA-SPORT2LIVE-768x432.jpg 768w, https:\/\/fundaciohospitalariesmartorell.org\/entre-tots\/wp-content\/uploads\/2023\/12\/23_12_SAGRAT-COR_CURSA-SPORT2LIVE.jpg 1280w\" sizes=\"auto, (max-width: 1024px) 100vw, 1024px\" \/><\/a><\/figure>\n\n\n\n<p>Amb l\u2019objectiu de potenciar la pr\u00e1ctica esportiva entre les persones usu\u00e0ries, el 13 de desembre, l\u2019Hospital Sagrat Cor i Sport2Live van organitzar una cursa de Nadal, la qual va arribar a congregar fins a 70 participants de totes les unitats de rehabilitaci\u00f3 del Centre. La sortida va ser cap a les 11 h al camp de futbol i es va realitzar un recorregut pel recinte hospitalari. Les persones participants van poder escollir, segons el seu nivell, si fer dues voltes (1,6 km) o tres (2,4 km).<\/p>\n\n\n\n<p>Podeu veure <a href=\"https:\/\/youtu.be\/jWQ_9e8QoKk\">un video de la cursa<\/a>, que recull el testimoni d&#8217;algunes persones usu\u00e0ries que hi van participar, aix\u00ed com ampliar la informaci\u00f3 sobre aquest acte <a href=\"https:\/\/hospitalsagratcormartorell.org\/lhospital-sagrat-cor-i-sport2live-organitzen-una-cursa-de-nadal-per-a-fomentar-lexercici-fisic-entre-les-persones-usuaries\/\">aqu\u00ed<\/a>.<\/p>\n","protected":false},"excerpt":{"rendered":"<p>Amb l\u2019objectiu de potenciar la pr\u00e1ctica esportiva entre les persones usu\u00e0ries, el 13 de desembre, l\u2019Hospital Sagrat Cor i Sport2Live van organitzar una cursa de Nadal, la qual va arribar a congregar fins a 70 participants de totes les unitats de rehabilitaci\u00f3 del Centre. La sortida va ser cap a les 11 h al camp [&hellip;]<\/p>\n","protected":false},"author":2,"featured_media":7714,"comment_status":"closed","ping_status":"closed","sticky":false,"template":"","format":"standard","meta":{"footnotes":""},"categories":[27],"tags":[],"class_list":["post-7712","post","type-post","status-publish","format-standard","has-post-thumbnail","hentry","category-actualitat"],"blocksy_meta":{"styles_descriptor":{"styles":{"desktop":"","tablet":"","mobile":""},"google_fonts":[],"version":6}},"featured_image_urls_v2":{"full":["https:\/\/fundaciohospitalariesmartorell.org\/entre-tots\/wp-content\/uploads\/2023\/12\/23_12_SAGRAT-COR_CURSA-SPORT2LIVE.jpg",1280,720,false],"thumbnail":["https:\/\/fundaciohospitalariesmartorell.org\/entre-tots\/wp-content\/uploads\/2023\/12\/23_12_SAGRAT-COR_CURSA-SPORT2LIVE-150x150.jpg",150,150,true],"medium":["https:\/\/fundaciohospitalariesmartorell.org\/entre-tots\/wp-content\/uploads\/2023\/12\/23_12_SAGRAT-COR_CURSA-SPORT2LIVE-300x169.jpg",300,169,true],"medium_large":["https:\/\/fundaciohospitalariesmartorell.org\/entre-tots\/wp-content\/uploads\/2023\/12\/23_12_SAGRAT-COR_CURSA-SPORT2LIVE-768x432.jpg",768,432,true],"large":["https:\/\/fundaciohospitalariesmartorell.org\/entre-tots\/wp-content\/uploads\/2023\/12\/23_12_SAGRAT-COR_CURSA-SPORT2LIVE-1024x576.jpg",1024,576,true],"1536x1536":["https:\/\/fundaciohospitalariesmartorell.org\/entre-tots\/wp-content\/uploads\/2023\/12\/23_12_SAGRAT-COR_CURSA-SPORT2LIVE.jpg",1280,720,false],"2048x2048":["https:\/\/fundaciohospitalariesmartorell.org\/entre-tots\/wp-content\/uploads\/2023\/12\/23_12_SAGRAT-COR_CURSA-SPORT2LIVE.jpg",1280,720,false],"mailpoet_newsletter_max":["https:\/\/fundaciohospitalariesmartorell.org\/entre-tots\/wp-content\/uploads\/2023\/12\/23_12_SAGRAT-COR_CURSA-SPORT2LIVE.jpg",1280,720,false]},"post_excerpt_stackable_v2":"<p>Amb l\u2019objectiu de potenciar la pr\u00e1ctica esportiva entre les persones usu\u00e0ries, el 13 de desembre, l\u2019Hospital Sagrat Cor i Sport2Live van organitzar una cursa de Nadal, la qual va arribar a congregar fins a 70 participants de totes les unitats de rehabilitaci\u00f3 del Centre. La sortida va ser cap a les 11 h al camp de futbol i es va realitzar un recorregut pel recinte hospitalari. Les persones participants van poder escollir, segons el seu nivell, si fer dues voltes (1,6 km) o tres (2,4 km). Podeu veure un video de la cursa, que recull el testimoni d&#8217;algunes persones usu\u00e0ries&hellip;<\/p>\n","category_list_v2":"<a href=\"https:\/\/fundaciohospitalariesmartorell.org\/entre-tots\/category\/actualitat\/\" rel=\"category tag\">ACTUALITAT<\/a>","author_info_v2":{"name":"Sagrat Cor","url":"https:\/\/fundaciohospitalariesmartorell.org\/entre-tots\/author\/daniel\/"},"comments_num_v2":"0 comments","_links":{"self":[{"href":"https:\/\/fundaciohospitalariesmartorell.org\/entre-tots\/wp-json\/wp\/v2\/posts\/7712","targetHints":{"allow":["GET"]}}],"collection":[{"href":"https:\/\/fundaciohospitalariesmartorell.org\/entre-tots\/wp-json\/wp\/v2\/posts"}],"about":[{"href":"https:\/\/fundaciohospitalariesmartorell.org\/entre-tots\/wp-json\/wp\/v2\/types\/post"}],"author":[{"embeddable":true,"href":"https:\/\/fundaciohospitalariesmartorell.org\/entre-tots\/wp-json\/wp\/v2\/users\/2"}],"replies":[{"embeddable":true,"href":"https:\/\/fundaciohospitalariesmartorell.org\/entre-tots\/wp-json\/wp\/v2\/comments?post=7712"}],"version-history":[{"count":4,"href":"https:\/\/fundaciohospitalariesmartorell.org\/entre-tots\/wp-json\/wp\/v2\/posts\/7712\/revisions"}],"predecessor-version":[{"id":7858,"href":"https:\/\/fundaciohospitalariesmartorell.org\/entre-tots\/wp-json\/wp\/v2\/posts\/7712\/revisions\/7858"}],"wp:featuredmedia":[{"embeddable":true,"href":"https:\/\/fundaciohospitalariesmartorell.org\/entre-tots\/wp-json\/wp\/v2\/media\/7714"}],"wp:attachment":[{"href":"https:\/\/fundaciohospitalariesmartorell.org\/entre-tots\/wp-json\/wp\/v2\/media?parent=7712"}],"wp:term":[{"taxonomy":"category","embeddable":true,"href":"https:\/\/fundaciohospitalariesmartorell.org\/entre-tots\/wp-json\/wp\/v2\/categories?post=7712"},{"taxonomy":"post_tag","embeddable":true,"href":"https:\/\/fundaciohospitalariesmartorell.org\/entre-tots\/wp-json\/wp\/v2\/tags?post=7712"}],"curies":[{"name":"wp","href":"https:\/\/api.w.org\/{rel}","templated":true}]}}