{"id":7716,"date":"2023-12-28T12:17:51","date_gmt":"2023-12-28T10:17:51","guid":{"rendered":"https:\/\/hospitalsagratcormartorell.org\/entre-tots\/?p=7716"},"modified":"2023-12-29T12:06:41","modified_gmt":"2023-12-29T10:06:41","slug":"lhospital-sagrat-cor-distingit-a-la-i-gala-compromis-antiestigma","status":"publish","type":"post","link":"https:\/\/fundaciohospitalariesmartorell.org\/entre-tots\/2023\/12\/lhospital-sagrat-cor-distingit-a-la-i-gala-compromis-antiestigma\/","title":{"rendered":"L\u2019Hospital Sagrat Cor, distingit a la I Gala Comprom\u00eds Antiestigma"},"content":{"rendered":"\n<figure class=\"wp-block-image size-large is-resized\"><a href=\"https:\/\/www.youtube.com\/shorts\/8RDsXKP-bRs\" target=\"_blank\" rel=\"noreferrer noopener\"><img loading=\"lazy\" decoding=\"async\" width=\"1024\" height=\"905\" src=\"https:\/\/hospitalsagratcormartorell.org\/entre-tots\/wp-content\/uploads\/2023\/12\/c169eaba-9128-4247-b2f7-0502115fe73f-1024x905.jpg\" alt=\"\" class=\"wp-image-7836\" style=\"width:750px;height:auto\" srcset=\"https:\/\/fundaciohospitalariesmartorell.org\/entre-tots\/wp-content\/uploads\/2023\/12\/c169eaba-9128-4247-b2f7-0502115fe73f-1024x905.jpg 1024w, https:\/\/fundaciohospitalariesmartorell.org\/entre-tots\/wp-content\/uploads\/2023\/12\/c169eaba-9128-4247-b2f7-0502115fe73f-300x265.jpg 300w, https:\/\/fundaciohospitalariesmartorell.org\/entre-tots\/wp-content\/uploads\/2023\/12\/c169eaba-9128-4247-b2f7-0502115fe73f-768x679.jpg 768w, https:\/\/fundaciohospitalariesmartorell.org\/entre-tots\/wp-content\/uploads\/2023\/12\/c169eaba-9128-4247-b2f7-0502115fe73f-1536x1358.jpg 1536w, https:\/\/fundaciohospitalariesmartorell.org\/entre-tots\/wp-content\/uploads\/2023\/12\/c169eaba-9128-4247-b2f7-0502115fe73f-1320x1167.jpg 1320w, https:\/\/fundaciohospitalariesmartorell.org\/entre-tots\/wp-content\/uploads\/2023\/12\/c169eaba-9128-4247-b2f7-0502115fe73f.jpg 1699w\" sizes=\"auto, (max-width: 1024px) 100vw, 1024px\" \/><\/a><\/figure>\n\n\n\n<p>El 30 de novembre al Palau Macaya de Barcelona va tenir lloc la I Gala Comprom\u00eds Antiestigma, organitzada per Obertament, amb l\u2019objectiu de commemorar tots els serveis sanitaris de Catalunya que han aconseguit o es troben en proc\u00e9s d\u2019aconseguir el distintiu de Comprom\u00eds Antiestegima en Salut Mental d\u2019Obertament i entre els quals es troba l\u2019Hospital Sagrat Cor. Aquest \u00e9s el primer distintiu de l\u2019Estat espanyol que valora i visibilitza el comprom\u00eds d\u2019entitats, serveis i professionals.<\/p>\n\n\n\n<p>El doctor Carles Franquelo, director m\u00e8dic del Centre, va ser l\u2019encarregat de recollir la paca de reconeixement pels 14 serveis comunitaris que es troben en via d\u2019obtenci\u00f3 d\u2019aquest distintiu: CSMA de Martorell, HD adults de Martorell, SRC de Martorell, CSMIJ de Martorell, Hospital de Dia d\u2019Adolescents de Martorell, CSMIJ de Molins de Rei, CSMA de Sant Feliu de Llobregat, SRC de Sant Feliu de Llobregat, CSMA del Bergued\u00e0, HD del Bergued\u00e0, SRC del Bergued\u00e0, CSMA de l\u2019Alt Pened\u00e8s, HD de l\u2019Alt Pened\u00e8s i SRC de l\u2019Alt Pened\u00e8s. Podeu veure <a href=\"https:\/\/www.youtube.com\/shorts\/8RDsXKP-bRs\">el video <\/a>que vam elaborar sobre l&#8217;acte i ampliar la informaci\u00f3 <a href=\"https:\/\/hospitalsagratcormartorell.org\/lhospital-sagrat-cor-distingit-a-la-i-gala-compromis-antiestigma\/\">aqu\u00ed<\/a>.<\/p>\n\n\n\n<p>Aix\u00ed mateix, vam voler posar en valor el comprom\u00eds antiestigma de l\u2019Hospital Sagrat Cor amb un anunci al revers de contraportada de la revista oficial de Nadal 2023-2024 de l\u2019Adjuntament de Martorell, que podeu veure al seg\u00fcent enlla\u00e7: <a href=\"https:\/\/issuu.com\/editorialmic\/docs\/martorell_nadal_2023\">https:\/\/issuu.com\/editorialmic\/docs\/martorell_nadal_2023<\/a><\/p>\n","protected":false},"excerpt":{"rendered":"<p>El 30 de novembre al Palau Macaya de Barcelona va tenir lloc la I Gala Comprom\u00eds Antiestigma, organitzada per Obertament, amb l\u2019objectiu de commemorar tots els serveis sanitaris de Catalunya que han aconseguit o es troben en proc\u00e9s d\u2019aconseguir el distintiu de Comprom\u00eds Antiestegima en Salut Mental d\u2019Obertament i entre els quals es troba l\u2019Hospital [&hellip;]<\/p>\n","protected":false},"author":2,"featured_media":7836,"comment_status":"closed","ping_status":"closed","sticky":false,"template":"","format":"standard","meta":{"footnotes":""},"categories":[27],"tags":[],"class_list":["post-7716","post","type-post","status-publish","format-standard","has-post-thumbnail","hentry","category-actualitat"],"blocksy_meta":{"styles_descriptor":{"styles":{"desktop":"","tablet":"","mobile":""},"google_fonts":[],"version":6}},"featured_image_urls_v2":{"full":["https:\/\/fundaciohospitalariesmartorell.org\/entre-tots\/wp-content\/uploads\/2023\/12\/c169eaba-9128-4247-b2f7-0502115fe73f.jpg",1699,1502,false],"thumbnail":["https:\/\/fundaciohospitalariesmartorell.org\/entre-tots\/wp-content\/uploads\/2023\/12\/c169eaba-9128-4247-b2f7-0502115fe73f-150x150.jpg",150,150,true],"medium":["https:\/\/fundaciohospitalariesmartorell.org\/entre-tots\/wp-content\/uploads\/2023\/12\/c169eaba-9128-4247-b2f7-0502115fe73f-300x265.jpg",300,265,true],"medium_large":["https:\/\/fundaciohospitalariesmartorell.org\/entre-tots\/wp-content\/uploads\/2023\/12\/c169eaba-9128-4247-b2f7-0502115fe73f-768x679.jpg",768,679,true],"large":["https:\/\/fundaciohospitalariesmartorell.org\/entre-tots\/wp-content\/uploads\/2023\/12\/c169eaba-9128-4247-b2f7-0502115fe73f-1024x905.jpg",1024,905,true],"1536x1536":["https:\/\/fundaciohospitalariesmartorell.org\/entre-tots\/wp-content\/uploads\/2023\/12\/c169eaba-9128-4247-b2f7-0502115fe73f-1536x1358.jpg",1536,1358,true],"2048x2048":["https:\/\/fundaciohospitalariesmartorell.org\/entre-tots\/wp-content\/uploads\/2023\/12\/c169eaba-9128-4247-b2f7-0502115fe73f.jpg",1699,1502,false],"mailpoet_newsletter_max":["https:\/\/fundaciohospitalariesmartorell.org\/entre-tots\/wp-content\/uploads\/2023\/12\/c169eaba-9128-4247-b2f7-0502115fe73f-1320x1167.jpg",1320,1167,true]},"post_excerpt_stackable_v2":"<p>El 30 de novembre al Palau Macaya de Barcelona va tenir lloc la I Gala Comprom\u00eds Antiestigma, organitzada per Obertament, amb l\u2019objectiu de commemorar tots els serveis sanitaris de Catalunya que han aconseguit o es troben en proc\u00e9s d\u2019aconseguir el distintiu de Comprom\u00eds Antiestegima en Salut Mental d\u2019Obertament i entre els quals es troba l\u2019Hospital Sagrat Cor. Aquest \u00e9s el primer distintiu de l\u2019Estat espanyol que valora i visibilitza el comprom\u00eds d\u2019entitats, serveis i professionals. El doctor Carles Franquelo, director m\u00e8dic del Centre, va ser l\u2019encarregat de recollir la paca de reconeixement pels 14 serveis comunitaris que es troben en&hellip;<\/p>\n","category_list_v2":"<a href=\"https:\/\/fundaciohospitalariesmartorell.org\/entre-tots\/category\/actualitat\/\" rel=\"category tag\">ACTUALITAT<\/a>","author_info_v2":{"name":"Sagrat Cor","url":"https:\/\/fundaciohospitalariesmartorell.org\/entre-tots\/author\/daniel\/"},"comments_num_v2":"0 comments","_links":{"self":[{"href":"https:\/\/fundaciohospitalariesmartorell.org\/entre-tots\/wp-json\/wp\/v2\/posts\/7716","targetHints":{"allow":["GET"]}}],"collection":[{"href":"https:\/\/fundaciohospitalariesmartorell.org\/entre-tots\/wp-json\/wp\/v2\/posts"}],"about":[{"href":"https:\/\/fundaciohospitalariesmartorell.org\/entre-tots\/wp-json\/wp\/v2\/types\/post"}],"author":[{"embeddable":true,"href":"https:\/\/fundaciohospitalariesmartorell.org\/entre-tots\/wp-json\/wp\/v2\/users\/2"}],"replies":[{"embeddable":true,"href":"https:\/\/fundaciohospitalariesmartorell.org\/entre-tots\/wp-json\/wp\/v2\/comments?post=7716"}],"version-history":[{"count":4,"href":"https:\/\/fundaciohospitalariesmartorell.org\/entre-tots\/wp-json\/wp\/v2\/posts\/7716\/revisions"}],"predecessor-version":[{"id":7856,"href":"https:\/\/fundaciohospitalariesmartorell.org\/entre-tots\/wp-json\/wp\/v2\/posts\/7716\/revisions\/7856"}],"wp:featuredmedia":[{"embeddable":true,"href":"https:\/\/fundaciohospitalariesmartorell.org\/entre-tots\/wp-json\/wp\/v2\/media\/7836"}],"wp:attachment":[{"href":"https:\/\/fundaciohospitalariesmartorell.org\/entre-tots\/wp-json\/wp\/v2\/media?parent=7716"}],"wp:term":[{"taxonomy":"category","embeddable":true,"href":"https:\/\/fundaciohospitalariesmartorell.org\/entre-tots\/wp-json\/wp\/v2\/categories?post=7716"},{"taxonomy":"post_tag","embeddable":true,"href":"https:\/\/fundaciohospitalariesmartorell.org\/entre-tots\/wp-json\/wp\/v2\/tags?post=7716"}],"curies":[{"name":"wp","href":"https:\/\/api.w.org\/{rel}","templated":true}]}}