{"id":7720,"date":"2023-12-28T12:28:35","date_gmt":"2023-12-28T10:28:35","guid":{"rendered":"https:\/\/hospitalsagratcormartorell.org\/entre-tots\/?p=7720"},"modified":"2023-12-29T12:04:42","modified_gmt":"2023-12-29T10:04:42","slug":"trobada-dels-equips-de-crisi-dels-csmij-dels-hospitals-sagrat-cor-i-sant-rafael","status":"publish","type":"post","link":"https:\/\/fundaciohospitalariesmartorell.org\/entre-tots\/2023\/12\/trobada-dels-equips-de-crisi-dels-csmij-dels-hospitals-sagrat-cor-i-sant-rafael\/","title":{"rendered":"Trobada dels equips de crisi dels CSMIJ dels Hospitals Sagrat Cor i Sant Rafael"},"content":{"rendered":"<figure class=\"wp-block-post-featured-image\"><img loading=\"lazy\" decoding=\"async\" width=\"1024\" height=\"768\" src=\"https:\/\/fundaciohospitalariesmartorell.org\/entre-tots\/wp-content\/uploads\/2023\/12\/Sagrat-Cor_IMG-20231215-WA0003.jpg\" class=\"attachment-post-thumbnail size-post-thumbnail wp-post-image\" alt=\"\" style=\"object-fit:cover;\" srcset=\"https:\/\/fundaciohospitalariesmartorell.org\/entre-tots\/wp-content\/uploads\/2023\/12\/Sagrat-Cor_IMG-20231215-WA0003.jpg 1024w, https:\/\/fundaciohospitalariesmartorell.org\/entre-tots\/wp-content\/uploads\/2023\/12\/Sagrat-Cor_IMG-20231215-WA0003-300x225.jpg 300w, https:\/\/fundaciohospitalariesmartorell.org\/entre-tots\/wp-content\/uploads\/2023\/12\/Sagrat-Cor_IMG-20231215-WA0003-768x576.jpg 768w\" sizes=\"auto, (max-width: 1024px) 100vw, 1024px\" \/><\/figure>\n\n\n<figure class=\"wp-block-gallery has-nested-images columns-default is-cropped wp-block-gallery-1 is-layout-flex wp-block-gallery-is-layout-flex\">\n<figure data-wp-context=\"{&quot;imageId&quot;:&quot;69f2271350158&quot;}\" data-wp-interactive=\"core\/image\" data-wp-key=\"69f2271350158\" class=\"wp-block-image size-large wp-lightbox-container\"><img loading=\"lazy\" decoding=\"async\" width=\"1024\" height=\"768\" data-wp-class--hide=\"state.isContentHidden\" data-wp-class--show=\"state.isContentVisible\" data-wp-init=\"callbacks.setButtonStyles\" data-wp-on--click=\"actions.showLightbox\" data-wp-on--load=\"callbacks.setButtonStyles\" data-wp-on-window--resize=\"callbacks.setButtonStyles\" data-id=\"7724\" src=\"https:\/\/hospitalsagratcormartorell.org\/entre-tots\/wp-content\/uploads\/2023\/12\/San-Rafael_40fb8a0b-7c2a-4908-8585-b04a5199008e.jpeg\" alt=\"\" class=\"wp-image-7724\" srcset=\"https:\/\/fundaciohospitalariesmartorell.org\/entre-tots\/wp-content\/uploads\/2023\/12\/San-Rafael_40fb8a0b-7c2a-4908-8585-b04a5199008e.jpeg 1024w, https:\/\/fundaciohospitalariesmartorell.org\/entre-tots\/wp-content\/uploads\/2023\/12\/San-Rafael_40fb8a0b-7c2a-4908-8585-b04a5199008e-300x225.jpeg 300w, https:\/\/fundaciohospitalariesmartorell.org\/entre-tots\/wp-content\/uploads\/2023\/12\/San-Rafael_40fb8a0b-7c2a-4908-8585-b04a5199008e-768x576.jpeg 768w\" sizes=\"auto, (max-width: 1024px) 100vw, 1024px\" \/><button\n\t\t\tclass=\"lightbox-trigger\"\n\t\t\ttype=\"button\"\n\t\t\taria-haspopup=\"dialog\"\n\t\t\taria-label=\"Amplia\"\n\t\t\tdata-wp-init=\"callbacks.initTriggerButton\"\n\t\t\tdata-wp-on--click=\"actions.showLightbox\"\n\t\t\tdata-wp-style--right=\"state.imageButtonRight\"\n\t\t\tdata-wp-style--top=\"state.imageButtonTop\"\n\t\t>\n\t\t\t<svg xmlns=\"http:\/\/www.w3.org\/2000\/svg\" width=\"12\" height=\"12\" fill=\"none\" viewBox=\"0 0 12 12\">\n\t\t\t\t<path fill=\"#fff\" d=\"M2 0a2 2 0 0 0-2 2v2h1.5V2a.5.5 0 0 1 .5-.5h2V0H2Zm2 10.5H2a.5.5 0 0 1-.5-.5V8H0v2a2 2 0 0 0 2 2h2v-1.5ZM8 12v-1.5h2a.5.5 0 0 0 .5-.5V8H12v2a2 2 0 0 1-2 2H8Zm2-12a2 2 0 0 1 2 2v2h-1.5V2a.5.5 0 0 0-.5-.5H8V0h2Z\" \/>\n\t\t\t<\/svg>\n\t\t<\/button><\/figure>\n\n\n\n<figure data-wp-context=\"{&quot;imageId&quot;:&quot;69f22713504fc&quot;}\" data-wp-interactive=\"core\/image\" data-wp-key=\"69f22713504fc\" class=\"wp-block-image size-large wp-lightbox-container\"><img loading=\"lazy\" decoding=\"async\" width=\"1024\" height=\"771\" data-wp-class--hide=\"state.isContentHidden\" data-wp-class--show=\"state.isContentVisible\" data-wp-init=\"callbacks.setButtonStyles\" data-wp-on--click=\"actions.showLightbox\" data-wp-on--load=\"callbacks.setButtonStyles\" data-wp-on-window--resize=\"callbacks.setButtonStyles\" data-id=\"7725\" src=\"https:\/\/hospitalsagratcormartorell.org\/entre-tots\/wp-content\/uploads\/2023\/12\/San-Rafael_WhatsApp-Image-2023-11-13-at-11.49.25-1-1024x771.jpeg\" alt=\"\" class=\"wp-image-7725\" srcset=\"https:\/\/fundaciohospitalariesmartorell.org\/entre-tots\/wp-content\/uploads\/2023\/12\/San-Rafael_WhatsApp-Image-2023-11-13-at-11.49.25-1-1024x771.jpeg 1024w, https:\/\/fundaciohospitalariesmartorell.org\/entre-tots\/wp-content\/uploads\/2023\/12\/San-Rafael_WhatsApp-Image-2023-11-13-at-11.49.25-1-300x226.jpeg 300w, https:\/\/fundaciohospitalariesmartorell.org\/entre-tots\/wp-content\/uploads\/2023\/12\/San-Rafael_WhatsApp-Image-2023-11-13-at-11.49.25-1-768x578.jpeg 768w, https:\/\/fundaciohospitalariesmartorell.org\/entre-tots\/wp-content\/uploads\/2023\/12\/San-Rafael_WhatsApp-Image-2023-11-13-at-11.49.25-1-1536x1156.jpeg 1536w, https:\/\/fundaciohospitalariesmartorell.org\/entre-tots\/wp-content\/uploads\/2023\/12\/San-Rafael_WhatsApp-Image-2023-11-13-at-11.49.25-1-1320x993.jpeg 1320w, https:\/\/fundaciohospitalariesmartorell.org\/entre-tots\/wp-content\/uploads\/2023\/12\/San-Rafael_WhatsApp-Image-2023-11-13-at-11.49.25-1.jpeg 1600w\" sizes=\"auto, (max-width: 1024px) 100vw, 1024px\" \/><button\n\t\t\tclass=\"lightbox-trigger\"\n\t\t\ttype=\"button\"\n\t\t\taria-haspopup=\"dialog\"\n\t\t\taria-label=\"Amplia\"\n\t\t\tdata-wp-init=\"callbacks.initTriggerButton\"\n\t\t\tdata-wp-on--click=\"actions.showLightbox\"\n\t\t\tdata-wp-style--right=\"state.imageButtonRight\"\n\t\t\tdata-wp-style--top=\"state.imageButtonTop\"\n\t\t>\n\t\t\t<svg xmlns=\"http:\/\/www.w3.org\/2000\/svg\" width=\"12\" height=\"12\" fill=\"none\" viewBox=\"0 0 12 12\">\n\t\t\t\t<path fill=\"#fff\" d=\"M2 0a2 2 0 0 0-2 2v2h1.5V2a.5.5 0 0 1 .5-.5h2V0H2Zm2 10.5H2a.5.5 0 0 1-.5-.5V8H0v2a2 2 0 0 0 2 2h2v-1.5ZM8 12v-1.5h2a.5.5 0 0 0 .5-.5V8H12v2a2 2 0 0 1-2 2H8Zm2-12a2 2 0 0 1 2 2v2h-1.5V2a.5.5 0 0 0-.5-.5H8V0h2Z\" \/>\n\t\t\t<\/svg>\n\t\t<\/button><\/figure>\n<\/figure>\n\n\n\n<p>Els dies 10 de novembre i 15 de desembre es van dur a terme les trobades dels equips de crisi dels Centres de Salut Mental Infantojuvenil (CSIMJ) dels Hospitals Sagrat Cor i Sant Rafael. Aquestes trobades van ser impulsades per la Direcci\u00f3 de Projectes Assistencials per millorar el coneixement mutu dels serveis, dels equips de professionals i de les realitats de cada centre.<\/p>\n\n\n\n<p>Els equips de crisi s\u00f3n un programa innovador que incorpora nous perfils professionals. Actualment, Germanes Hospital\u00e0ries disposa de tres equips: els de Martorell i Molins de Rei, de l&#8217;Hospital Sagrat Cor, i el d&#8217;Horta-Guinard\u00f3, de l&#8217;Hospital Sant Rafael. En aquestes dues trobades es van poder presentar les persones integrants d&#8217;aquests equips, les quals en van explicar el funcionament, les din\u00e0miques de treball i l&#8217;organitzaci\u00f3 per tal de crear xarxa dins de Germanes Hospital\u00e0ries. Tamb\u00e9 es van visitar els espais que ocupen i es va dur a terme un treball d&#8217;identificaci\u00f3 de propostes de treball conjunt i de les oportunitats de sinergies assistencials, de formaci\u00f3, de doc\u00e8ncia i de recerca.<\/p>\n","protected":false},"excerpt":{"rendered":"<p>Els dies 10 de novembre i 15 de desembre es van dur a terme les trobades dels equips de crisi dels Centres de Salut Mental Infantojuvenil (CSIMJ) dels Hospitals Sagrat Cor i Sant Rafael. Aquestes trobades van ser impulsades per la Direcci\u00f3 de Projectes Assistencials per millorar el coneixement mutu dels serveis, dels equips de [&hellip;]<\/p>\n","protected":false},"author":2,"featured_media":7722,"comment_status":"closed","ping_status":"closed","sticky":false,"template":"","format":"standard","meta":{"footnotes":""},"categories":[27],"tags":[],"class_list":["post-7720","post","type-post","status-publish","format-standard","has-post-thumbnail","hentry","category-actualitat"],"blocksy_meta":{"styles_descriptor":{"styles":{"desktop":"","tablet":"","mobile":""},"google_fonts":[],"version":6}},"featured_image_urls_v2":{"full":["https:\/\/fundaciohospitalariesmartorell.org\/entre-tots\/wp-content\/uploads\/2023\/12\/Sagrat-Cor_IMG-20231215-WA0003.jpg",1024,768,false],"thumbnail":["https:\/\/fundaciohospitalariesmartorell.org\/entre-tots\/wp-content\/uploads\/2023\/12\/Sagrat-Cor_IMG-20231215-WA0003-150x150.jpg",150,150,true],"medium":["https:\/\/fundaciohospitalariesmartorell.org\/entre-tots\/wp-content\/uploads\/2023\/12\/Sagrat-Cor_IMG-20231215-WA0003-300x225.jpg",300,225,true],"medium_large":["https:\/\/fundaciohospitalariesmartorell.org\/entre-tots\/wp-content\/uploads\/2023\/12\/Sagrat-Cor_IMG-20231215-WA0003-768x576.jpg",768,576,true],"large":["https:\/\/fundaciohospitalariesmartorell.org\/entre-tots\/wp-content\/uploads\/2023\/12\/Sagrat-Cor_IMG-20231215-WA0003.jpg",1024,768,false],"1536x1536":["https:\/\/fundaciohospitalariesmartorell.org\/entre-tots\/wp-content\/uploads\/2023\/12\/Sagrat-Cor_IMG-20231215-WA0003.jpg",1024,768,false],"2048x2048":["https:\/\/fundaciohospitalariesmartorell.org\/entre-tots\/wp-content\/uploads\/2023\/12\/Sagrat-Cor_IMG-20231215-WA0003.jpg",1024,768,false],"mailpoet_newsletter_max":["https:\/\/fundaciohospitalariesmartorell.org\/entre-tots\/wp-content\/uploads\/2023\/12\/Sagrat-Cor_IMG-20231215-WA0003.jpg",1024,768,false]},"post_excerpt_stackable_v2":"<p>Els dies 10 de novembre i 15 de desembre es van dur a terme les trobades dels equips de crisi dels Centres de Salut Mental Infantojuvenil (CSIMJ) dels Hospitals Sagrat Cor i Sant Rafael. Aquestes trobades van ser impulsades per la Direcci\u00f3 de Projectes Assistencials per millorar el coneixement mutu dels serveis, dels equips de professionals i de les realitats de cada centre. Els equips de crisi s\u00f3n un programa innovador que incorpora nous perfils professionals. Actualment, Germanes Hospital\u00e0ries disposa de tres equips: els de Martorell i Molins de Rei, de l&#8217;Hospital Sagrat Cor, i el d&#8217;Horta-Guinard\u00f3, de l&#8217;Hospital Sant&hellip;<\/p>\n","category_list_v2":"<a href=\"https:\/\/fundaciohospitalariesmartorell.org\/entre-tots\/category\/actualitat\/\" rel=\"category tag\">ACTUALITAT<\/a>","author_info_v2":{"name":"Sagrat Cor","url":"https:\/\/fundaciohospitalariesmartorell.org\/entre-tots\/author\/daniel\/"},"comments_num_v2":"0 comments","_links":{"self":[{"href":"https:\/\/fundaciohospitalariesmartorell.org\/entre-tots\/wp-json\/wp\/v2\/posts\/7720","targetHints":{"allow":["GET"]}}],"collection":[{"href":"https:\/\/fundaciohospitalariesmartorell.org\/entre-tots\/wp-json\/wp\/v2\/posts"}],"about":[{"href":"https:\/\/fundaciohospitalariesmartorell.org\/entre-tots\/wp-json\/wp\/v2\/types\/post"}],"author":[{"embeddable":true,"href":"https:\/\/fundaciohospitalariesmartorell.org\/entre-tots\/wp-json\/wp\/v2\/users\/2"}],"replies":[{"embeddable":true,"href":"https:\/\/fundaciohospitalariesmartorell.org\/entre-tots\/wp-json\/wp\/v2\/comments?post=7720"}],"version-history":[{"count":3,"href":"https:\/\/fundaciohospitalariesmartorell.org\/entre-tots\/wp-json\/wp\/v2\/posts\/7720\/revisions"}],"predecessor-version":[{"id":7854,"href":"https:\/\/fundaciohospitalariesmartorell.org\/entre-tots\/wp-json\/wp\/v2\/posts\/7720\/revisions\/7854"}],"wp:featuredmedia":[{"embeddable":true,"href":"https:\/\/fundaciohospitalariesmartorell.org\/entre-tots\/wp-json\/wp\/v2\/media\/7722"}],"wp:attachment":[{"href":"https:\/\/fundaciohospitalariesmartorell.org\/entre-tots\/wp-json\/wp\/v2\/media?parent=7720"}],"wp:term":[{"taxonomy":"category","embeddable":true,"href":"https:\/\/fundaciohospitalariesmartorell.org\/entre-tots\/wp-json\/wp\/v2\/categories?post=7720"},{"taxonomy":"post_tag","embeddable":true,"href":"https:\/\/fundaciohospitalariesmartorell.org\/entre-tots\/wp-json\/wp\/v2\/tags?post=7720"}],"curies":[{"name":"wp","href":"https:\/\/api.w.org\/{rel}","templated":true}]}}