{"id":7728,"date":"2023-12-28T12:31:51","date_gmt":"2023-12-28T10:31:51","guid":{"rendered":"https:\/\/hospitalsagratcormartorell.org\/entre-tots\/?p=7728"},"modified":"2023-12-29T12:33:10","modified_gmt":"2023-12-29T10:33:10","slug":"presentem-el-pga-2024-a-caldes-de-malavella","status":"publish","type":"post","link":"https:\/\/fundaciohospitalariesmartorell.org\/entre-tots\/2023\/12\/presentem-el-pga-2024-a-caldes-de-malavella\/","title":{"rendered":"Presentem el PGA 2024 a Caldes de Malavella"},"content":{"rendered":"<figure class=\"wp-block-post-featured-image\"><img loading=\"lazy\" decoding=\"async\" width=\"1153\" height=\"588\" src=\"https:\/\/fundaciohospitalariesmartorell.org\/entre-tots\/wp-content\/uploads\/2023\/12\/Captura-de-pantalla-2023-12-28-a-las-11.29.20.png\" class=\"attachment-post-thumbnail size-post-thumbnail wp-post-image\" alt=\"\" style=\"object-fit:cover;\" srcset=\"https:\/\/fundaciohospitalariesmartorell.org\/entre-tots\/wp-content\/uploads\/2023\/12\/Captura-de-pantalla-2023-12-28-a-las-11.29.20.png 1153w, https:\/\/fundaciohospitalariesmartorell.org\/entre-tots\/wp-content\/uploads\/2023\/12\/Captura-de-pantalla-2023-12-28-a-las-11.29.20-300x153.png 300w, https:\/\/fundaciohospitalariesmartorell.org\/entre-tots\/wp-content\/uploads\/2023\/12\/Captura-de-pantalla-2023-12-28-a-las-11.29.20-1024x522.png 1024w, https:\/\/fundaciohospitalariesmartorell.org\/entre-tots\/wp-content\/uploads\/2023\/12\/Captura-de-pantalla-2023-12-28-a-las-11.29.20-768x392.png 768w\" sizes=\"auto, (max-width: 1153px) 100vw, 1153px\" \/><\/figure>\n\n\n<p>Els membres del Consell de Direcci\u00f3 de l&#8217;Hospital Sagrat Cor van presentar, el 12 de desembre, el Pla de Gesti\u00f3 Anual (PGA) de 2024 al Govern Provincial, al Consell de Direcci\u00f3 de Prov\u00edncia (CDP) i als Consells de Direcci\u00f3 dels cinc centres de Germanes Hospital\u00e0ries a Catalunya. L&#8217;objectiu d&#8217;aquesta reuni\u00f3 \u00e9s fomentar la relaci\u00f3 i el coneixement mutu entre els centres i amb Prov\u00edncia, facilitar l&#8217;aprenentatge de la diversitat i aconseguir un sistema m\u00e9s \u00e0gil.<\/p>\n\n\n\n<p>En el marc de la sessi\u00f3, cada centre de Germanes Hospital\u00e0ries a Catalunya va presentar el balan\u00e7 de l&#8217;any que es tancava i tots els membres dels respectius Consells de Direcci\u00f3 van exposar els aspectes m\u00e9s rellevants de l&#8217;estrat\u00e8gia de futur. A m\u00e9s de presentar els principals indicadors del pressupost de 2024, es van donar a con\u00e8ixer les l\u00ednies estrat\u00e8giques d&#8217;acci\u00f3 del Centre i cadascuna de les \u00e0rees assistencials va explicar un objectiu per a l&#8217;any que ve.<\/p>\n\n\n\n<figure data-wp-context=\"{&quot;imageId&quot;:&quot;69f22730eec55&quot;}\" data-wp-interactive=\"core\/image\" data-wp-key=\"69f22730eec55\" class=\"wp-block-image size-large wp-lightbox-container\"><img loading=\"lazy\" decoding=\"async\" width=\"1024\" height=\"768\" data-wp-class--hide=\"state.isContentHidden\" data-wp-class--show=\"state.isContentVisible\" data-wp-init=\"callbacks.setButtonStyles\" data-wp-on--click=\"actions.showLightbox\" data-wp-on--load=\"callbacks.setButtonStyles\" data-wp-on-window--resize=\"callbacks.setButtonStyles\" src=\"https:\/\/hospitalsagratcormartorell.org\/entre-tots\/wp-content\/uploads\/2023\/12\/c090f33c-2e20-4646-b587-d0972978d010-1024x768.jpeg\" alt=\"\" class=\"wp-image-7731\" srcset=\"https:\/\/fundaciohospitalariesmartorell.org\/entre-tots\/wp-content\/uploads\/2023\/12\/c090f33c-2e20-4646-b587-d0972978d010-1024x768.jpeg 1024w, https:\/\/fundaciohospitalariesmartorell.org\/entre-tots\/wp-content\/uploads\/2023\/12\/c090f33c-2e20-4646-b587-d0972978d010-300x225.jpeg 300w, https:\/\/fundaciohospitalariesmartorell.org\/entre-tots\/wp-content\/uploads\/2023\/12\/c090f33c-2e20-4646-b587-d0972978d010-768x576.jpeg 768w, https:\/\/fundaciohospitalariesmartorell.org\/entre-tots\/wp-content\/uploads\/2023\/12\/c090f33c-2e20-4646-b587-d0972978d010-1536x1152.jpeg 1536w, https:\/\/fundaciohospitalariesmartorell.org\/entre-tots\/wp-content\/uploads\/2023\/12\/c090f33c-2e20-4646-b587-d0972978d010-1320x990.jpeg 1320w, https:\/\/fundaciohospitalariesmartorell.org\/entre-tots\/wp-content\/uploads\/2023\/12\/c090f33c-2e20-4646-b587-d0972978d010.jpeg 1600w\" sizes=\"auto, (max-width: 1024px) 100vw, 1024px\" \/><button\n\t\t\tclass=\"lightbox-trigger\"\n\t\t\ttype=\"button\"\n\t\t\taria-haspopup=\"dialog\"\n\t\t\taria-label=\"Amplia\"\n\t\t\tdata-wp-init=\"callbacks.initTriggerButton\"\n\t\t\tdata-wp-on--click=\"actions.showLightbox\"\n\t\t\tdata-wp-style--right=\"state.imageButtonRight\"\n\t\t\tdata-wp-style--top=\"state.imageButtonTop\"\n\t\t>\n\t\t\t<svg xmlns=\"http:\/\/www.w3.org\/2000\/svg\" width=\"12\" height=\"12\" fill=\"none\" viewBox=\"0 0 12 12\">\n\t\t\t\t<path fill=\"#fff\" d=\"M2 0a2 2 0 0 0-2 2v2h1.5V2a.5.5 0 0 1 .5-.5h2V0H2Zm2 10.5H2a.5.5 0 0 1-.5-.5V8H0v2a2 2 0 0 0 2 2h2v-1.5ZM8 12v-1.5h2a.5.5 0 0 0 .5-.5V8H12v2a2 2 0 0 1-2 2H8Zm2-12a2 2 0 0 1 2 2v2h-1.5V2a.5.5 0 0 0-.5-.5H8V0h2Z\" \/>\n\t\t\t<\/svg>\n\t\t<\/button><\/figure>\n\n\n\n<p>La trobada va tenir lloc en una sala del renovat taller ocupacional del Centre Psicopedag\u00f2gic Mare de D\u00e9u de Montserrat, de Caldes de Malavella. Aquest taller va ser inaugurat, junt amb dues noves unitats de conviv\u00e8ncia destinades a persones amb discapacitat intel\u00b7lectual, pel conseller de Drets Socials, Carles Campuzano, aquell mateix dia a la tarda.<\/p>\n","protected":false},"excerpt":{"rendered":"<p>Els membres del Consell de Direcci\u00f3 de l&#8217;Hospital Sagrat Cor van presentar, el 12 de desembre, el Pla de Gesti\u00f3 Anual (PGA) de 2024 al Govern Provincial, al Consell de Direcci\u00f3 de Prov\u00edncia (CDP) i als Consells de Direcci\u00f3 dels cinc centres de Germanes Hospital\u00e0ries a Catalunya. L&#8217;objectiu d&#8217;aquesta reuni\u00f3 \u00e9s fomentar la relaci\u00f3 i [&hellip;]<\/p>\n","protected":false},"author":2,"featured_media":7730,"comment_status":"closed","ping_status":"closed","sticky":false,"template":"","format":"standard","meta":{"footnotes":""},"categories":[27],"tags":[],"class_list":["post-7728","post","type-post","status-publish","format-standard","has-post-thumbnail","hentry","category-actualitat"],"blocksy_meta":{"styles_descriptor":{"styles":{"desktop":"","tablet":"","mobile":""},"google_fonts":[],"version":6}},"featured_image_urls_v2":{"full":["https:\/\/fundaciohospitalariesmartorell.org\/entre-tots\/wp-content\/uploads\/2023\/12\/Captura-de-pantalla-2023-12-28-a-las-11.29.20.png",1153,588,false],"thumbnail":["https:\/\/fundaciohospitalariesmartorell.org\/entre-tots\/wp-content\/uploads\/2023\/12\/Captura-de-pantalla-2023-12-28-a-las-11.29.20-150x150.png",150,150,true],"medium":["https:\/\/fundaciohospitalariesmartorell.org\/entre-tots\/wp-content\/uploads\/2023\/12\/Captura-de-pantalla-2023-12-28-a-las-11.29.20-300x153.png",300,153,true],"medium_large":["https:\/\/fundaciohospitalariesmartorell.org\/entre-tots\/wp-content\/uploads\/2023\/12\/Captura-de-pantalla-2023-12-28-a-las-11.29.20-768x392.png",768,392,true],"large":["https:\/\/fundaciohospitalariesmartorell.org\/entre-tots\/wp-content\/uploads\/2023\/12\/Captura-de-pantalla-2023-12-28-a-las-11.29.20-1024x522.png",1024,522,true],"1536x1536":["https:\/\/fundaciohospitalariesmartorell.org\/entre-tots\/wp-content\/uploads\/2023\/12\/Captura-de-pantalla-2023-12-28-a-las-11.29.20.png",1153,588,false],"2048x2048":["https:\/\/fundaciohospitalariesmartorell.org\/entre-tots\/wp-content\/uploads\/2023\/12\/Captura-de-pantalla-2023-12-28-a-las-11.29.20.png",1153,588,false],"mailpoet_newsletter_max":["https:\/\/fundaciohospitalariesmartorell.org\/entre-tots\/wp-content\/uploads\/2023\/12\/Captura-de-pantalla-2023-12-28-a-las-11.29.20.png",1153,588,false]},"post_excerpt_stackable_v2":"<p>Els membres del Consell de Direcci\u00f3 de l&#8217;Hospital Sagrat Cor van presentar, el 12 de desembre, el Pla de Gesti\u00f3 Anual (PGA) de 2024 al Govern Provincial, al Consell de Direcci\u00f3 de Prov\u00edncia (CDP) i als Consells de Direcci\u00f3 dels cinc centres de Germanes Hospital\u00e0ries a Catalunya. L&#8217;objectiu d&#8217;aquesta reuni\u00f3 \u00e9s fomentar la relaci\u00f3 i el coneixement mutu entre els centres i amb Prov\u00edncia, facilitar l&#8217;aprenentatge de la diversitat i aconseguir un sistema m\u00e9s \u00e0gil. En el marc de la sessi\u00f3, cada centre de Germanes Hospital\u00e0ries a Catalunya va presentar el balan\u00e7 de l&#8217;any que es tancava i tots els&hellip;<\/p>\n","category_list_v2":"<a href=\"https:\/\/fundaciohospitalariesmartorell.org\/entre-tots\/category\/actualitat\/\" rel=\"category tag\">ACTUALITAT<\/a>","author_info_v2":{"name":"Sagrat Cor","url":"https:\/\/fundaciohospitalariesmartorell.org\/entre-tots\/author\/daniel\/"},"comments_num_v2":"0 comments","_links":{"self":[{"href":"https:\/\/fundaciohospitalariesmartorell.org\/entre-tots\/wp-json\/wp\/v2\/posts\/7728","targetHints":{"allow":["GET"]}}],"collection":[{"href":"https:\/\/fundaciohospitalariesmartorell.org\/entre-tots\/wp-json\/wp\/v2\/posts"}],"about":[{"href":"https:\/\/fundaciohospitalariesmartorell.org\/entre-tots\/wp-json\/wp\/v2\/types\/post"}],"author":[{"embeddable":true,"href":"https:\/\/fundaciohospitalariesmartorell.org\/entre-tots\/wp-json\/wp\/v2\/users\/2"}],"replies":[{"embeddable":true,"href":"https:\/\/fundaciohospitalariesmartorell.org\/entre-tots\/wp-json\/wp\/v2\/comments?post=7728"}],"version-history":[{"count":3,"href":"https:\/\/fundaciohospitalariesmartorell.org\/entre-tots\/wp-json\/wp\/v2\/posts\/7728\/revisions"}],"predecessor-version":[{"id":7875,"href":"https:\/\/fundaciohospitalariesmartorell.org\/entre-tots\/wp-json\/wp\/v2\/posts\/7728\/revisions\/7875"}],"wp:featuredmedia":[{"embeddable":true,"href":"https:\/\/fundaciohospitalariesmartorell.org\/entre-tots\/wp-json\/wp\/v2\/media\/7730"}],"wp:attachment":[{"href":"https:\/\/fundaciohospitalariesmartorell.org\/entre-tots\/wp-json\/wp\/v2\/media?parent=7728"}],"wp:term":[{"taxonomy":"category","embeddable":true,"href":"https:\/\/fundaciohospitalariesmartorell.org\/entre-tots\/wp-json\/wp\/v2\/categories?post=7728"},{"taxonomy":"post_tag","embeddable":true,"href":"https:\/\/fundaciohospitalariesmartorell.org\/entre-tots\/wp-json\/wp\/v2\/tags?post=7728"}],"curies":[{"name":"wp","href":"https:\/\/api.w.org\/{rel}","templated":true}]}}