{"id":7733,"date":"2023-12-28T12:38:04","date_gmt":"2023-12-28T10:38:04","guid":{"rendered":"https:\/\/hospitalsagratcormartorell.org\/entre-tots\/?p=7733"},"modified":"2023-12-29T12:31:55","modified_gmt":"2023-12-29T10:31:55","slug":"rebem-la-visita-del-govern-general","status":"publish","type":"post","link":"https:\/\/fundaciohospitalariesmartorell.org\/entre-tots\/2023\/12\/rebem-la-visita-del-govern-general\/","title":{"rendered":"Rebem la visita del Govern General"},"content":{"rendered":"<figure class=\"wp-block-post-featured-image\"><img loading=\"lazy\" decoding=\"async\" width=\"2040\" height=\"1530\" src=\"https:\/\/fundaciohospitalariesmartorell.org\/entre-tots\/wp-content\/uploads\/2023\/12\/IMG-20231202-WA0008.jpg\" class=\"attachment-post-thumbnail size-post-thumbnail wp-post-image\" alt=\"\" style=\"object-fit:cover;\" srcset=\"https:\/\/fundaciohospitalariesmartorell.org\/entre-tots\/wp-content\/uploads\/2023\/12\/IMG-20231202-WA0008.jpg 2040w, https:\/\/fundaciohospitalariesmartorell.org\/entre-tots\/wp-content\/uploads\/2023\/12\/IMG-20231202-WA0008-300x225.jpg 300w, https:\/\/fundaciohospitalariesmartorell.org\/entre-tots\/wp-content\/uploads\/2023\/12\/IMG-20231202-WA0008-1024x768.jpg 1024w, https:\/\/fundaciohospitalariesmartorell.org\/entre-tots\/wp-content\/uploads\/2023\/12\/IMG-20231202-WA0008-768x576.jpg 768w, https:\/\/fundaciohospitalariesmartorell.org\/entre-tots\/wp-content\/uploads\/2023\/12\/IMG-20231202-WA0008-1536x1152.jpg 1536w, https:\/\/fundaciohospitalariesmartorell.org\/entre-tots\/wp-content\/uploads\/2023\/12\/IMG-20231202-WA0008-1320x990.jpg 1320w\" sizes=\"auto, (max-width: 2040px) 100vw, 2040px\" \/><\/figure>\n\n\n<p>Del 30 novembre al 4 de desembre l&#8217;Hospital Sagrat Cor va rebre la visita de sor Mar\u00eda Ester Berruete, vic\u00e0ria i primera consellera general, i sor Le\u00f2tine Judith Ngo Mbock, segona consellera general. Va ser una visita familiar, de car\u00e0cter no tan formal i m\u00e9s breu que la visita can\u00f2nica. \u00a0\u00a0<\/p>\n\n\n\n<p>Aix\u00ed, el dia 30 de novembre les conselleres van poder visitar diferents unitats de l&#8217;Hospital i els equipaments comunitaris de Pins D&#8217;Or, el CSMA de Sant Feliu de Llobregat i el CSMIJ de Molins de Rei. Posteriorment, l&#8217;1 de desembre es van reunir primerament amb el doctor Jes\u00fas Ezquerra, gerent de l&#8217;Hospital, i despr\u00e9s amb el Consell de Direcci\u00f3, que els va fer una presentaci\u00f3 del Centre, explicant-ne l&#8217;evoluci\u00f3 i els projectes de futur. A continuaci\u00f3 els van ensenyar la nova cuina de l&#8217;Hospital.\u00a0<\/p>\n\n\n\n<p>Durant la seva estada al nostre Centre les conselleres generals van compartir el seu dia a dia amb la Comunitat de Germanes de l&#8217;Hospital Sagrat Cor\u00a0i es van mostrar molt contentes i satisfetes per l&#8217;acollida hospital\u00e0ria. Tamb\u00e9 van aprofitar per visitar el Santuari de la Mare de D\u00e9u de Montserrat, aix\u00ed com la Cova de Sant Ignasi de Manresa.\u00a0<\/p>\n\n\n\n<figure data-wp-context=\"{&quot;imageId&quot;:&quot;69f22713d362c&quot;}\" data-wp-interactive=\"core\/image\" data-wp-key=\"69f22713d362c\" class=\"wp-block-image size-large wp-lightbox-container\"><img loading=\"lazy\" decoding=\"async\" width=\"768\" height=\"1024\" data-wp-class--hide=\"state.isContentHidden\" data-wp-class--show=\"state.isContentVisible\" data-wp-init=\"callbacks.setButtonStyles\" data-wp-on--click=\"actions.showLightbox\" data-wp-on--load=\"callbacks.setButtonStyles\" data-wp-on-window--resize=\"callbacks.setButtonStyles\" src=\"https:\/\/hospitalsagratcormartorell.org\/entre-tots\/wp-content\/uploads\/2023\/12\/IMG-20231203-WA0012-768x1024.jpg\" alt=\"\" class=\"wp-image-7736\" srcset=\"https:\/\/fundaciohospitalariesmartorell.org\/entre-tots\/wp-content\/uploads\/2023\/12\/IMG-20231203-WA0012-768x1024.jpg 768w, https:\/\/fundaciohospitalariesmartorell.org\/entre-tots\/wp-content\/uploads\/2023\/12\/IMG-20231203-WA0012-225x300.jpg 225w, https:\/\/fundaciohospitalariesmartorell.org\/entre-tots\/wp-content\/uploads\/2023\/12\/IMG-20231203-WA0012-1152x1536.jpg 1152w, https:\/\/fundaciohospitalariesmartorell.org\/entre-tots\/wp-content\/uploads\/2023\/12\/IMG-20231203-WA0012-1320x1760.jpg 1320w, https:\/\/fundaciohospitalariesmartorell.org\/entre-tots\/wp-content\/uploads\/2023\/12\/IMG-20231203-WA0012.jpg 1530w\" sizes=\"auto, (max-width: 768px) 100vw, 768px\" \/><button\n\t\t\tclass=\"lightbox-trigger\"\n\t\t\ttype=\"button\"\n\t\t\taria-haspopup=\"dialog\"\n\t\t\taria-label=\"Amplia\"\n\t\t\tdata-wp-init=\"callbacks.initTriggerButton\"\n\t\t\tdata-wp-on--click=\"actions.showLightbox\"\n\t\t\tdata-wp-style--right=\"state.imageButtonRight\"\n\t\t\tdata-wp-style--top=\"state.imageButtonTop\"\n\t\t>\n\t\t\t<svg xmlns=\"http:\/\/www.w3.org\/2000\/svg\" width=\"12\" height=\"12\" fill=\"none\" viewBox=\"0 0 12 12\">\n\t\t\t\t<path fill=\"#fff\" d=\"M2 0a2 2 0 0 0-2 2v2h1.5V2a.5.5 0 0 1 .5-.5h2V0H2Zm2 10.5H2a.5.5 0 0 1-.5-.5V8H0v2a2 2 0 0 0 2 2h2v-1.5ZM8 12v-1.5h2a.5.5 0 0 0 .5-.5V8H12v2a2 2 0 0 1-2 2H8Zm2-12a2 2 0 0 1 2 2v2h-1.5V2a.5.5 0 0 0-.5-.5H8V0h2Z\" \/>\n\t\t\t<\/svg>\n\t\t<\/button><\/figure>\n","protected":false},"excerpt":{"rendered":"<p>Del 30 novembre al 4 de desembre l&#8217;Hospital Sagrat Cor va rebre la visita de sor Mar\u00eda Ester Berruete, vic\u00e0ria i primera consellera general, i sor Le\u00f2tine Judith Ngo Mbock, segona consellera general. Va ser una visita familiar, de car\u00e0cter no tan formal i m\u00e9s breu que la visita can\u00f2nica. \u00a0\u00a0 Aix\u00ed, el dia 30 [&hellip;]<\/p>\n","protected":false},"author":2,"featured_media":7735,"comment_status":"closed","ping_status":"closed","sticky":false,"template":"","format":"standard","meta":{"footnotes":""},"categories":[27],"tags":[],"class_list":["post-7733","post","type-post","status-publish","format-standard","has-post-thumbnail","hentry","category-actualitat"],"blocksy_meta":{"styles_descriptor":{"styles":{"desktop":"","tablet":"","mobile":""},"google_fonts":[],"version":6}},"featured_image_urls_v2":{"full":["https:\/\/fundaciohospitalariesmartorell.org\/entre-tots\/wp-content\/uploads\/2023\/12\/IMG-20231202-WA0008.jpg",2040,1530,false],"thumbnail":["https:\/\/fundaciohospitalariesmartorell.org\/entre-tots\/wp-content\/uploads\/2023\/12\/IMG-20231202-WA0008-150x150.jpg",150,150,true],"medium":["https:\/\/fundaciohospitalariesmartorell.org\/entre-tots\/wp-content\/uploads\/2023\/12\/IMG-20231202-WA0008-300x225.jpg",300,225,true],"medium_large":["https:\/\/fundaciohospitalariesmartorell.org\/entre-tots\/wp-content\/uploads\/2023\/12\/IMG-20231202-WA0008-768x576.jpg",768,576,true],"large":["https:\/\/fundaciohospitalariesmartorell.org\/entre-tots\/wp-content\/uploads\/2023\/12\/IMG-20231202-WA0008-1024x768.jpg",1024,768,true],"1536x1536":["https:\/\/fundaciohospitalariesmartorell.org\/entre-tots\/wp-content\/uploads\/2023\/12\/IMG-20231202-WA0008-1536x1152.jpg",1536,1152,true],"2048x2048":["https:\/\/fundaciohospitalariesmartorell.org\/entre-tots\/wp-content\/uploads\/2023\/12\/IMG-20231202-WA0008.jpg",2040,1530,false],"mailpoet_newsletter_max":["https:\/\/fundaciohospitalariesmartorell.org\/entre-tots\/wp-content\/uploads\/2023\/12\/IMG-20231202-WA0008-1320x990.jpg",1320,990,true]},"post_excerpt_stackable_v2":"<p>Del 30 novembre al 4 de desembre l&#8217;Hospital Sagrat Cor va rebre la visita de sor Mar\u00eda Ester Berruete, vic\u00e0ria i primera consellera general, i sor Le\u00f2tine Judith Ngo Mbock, segona consellera general. Va ser una visita familiar, de car\u00e0cter no tan formal i m\u00e9s breu que la visita can\u00f2nica. \u00a0\u00a0 Aix\u00ed, el dia 30 de novembre les conselleres van poder visitar diferents unitats de l&#8217;Hospital i els equipaments comunitaris de Pins D&#8217;Or, el CSMA de Sant Feliu de Llobregat i el CSMIJ de Molins de Rei. Posteriorment, l&#8217;1 de desembre es van reunir primerament amb el doctor Jes\u00fas Ezquerra,&hellip;<\/p>\n","category_list_v2":"<a href=\"https:\/\/fundaciohospitalariesmartorell.org\/entre-tots\/category\/actualitat\/\" rel=\"category tag\">ACTUALITAT<\/a>","author_info_v2":{"name":"Sagrat Cor","url":"https:\/\/fundaciohospitalariesmartorell.org\/entre-tots\/author\/daniel\/"},"comments_num_v2":"0 comments","_links":{"self":[{"href":"https:\/\/fundaciohospitalariesmartorell.org\/entre-tots\/wp-json\/wp\/v2\/posts\/7733","targetHints":{"allow":["GET"]}}],"collection":[{"href":"https:\/\/fundaciohospitalariesmartorell.org\/entre-tots\/wp-json\/wp\/v2\/posts"}],"about":[{"href":"https:\/\/fundaciohospitalariesmartorell.org\/entre-tots\/wp-json\/wp\/v2\/types\/post"}],"author":[{"embeddable":true,"href":"https:\/\/fundaciohospitalariesmartorell.org\/entre-tots\/wp-json\/wp\/v2\/users\/2"}],"replies":[{"embeddable":true,"href":"https:\/\/fundaciohospitalariesmartorell.org\/entre-tots\/wp-json\/wp\/v2\/comments?post=7733"}],"version-history":[{"count":4,"href":"https:\/\/fundaciohospitalariesmartorell.org\/entre-tots\/wp-json\/wp\/v2\/posts\/7733\/revisions"}],"predecessor-version":[{"id":7874,"href":"https:\/\/fundaciohospitalariesmartorell.org\/entre-tots\/wp-json\/wp\/v2\/posts\/7733\/revisions\/7874"}],"wp:featuredmedia":[{"embeddable":true,"href":"https:\/\/fundaciohospitalariesmartorell.org\/entre-tots\/wp-json\/wp\/v2\/media\/7735"}],"wp:attachment":[{"href":"https:\/\/fundaciohospitalariesmartorell.org\/entre-tots\/wp-json\/wp\/v2\/media?parent=7733"}],"wp:term":[{"taxonomy":"category","embeddable":true,"href":"https:\/\/fundaciohospitalariesmartorell.org\/entre-tots\/wp-json\/wp\/v2\/categories?post=7733"},{"taxonomy":"post_tag","embeddable":true,"href":"https:\/\/fundaciohospitalariesmartorell.org\/entre-tots\/wp-json\/wp\/v2\/tags?post=7733"}],"curies":[{"name":"wp","href":"https:\/\/api.w.org\/{rel}","templated":true}]}}