{"id":7749,"date":"2023-12-28T13:17:45","date_gmt":"2023-12-28T11:17:45","guid":{"rendered":"https:\/\/hospitalsagratcormartorell.org\/entre-tots\/?p=7749"},"modified":"2023-12-29T12:29:52","modified_gmt":"2023-12-29T10:29:52","slug":"un-nadal-ple-de-solidaritat-a-lhospital-sagrat-cor","status":"publish","type":"post","link":"https:\/\/fundaciohospitalariesmartorell.org\/entre-tots\/2023\/12\/un-nadal-ple-de-solidaritat-a-lhospital-sagrat-cor\/","title":{"rendered":"Un Nadal ple de solidaritat a l&#8217;Hospital Sagrat Cor"},"content":{"rendered":"\n<figure class=\"wp-block-image size-large\"><a href=\"https:\/\/youtu.be\/rmTiQXjbv7E\" target=\"_blank\" rel=\"noreferrer noopener\"><img loading=\"lazy\" decoding=\"async\" width=\"1024\" height=\"855\" src=\"https:\/\/hospitalsagratcormartorell.org\/entre-tots\/wp-content\/uploads\/2023\/12\/creu-roja_2-1024x855.jpg\" alt=\"\" class=\"wp-image-7844\" srcset=\"https:\/\/fundaciohospitalariesmartorell.org\/entre-tots\/wp-content\/uploads\/2023\/12\/creu-roja_2-1024x855.jpg 1024w, https:\/\/fundaciohospitalariesmartorell.org\/entre-tots\/wp-content\/uploads\/2023\/12\/creu-roja_2-300x250.jpg 300w, https:\/\/fundaciohospitalariesmartorell.org\/entre-tots\/wp-content\/uploads\/2023\/12\/creu-roja_2-768x641.jpg 768w, https:\/\/fundaciohospitalariesmartorell.org\/entre-tots\/wp-content\/uploads\/2023\/12\/creu-roja_2-1536x1282.jpg 1536w, https:\/\/fundaciohospitalariesmartorell.org\/entre-tots\/wp-content\/uploads\/2023\/12\/creu-roja_2-2048x1709.jpg 2048w, https:\/\/fundaciohospitalariesmartorell.org\/entre-tots\/wp-content\/uploads\/2023\/12\/creu-roja_2-1320x1102.jpg 1320w\" sizes=\"auto, (max-width: 1024px) 100vw, 1024px\" \/><\/a><\/figure>\n\n\n\n<p>La Comissi\u00f3 de Solidaritat de l&#8217;Hospital Sagrat Cor ha fet que aquest Nadal estigu\u00e9s ple d&#8217;accions adre\u00e7ades <a href=\"https:\/\/hospitalsagratcormartorell.org\/lhospital-sagrat-cor-torna-a-involucrar-se-amb-les-persones-amb-malaltia-mental-i-sense-sostre-al-camerun\/\">a ajudar les persones amb malaltia mental i sense sostre a Yaound\u00e9, al Camerun, el projecte solidari del 2023<\/a>. Aix\u00ed, es van posar a la venda plantes nadalenques i ramells de la sort a la recepci\u00f3 de l&#8217;Hospital. Tamb\u00e9 es van vendre participacions per a la Loteria de Nadal i altres productes, com polseres i <em>tote bags<\/em>. Tots els fons recaptats amb aquests articles es destinaran \u00edntegrament al projecte solidari.<\/p>\n\n\n\n<figure class=\"wp-block-image size-large\"><img loading=\"lazy\" decoding=\"async\" width=\"1024\" height=\"864\" src=\"https:\/\/hospitalsagratcormartorell.org\/entre-tots\/wp-content\/uploads\/2023\/12\/20231212_153943-1024x864.jpg\" alt=\"\" class=\"wp-image-7751\" srcset=\"https:\/\/fundaciohospitalariesmartorell.org\/entre-tots\/wp-content\/uploads\/2023\/12\/20231212_153943-1024x864.jpg 1024w, https:\/\/fundaciohospitalariesmartorell.org\/entre-tots\/wp-content\/uploads\/2023\/12\/20231212_153943-300x253.jpg 300w, https:\/\/fundaciohospitalariesmartorell.org\/entre-tots\/wp-content\/uploads\/2023\/12\/20231212_153943-768x648.jpg 768w, https:\/\/fundaciohospitalariesmartorell.org\/entre-tots\/wp-content\/uploads\/2023\/12\/20231212_153943-1536x1295.jpg 1536w, https:\/\/fundaciohospitalariesmartorell.org\/entre-tots\/wp-content\/uploads\/2023\/12\/20231212_153943-2048x1727.jpg 2048w, https:\/\/fundaciohospitalariesmartorell.org\/entre-tots\/wp-content\/uploads\/2023\/12\/20231212_153943-1320x1113.jpg 1320w\" sizes=\"auto, (max-width: 1024px) 100vw, 1024px\" \/><\/figure>\n\n\n\n<p>Aix\u00ed mateix, la Comissi\u00f3 tamb\u00e9 va posar en marxa una campanya de recollida de joguines, tant de noves com de segona m\u00e0, per a nens i nenes de fam\u00edlies sense recursos. El 22 de desembre es va fer entrega a Santiago S\u00e1nchez, president d&#8217;honor de Creu Roja Martorell, i a dos voluntaris, de les joguines noves aportades pel personal col\u00b7laborador de l&#8217;Hospital. El mateix dia, es van lliurar una vintena de caixes amb joguines de segona m\u00e0 a Maria Carrasco i M. del Carme Alonso, presidenta i secret\u00e0ria del Voluntariat Vicenci\u00e0, respectivament.<\/p>\n\n\n\n<figure class=\"wp-block-gallery has-nested-images columns-default is-cropped wp-block-gallery-1 is-layout-flex wp-block-gallery-is-layout-flex\">\n<figure class=\"wp-block-image size-large\"><img loading=\"lazy\" decoding=\"async\" width=\"977\" height=\"1024\" data-id=\"7754\" src=\"https:\/\/hospitalsagratcormartorell.org\/entre-tots\/wp-content\/uploads\/2023\/12\/v.vicencia-977x1024.jpg\" alt=\"\" class=\"wp-image-7754\" srcset=\"https:\/\/fundaciohospitalariesmartorell.org\/entre-tots\/wp-content\/uploads\/2023\/12\/v.vicencia-977x1024.jpg 977w, https:\/\/fundaciohospitalariesmartorell.org\/entre-tots\/wp-content\/uploads\/2023\/12\/v.vicencia-286x300.jpg 286w, https:\/\/fundaciohospitalariesmartorell.org\/entre-tots\/wp-content\/uploads\/2023\/12\/v.vicencia-768x805.jpg 768w, https:\/\/fundaciohospitalariesmartorell.org\/entre-tots\/wp-content\/uploads\/2023\/12\/v.vicencia-1466x1536.jpg 1466w, https:\/\/fundaciohospitalariesmartorell.org\/entre-tots\/wp-content\/uploads\/2023\/12\/v.vicencia-1955x2048.jpg 1955w, https:\/\/fundaciohospitalariesmartorell.org\/entre-tots\/wp-content\/uploads\/2023\/12\/v.vicencia-1320x1383.jpg 1320w\" sizes=\"auto, (max-width: 977px) 100vw, 977px\" \/><\/figure>\n\n\n\n<figure class=\"wp-block-image size-large\"><img loading=\"lazy\" decoding=\"async\" width=\"1024\" height=\"768\" data-id=\"7752\" src=\"https:\/\/hospitalsagratcormartorell.org\/entre-tots\/wp-content\/uploads\/2023\/12\/creu-roja-furgo-1024x768.jpg\" alt=\"\" class=\"wp-image-7752\" srcset=\"https:\/\/fundaciohospitalariesmartorell.org\/entre-tots\/wp-content\/uploads\/2023\/12\/creu-roja-furgo-1024x768.jpg 1024w, https:\/\/fundaciohospitalariesmartorell.org\/entre-tots\/wp-content\/uploads\/2023\/12\/creu-roja-furgo-300x225.jpg 300w, https:\/\/fundaciohospitalariesmartorell.org\/entre-tots\/wp-content\/uploads\/2023\/12\/creu-roja-furgo-768x576.jpg 768w, https:\/\/fundaciohospitalariesmartorell.org\/entre-tots\/wp-content\/uploads\/2023\/12\/creu-roja-furgo-1536x1152.jpg 1536w, https:\/\/fundaciohospitalariesmartorell.org\/entre-tots\/wp-content\/uploads\/2023\/12\/creu-roja-furgo-2048x1536.jpg 2048w, https:\/\/fundaciohospitalariesmartorell.org\/entre-tots\/wp-content\/uploads\/2023\/12\/creu-roja-furgo-1320x990.jpg 1320w\" sizes=\"auto, (max-width: 1024px) 100vw, 1024px\" \/><\/figure>\n<\/figure>\n\n\n\n<p>Des d&#8217;aqu\u00ed volem donar les gr\u00e0cies a Esther Romaguera, terapeuta ocupacional i membre de la Comissi\u00f3 de Solidaritat de l&#8217;Hospital, per impulsar la iniciativa i a tots els col\u00b7laboradors i col\u00b7laboradores que ho han fet possible!<\/p>\n\n\n\n<p>Podeu veure un v\u00eddeo que recull alguns dels moments de l&#8217;entrega <a href=\"https:\/\/youtu.be\/rmTiQXjbv7E\">aqu\u00ed<\/a>.<\/p>\n","protected":false},"excerpt":{"rendered":"<p>La Comissi\u00f3 de Solidaritat de l&#8217;Hospital Sagrat Cor ha fet que aquest Nadal estigu\u00e9s ple d&#8217;accions adre\u00e7ades a ajudar les persones amb malaltia mental i sense sostre a Yaound\u00e9, al Camerun, el projecte solidari del 2023. Aix\u00ed, es van posar a la venda plantes nadalenques i ramells de la sort a la recepci\u00f3 de l&#8217;Hospital. [&hellip;]<\/p>\n","protected":false},"author":2,"featured_media":7753,"comment_status":"closed","ping_status":"closed","sticky":false,"template":"","format":"standard","meta":{"footnotes":""},"categories":[27],"tags":[],"class_list":["post-7749","post","type-post","status-publish","format-standard","has-post-thumbnail","hentry","category-actualitat"],"blocksy_meta":{"styles_descriptor":{"styles":{"desktop":"","tablet":"","mobile":""},"google_fonts":[],"version":6}},"featured_image_urls_v2":{"full":["https:\/\/fundaciohospitalariesmartorell.org\/entre-tots\/wp-content\/uploads\/2023\/12\/creu-roja-scaled.jpg",2560,2137,false],"thumbnail":["https:\/\/fundaciohospitalariesmartorell.org\/entre-tots\/wp-content\/uploads\/2023\/12\/creu-roja-150x150.jpg",150,150,true],"medium":["https:\/\/fundaciohospitalariesmartorell.org\/entre-tots\/wp-content\/uploads\/2023\/12\/creu-roja-300x250.jpg",300,250,true],"medium_large":["https:\/\/fundaciohospitalariesmartorell.org\/entre-tots\/wp-content\/uploads\/2023\/12\/creu-roja-768x641.jpg",768,641,true],"large":["https:\/\/fundaciohospitalariesmartorell.org\/entre-tots\/wp-content\/uploads\/2023\/12\/creu-roja-1024x855.jpg",1024,855,true],"1536x1536":["https:\/\/fundaciohospitalariesmartorell.org\/entre-tots\/wp-content\/uploads\/2023\/12\/creu-roja-1536x1282.jpg",1536,1282,true],"2048x2048":["https:\/\/fundaciohospitalariesmartorell.org\/entre-tots\/wp-content\/uploads\/2023\/12\/creu-roja-2048x1709.jpg",2048,1709,true],"mailpoet_newsletter_max":["https:\/\/fundaciohospitalariesmartorell.org\/entre-tots\/wp-content\/uploads\/2023\/12\/creu-roja-1320x1102.jpg",1320,1102,true]},"post_excerpt_stackable_v2":"<p>La Comissi\u00f3 de Solidaritat de l&#8217;Hospital Sagrat Cor ha fet que aquest Nadal estigu\u00e9s ple d&#8217;accions adre\u00e7ades a ajudar les persones amb malaltia mental i sense sostre a Yaound\u00e9, al Camerun, el projecte solidari del 2023. Aix\u00ed, es van posar a la venda plantes nadalenques i ramells de la sort a la recepci\u00f3 de l&#8217;Hospital. Tamb\u00e9 es van vendre participacions per a la Loteria de Nadal i altres productes, com polseres i tote bags. Tots els fons recaptats amb aquests articles es destinaran \u00edntegrament al projecte solidari. Aix\u00ed mateix, la Comissi\u00f3 tamb\u00e9 va posar en marxa una campanya de recollida&hellip;<\/p>\n","category_list_v2":"<a href=\"https:\/\/fundaciohospitalariesmartorell.org\/entre-tots\/category\/actualitat\/\" rel=\"category tag\">ACTUALITAT<\/a>","author_info_v2":{"name":"Sagrat Cor","url":"https:\/\/fundaciohospitalariesmartorell.org\/entre-tots\/author\/daniel\/"},"comments_num_v2":"0 comments","_links":{"self":[{"href":"https:\/\/fundaciohospitalariesmartorell.org\/entre-tots\/wp-json\/wp\/v2\/posts\/7749","targetHints":{"allow":["GET"]}}],"collection":[{"href":"https:\/\/fundaciohospitalariesmartorell.org\/entre-tots\/wp-json\/wp\/v2\/posts"}],"about":[{"href":"https:\/\/fundaciohospitalariesmartorell.org\/entre-tots\/wp-json\/wp\/v2\/types\/post"}],"author":[{"embeddable":true,"href":"https:\/\/fundaciohospitalariesmartorell.org\/entre-tots\/wp-json\/wp\/v2\/users\/2"}],"replies":[{"embeddable":true,"href":"https:\/\/fundaciohospitalariesmartorell.org\/entre-tots\/wp-json\/wp\/v2\/comments?post=7749"}],"version-history":[{"count":7,"href":"https:\/\/fundaciohospitalariesmartorell.org\/entre-tots\/wp-json\/wp\/v2\/posts\/7749\/revisions"}],"predecessor-version":[{"id":7872,"href":"https:\/\/fundaciohospitalariesmartorell.org\/entre-tots\/wp-json\/wp\/v2\/posts\/7749\/revisions\/7872"}],"wp:featuredmedia":[{"embeddable":true,"href":"https:\/\/fundaciohospitalariesmartorell.org\/entre-tots\/wp-json\/wp\/v2\/media\/7753"}],"wp:attachment":[{"href":"https:\/\/fundaciohospitalariesmartorell.org\/entre-tots\/wp-json\/wp\/v2\/media?parent=7749"}],"wp:term":[{"taxonomy":"category","embeddable":true,"href":"https:\/\/fundaciohospitalariesmartorell.org\/entre-tots\/wp-json\/wp\/v2\/categories?post=7749"},{"taxonomy":"post_tag","embeddable":true,"href":"https:\/\/fundaciohospitalariesmartorell.org\/entre-tots\/wp-json\/wp\/v2\/tags?post=7749"}],"curies":[{"name":"wp","href":"https:\/\/api.w.org\/{rel}","templated":true}]}}