{"id":7756,"date":"2023-12-28T13:19:53","date_gmt":"2023-12-28T11:19:53","guid":{"rendered":"https:\/\/hospitalsagratcormartorell.org\/entre-tots\/?p=7756"},"modified":"2023-12-29T12:00:24","modified_gmt":"2023-12-29T10:00:24","slug":"repartim-felicitacions-i-lots-de-nadal-solidaris-entre-el-personal-collaborador","status":"publish","type":"post","link":"https:\/\/fundaciohospitalariesmartorell.org\/entre-tots\/2023\/12\/repartim-felicitacions-i-lots-de-nadal-solidaris-entre-el-personal-collaborador\/","title":{"rendered":"Repartim felicitacions i lots de Nadal solidaris entre el personal col.laborador"},"content":{"rendered":"<figure class=\"wp-block-post-featured-image\"><img loading=\"lazy\" decoding=\"async\" width=\"2048\" height=\"1536\" src=\"https:\/\/fundaciohospitalariesmartorell.org\/entre-tots\/wp-content\/uploads\/2023\/12\/872bde34-1206-4c47-a005-85bf74b6ddd4.jpeg\" class=\"attachment-post-thumbnail size-post-thumbnail wp-post-image\" alt=\"\" style=\"object-fit:cover;\" srcset=\"https:\/\/fundaciohospitalariesmartorell.org\/entre-tots\/wp-content\/uploads\/2023\/12\/872bde34-1206-4c47-a005-85bf74b6ddd4.jpeg 2048w, https:\/\/fundaciohospitalariesmartorell.org\/entre-tots\/wp-content\/uploads\/2023\/12\/872bde34-1206-4c47-a005-85bf74b6ddd4-300x225.jpeg 300w, https:\/\/fundaciohospitalariesmartorell.org\/entre-tots\/wp-content\/uploads\/2023\/12\/872bde34-1206-4c47-a005-85bf74b6ddd4-1024x768.jpeg 1024w, https:\/\/fundaciohospitalariesmartorell.org\/entre-tots\/wp-content\/uploads\/2023\/12\/872bde34-1206-4c47-a005-85bf74b6ddd4-768x576.jpeg 768w, https:\/\/fundaciohospitalariesmartorell.org\/entre-tots\/wp-content\/uploads\/2023\/12\/872bde34-1206-4c47-a005-85bf74b6ddd4-1536x1152.jpeg 1536w, https:\/\/fundaciohospitalariesmartorell.org\/entre-tots\/wp-content\/uploads\/2023\/12\/872bde34-1206-4c47-a005-85bf74b6ddd4-1320x990.jpeg 1320w\" sizes=\"auto, (max-width: 2048px) 100vw, 2048px\" \/><\/figure>\n\n\n<p>El dilluns 18 de desembre va tenir lloc a la capella de l&#8217;Hospital el tradicional Acte Penitencial, una cerim\u00f2nia en la qual es va celebrar el perd\u00f3 i la reconciliaci\u00f3, i que va servir com a preparaci\u00f3 per Nadal. Amb el t\u00edtol \u201cObrir camins nous, deixar espai al nostre interior\u201d, la part sacramental va estar oficiada per moss\u00e8n Esteve.<\/p>\n\n\n\n<p>Posteriorment, es va procedir a l&#8217;acte \u2018Sembradors d\u2019estrelles\u2019, per iniciativa del Servei de PAER de l&#8217;Hospital Sagrat Cor. En aquest acte, com \u00e9s habitual, es van beneir unes estrelles que van ser distribu\u00efdes despr\u00e9s, juntament amb una felicitaci\u00f3 de Nadal, per tot l&#8217;Hospital, per tal de compartir un missatge de pau i esperan\u00e7a entre totes les persones que formen part de la Comunitat Hospital\u00e0ria.<\/p>\n\n\n\n<p>A m\u00e9s, els dies 16, 17, 19 i 20 de desembre es va repartir entre el personal col\u00b7laborador del Centre un lot de Nadal. Enguany els lots han estat adquirits a la Fundaci\u00f3 Portol\u00e0, una entitat sense \u00e0nim de lucre que dona suport a la integraci\u00f3 social i laboral de persones amb discapacitat intel\u00b7lectual o trastorns mentals. El fet de decantar-nos per una opci\u00f3 d\u2019\u00e0mbit social est\u00e0 en l\u00ednia amb els valors del nostre Hospital.<\/p>\n\n\n\n<p>Gr\u00e0cies a tots i totes pel vostre esfor\u00e7 i la vostra dedicaci\u00f3, ara i sempre!<\/p>\n","protected":false},"excerpt":{"rendered":"<p>El dilluns 18 de desembre va tenir lloc a la capella de l&#8217;Hospital el tradicional Acte Penitencial, una cerim\u00f2nia en la qual es va celebrar el perd\u00f3 i la reconciliaci\u00f3, i que va servir com a preparaci\u00f3 per Nadal. Amb el t\u00edtol \u201cObrir camins nous, deixar espai al nostre interior\u201d, la part sacramental va estar [&hellip;]<\/p>\n","protected":false},"author":2,"featured_media":7758,"comment_status":"closed","ping_status":"closed","sticky":false,"template":"","format":"standard","meta":{"footnotes":""},"categories":[27],"tags":[],"class_list":["post-7756","post","type-post","status-publish","format-standard","has-post-thumbnail","hentry","category-actualitat"],"blocksy_meta":{"styles_descriptor":{"styles":{"desktop":"","tablet":"","mobile":""},"google_fonts":[],"version":6}},"featured_image_urls_v2":{"full":["https:\/\/fundaciohospitalariesmartorell.org\/entre-tots\/wp-content\/uploads\/2023\/12\/872bde34-1206-4c47-a005-85bf74b6ddd4.jpeg",2048,1536,false],"thumbnail":["https:\/\/fundaciohospitalariesmartorell.org\/entre-tots\/wp-content\/uploads\/2023\/12\/872bde34-1206-4c47-a005-85bf74b6ddd4-150x150.jpeg",150,150,true],"medium":["https:\/\/fundaciohospitalariesmartorell.org\/entre-tots\/wp-content\/uploads\/2023\/12\/872bde34-1206-4c47-a005-85bf74b6ddd4-300x225.jpeg",300,225,true],"medium_large":["https:\/\/fundaciohospitalariesmartorell.org\/entre-tots\/wp-content\/uploads\/2023\/12\/872bde34-1206-4c47-a005-85bf74b6ddd4-768x576.jpeg",768,576,true],"large":["https:\/\/fundaciohospitalariesmartorell.org\/entre-tots\/wp-content\/uploads\/2023\/12\/872bde34-1206-4c47-a005-85bf74b6ddd4-1024x768.jpeg",1024,768,true],"1536x1536":["https:\/\/fundaciohospitalariesmartorell.org\/entre-tots\/wp-content\/uploads\/2023\/12\/872bde34-1206-4c47-a005-85bf74b6ddd4-1536x1152.jpeg",1536,1152,true],"2048x2048":["https:\/\/fundaciohospitalariesmartorell.org\/entre-tots\/wp-content\/uploads\/2023\/12\/872bde34-1206-4c47-a005-85bf74b6ddd4.jpeg",2048,1536,false],"mailpoet_newsletter_max":["https:\/\/fundaciohospitalariesmartorell.org\/entre-tots\/wp-content\/uploads\/2023\/12\/872bde34-1206-4c47-a005-85bf74b6ddd4-1320x990.jpeg",1320,990,true]},"post_excerpt_stackable_v2":"<p>El dilluns 18 de desembre va tenir lloc a la capella de l&#8217;Hospital el tradicional Acte Penitencial, una cerim\u00f2nia en la qual es va celebrar el perd\u00f3 i la reconciliaci\u00f3, i que va servir com a preparaci\u00f3 per Nadal. Amb el t\u00edtol \u201cObrir camins nous, deixar espai al nostre interior\u201d, la part sacramental va estar oficiada per moss\u00e8n Esteve. Posteriorment, es va procedir a l&#8217;acte \u2018Sembradors d\u2019estrelles\u2019, per iniciativa del Servei de PAER de l&#8217;Hospital Sagrat Cor. En aquest acte, com \u00e9s habitual, es van beneir unes estrelles que van ser distribu\u00efdes despr\u00e9s, juntament amb una felicitaci\u00f3 de Nadal, per&hellip;<\/p>\n","category_list_v2":"<a href=\"https:\/\/fundaciohospitalariesmartorell.org\/entre-tots\/category\/actualitat\/\" rel=\"category tag\">ACTUALITAT<\/a>","author_info_v2":{"name":"Sagrat Cor","url":"https:\/\/fundaciohospitalariesmartorell.org\/entre-tots\/author\/daniel\/"},"comments_num_v2":"0 comments","_links":{"self":[{"href":"https:\/\/fundaciohospitalariesmartorell.org\/entre-tots\/wp-json\/wp\/v2\/posts\/7756","targetHints":{"allow":["GET"]}}],"collection":[{"href":"https:\/\/fundaciohospitalariesmartorell.org\/entre-tots\/wp-json\/wp\/v2\/posts"}],"about":[{"href":"https:\/\/fundaciohospitalariesmartorell.org\/entre-tots\/wp-json\/wp\/v2\/types\/post"}],"author":[{"embeddable":true,"href":"https:\/\/fundaciohospitalariesmartorell.org\/entre-tots\/wp-json\/wp\/v2\/users\/2"}],"replies":[{"embeddable":true,"href":"https:\/\/fundaciohospitalariesmartorell.org\/entre-tots\/wp-json\/wp\/v2\/comments?post=7756"}],"version-history":[{"count":4,"href":"https:\/\/fundaciohospitalariesmartorell.org\/entre-tots\/wp-json\/wp\/v2\/posts\/7756\/revisions"}],"predecessor-version":[{"id":7850,"href":"https:\/\/fundaciohospitalariesmartorell.org\/entre-tots\/wp-json\/wp\/v2\/posts\/7756\/revisions\/7850"}],"wp:featuredmedia":[{"embeddable":true,"href":"https:\/\/fundaciohospitalariesmartorell.org\/entre-tots\/wp-json\/wp\/v2\/media\/7758"}],"wp:attachment":[{"href":"https:\/\/fundaciohospitalariesmartorell.org\/entre-tots\/wp-json\/wp\/v2\/media?parent=7756"}],"wp:term":[{"taxonomy":"category","embeddable":true,"href":"https:\/\/fundaciohospitalariesmartorell.org\/entre-tots\/wp-json\/wp\/v2\/categories?post=7756"},{"taxonomy":"post_tag","embeddable":true,"href":"https:\/\/fundaciohospitalariesmartorell.org\/entre-tots\/wp-json\/wp\/v2\/tags?post=7756"}],"curies":[{"name":"wp","href":"https:\/\/api.w.org\/{rel}","templated":true}]}}