{"id":7789,"date":"2023-12-28T16:03:25","date_gmt":"2023-12-28T14:03:25","guid":{"rendered":"https:\/\/hospitalsagratcormartorell.org\/entre-tots\/?p=7789"},"modified":"2023-12-28T16:55:02","modified_gmt":"2023-12-28T14:55:02","slug":"lhospital-general-universitari-gregorio-maranon-acull-la-xi-jornada-dexcellencia-en-sanitat","status":"publish","type":"post","link":"https:\/\/fundaciohospitalariesmartorell.org\/entre-tots\/2023\/12\/lhospital-general-universitari-gregorio-maranon-acull-la-xi-jornada-dexcellencia-en-sanitat\/","title":{"rendered":"L\u2019Hospital General Universitari Gregorio Mara\u00f1\u00f3n acull la XI Jornada d\u2019Excel.l\u00e8ncia en Sanitat"},"content":{"rendered":"\n<figure class=\"wp-block-image size-full\"><img loading=\"lazy\" decoding=\"async\" width=\"1946\" height=\"1910\" src=\"https:\/\/hospitalsagratcormartorell.org\/entre-tots\/wp-content\/uploads\/2023\/12\/Captura-de-pantalla-2023-12-27-a-las-17.18.31.png\" alt=\"\" class=\"wp-image-7791\" srcset=\"https:\/\/fundaciohospitalariesmartorell.org\/entre-tots\/wp-content\/uploads\/2023\/12\/Captura-de-pantalla-2023-12-27-a-las-17.18.31.png 1946w, https:\/\/fundaciohospitalariesmartorell.org\/entre-tots\/wp-content\/uploads\/2023\/12\/Captura-de-pantalla-2023-12-27-a-las-17.18.31-300x294.png 300w, https:\/\/fundaciohospitalariesmartorell.org\/entre-tots\/wp-content\/uploads\/2023\/12\/Captura-de-pantalla-2023-12-27-a-las-17.18.31-1024x1005.png 1024w, https:\/\/fundaciohospitalariesmartorell.org\/entre-tots\/wp-content\/uploads\/2023\/12\/Captura-de-pantalla-2023-12-27-a-las-17.18.31-768x754.png 768w, https:\/\/fundaciohospitalariesmartorell.org\/entre-tots\/wp-content\/uploads\/2023\/12\/Captura-de-pantalla-2023-12-27-a-las-17.18.31-1536x1508.png 1536w, https:\/\/fundaciohospitalariesmartorell.org\/entre-tots\/wp-content\/uploads\/2023\/12\/Captura-de-pantalla-2023-12-27-a-las-17.18.31-1320x1296.png 1320w\" sizes=\"auto, (max-width: 1946px) 100vw, 1946px\" \/><\/figure>\n\n\n\n<p>En el marc de la celebraci\u00f3 de la XI Jornada d\u2019Excel\u00b7l\u00e8ncia en Sanitat, que va celebrar a Madrid a l\u2019Hospital Gregorio Mara\u00f1\u00f3n el Club Excelencia en Gesti\u00f3n, es va fer un reconeixement a les 17 organitzacions sociosanit\u00e0ries localitzades a Espanya que han obtingut un Segell EFQM al llarg de l\u2019\u00faltim any, entre les quals es troba l\u2019Hospital Sagrat Cor.<\/p>\n\n\n\n<p><a href=\"https:\/\/www.corresponsables.com\/actualidad\/hospital-general-universitario-gregorio-maranon-acoge-xi-jornada-excelencia-sanidad\">https:\/\/www.corresponsables.com\/actualidad\/hospital-general-universitario-gregorio-maranon-acoge-xi-jornada-excelencia-sanidad<\/a><\/p>\n","protected":false},"excerpt":{"rendered":"<p>En el marc de la celebraci\u00f3 de la XI Jornada d\u2019Excel\u00b7l\u00e8ncia en Sanitat, que va celebrar a Madrid a l\u2019Hospital Gregorio Mara\u00f1\u00f3n el Club Excelencia en Gesti\u00f3n, es va fer un reconeixement a les 17 organitzacions sociosanit\u00e0ries localitzades a Espanya que han obtingut un Segell EFQM al llarg de l\u2019\u00faltim any, entre les quals es [&hellip;]<\/p>\n","protected":false},"author":2,"featured_media":0,"comment_status":"closed","ping_status":"closed","sticky":false,"template":"","format":"standard","meta":{"footnotes":""},"categories":[44],"tags":[],"class_list":["post-7789","post","type-post","status-publish","format-standard","hentry","category-entre-noticies"],"blocksy_meta":{"styles_descriptor":{"styles":{"desktop":"","tablet":"","mobile":""},"google_fonts":[],"version":6}},"featured_image_urls_v2":{"full":"","thumbnail":"","medium":"","medium_large":"","large":"","1536x1536":"","2048x2048":"","mailpoet_newsletter_max":""},"post_excerpt_stackable_v2":"<p>En el marc de la celebraci\u00f3 de la XI Jornada d\u2019Excel\u00b7l\u00e8ncia en Sanitat, que va celebrar a Madrid a l\u2019Hospital Gregorio Mara\u00f1\u00f3n el Club Excelencia en Gesti\u00f3n, es va fer un reconeixement a les 17 organitzacions sociosanit\u00e0ries localitzades a Espanya que han obtingut un Segell EFQM al llarg de l\u2019\u00faltim any, entre les quals es troba l\u2019Hospital Sagrat Cor. https:\/\/www.corresponsables.com\/actualidad\/hospital-general-universitario-gregorio-maranon-acoge-xi-jornada-excelencia-sanidad<\/p>\n","category_list_v2":"<a href=\"https:\/\/fundaciohospitalariesmartorell.org\/entre-tots\/category\/entre-noticies\/\" rel=\"category tag\">ENTRE NOT\u00cdCIES<\/a>","author_info_v2":{"name":"Sagrat Cor","url":"https:\/\/fundaciohospitalariesmartorell.org\/entre-tots\/author\/daniel\/"},"comments_num_v2":"0 comments","_links":{"self":[{"href":"https:\/\/fundaciohospitalariesmartorell.org\/entre-tots\/wp-json\/wp\/v2\/posts\/7789","targetHints":{"allow":["GET"]}}],"collection":[{"href":"https:\/\/fundaciohospitalariesmartorell.org\/entre-tots\/wp-json\/wp\/v2\/posts"}],"about":[{"href":"https:\/\/fundaciohospitalariesmartorell.org\/entre-tots\/wp-json\/wp\/v2\/types\/post"}],"author":[{"embeddable":true,"href":"https:\/\/fundaciohospitalariesmartorell.org\/entre-tots\/wp-json\/wp\/v2\/users\/2"}],"replies":[{"embeddable":true,"href":"https:\/\/fundaciohospitalariesmartorell.org\/entre-tots\/wp-json\/wp\/v2\/comments?post=7789"}],"version-history":[{"count":3,"href":"https:\/\/fundaciohospitalariesmartorell.org\/entre-tots\/wp-json\/wp\/v2\/posts\/7789\/revisions"}],"predecessor-version":[{"id":7825,"href":"https:\/\/fundaciohospitalariesmartorell.org\/entre-tots\/wp-json\/wp\/v2\/posts\/7789\/revisions\/7825"}],"wp:attachment":[{"href":"https:\/\/fundaciohospitalariesmartorell.org\/entre-tots\/wp-json\/wp\/v2\/media?parent=7789"}],"wp:term":[{"taxonomy":"category","embeddable":true,"href":"https:\/\/fundaciohospitalariesmartorell.org\/entre-tots\/wp-json\/wp\/v2\/categories?post=7789"},{"taxonomy":"post_tag","embeddable":true,"href":"https:\/\/fundaciohospitalariesmartorell.org\/entre-tots\/wp-json\/wp\/v2\/tags?post=7789"}],"curies":[{"name":"wp","href":"https:\/\/api.w.org\/{rel}","templated":true}]}}