{"id":7795,"date":"2023-12-28T16:05:23","date_gmt":"2023-12-28T14:05:23","guid":{"rendered":"https:\/\/hospitalsagratcormartorell.org\/entre-tots\/?p=7795"},"modified":"2023-12-28T16:54:03","modified_gmt":"2023-12-28T14:54:03","slug":"lhospital-sagrat-cor-estrena-lespai-de-silenci-interconfessional","status":"publish","type":"post","link":"https:\/\/fundaciohospitalariesmartorell.org\/entre-tots\/2023\/12\/lhospital-sagrat-cor-estrena-lespai-de-silenci-interconfessional\/","title":{"rendered":"L\u2019Hospital Sagrat Cor estrena l\u2019Espai de Silenci Interconfessional"},"content":{"rendered":"\n<figure class=\"wp-block-image size-full\"><img loading=\"lazy\" decoding=\"async\" width=\"1372\" height=\"1904\" src=\"https:\/\/hospitalsagratcormartorell.org\/entre-tots\/wp-content\/uploads\/2023\/12\/Captura-de-pantalla-2023-12-27-a-las-17.19.37.png\" alt=\"\" class=\"wp-image-7797\" srcset=\"https:\/\/fundaciohospitalariesmartorell.org\/entre-tots\/wp-content\/uploads\/2023\/12\/Captura-de-pantalla-2023-12-27-a-las-17.19.37.png 1372w, https:\/\/fundaciohospitalariesmartorell.org\/entre-tots\/wp-content\/uploads\/2023\/12\/Captura-de-pantalla-2023-12-27-a-las-17.19.37-216x300.png 216w, https:\/\/fundaciohospitalariesmartorell.org\/entre-tots\/wp-content\/uploads\/2023\/12\/Captura-de-pantalla-2023-12-27-a-las-17.19.37-738x1024.png 738w, https:\/\/fundaciohospitalariesmartorell.org\/entre-tots\/wp-content\/uploads\/2023\/12\/Captura-de-pantalla-2023-12-27-a-las-17.19.37-768x1066.png 768w, https:\/\/fundaciohospitalariesmartorell.org\/entre-tots\/wp-content\/uploads\/2023\/12\/Captura-de-pantalla-2023-12-27-a-las-17.19.37-1107x1536.png 1107w, https:\/\/fundaciohospitalariesmartorell.org\/entre-tots\/wp-content\/uploads\/2023\/12\/Captura-de-pantalla-2023-12-27-a-las-17.19.37-1320x1832.png 1320w\" sizes=\"auto, (max-width: 1372px) 100vw, 1372px\" \/><\/figure>\n\n\n\n<p><em>El Far<\/em> va recollir la not\u00edcia sobre l&#8217;estrena del nou Espai de Silenci Interconfessional de l\u2019Hospital Sagrat Cor. Aquest nou espai est\u00e0 ubicat a l\u2019edifici social del centre i est\u00e0 obert a qualsevol persona, sense distinci\u00f3 de ra\u00e7a, religi\u00f3, ideologia o classe social.<\/p>\n\n\n\n<p><a href=\"https:\/\/elfar.cat\/art\/47011\/lhospital-sagrat-cor-estrena-lespai-de-silenci-interconfessional\">https:\/\/elfar.cat\/art\/47011\/lhospital-sagrat-cor-estrena-lespai-de-silenci-interconfessional<\/a><\/p>\n","protected":false},"excerpt":{"rendered":"<p>El Far va recollir la not\u00edcia sobre l&#8217;estrena del nou Espai de Silenci Interconfessional de l\u2019Hospital Sagrat Cor. Aquest nou espai est\u00e0 ubicat a l\u2019edifici social del centre i est\u00e0 obert a qualsevol persona, sense distinci\u00f3 de ra\u00e7a, religi\u00f3, ideologia o classe social. https:\/\/elfar.cat\/art\/47011\/lhospital-sagrat-cor-estrena-lespai-de-silenci-interconfessional<\/p>\n","protected":false},"author":2,"featured_media":0,"comment_status":"closed","ping_status":"closed","sticky":false,"template":"","format":"standard","meta":{"footnotes":""},"categories":[44],"tags":[],"class_list":["post-7795","post","type-post","status-publish","format-standard","hentry","category-entre-noticies"],"blocksy_meta":{"styles_descriptor":{"styles":{"desktop":"","tablet":"","mobile":""},"google_fonts":[],"version":6}},"featured_image_urls_v2":{"full":"","thumbnail":"","medium":"","medium_large":"","large":"","1536x1536":"","2048x2048":"","mailpoet_newsletter_max":""},"post_excerpt_stackable_v2":"<p>El Far va recollir la not\u00edcia sobre l&#8217;estrena del nou Espai de Silenci Interconfessional de l\u2019Hospital Sagrat Cor. Aquest nou espai est\u00e0 ubicat a l\u2019edifici social del centre i est\u00e0 obert a qualsevol persona, sense distinci\u00f3 de ra\u00e7a, religi\u00f3, ideologia o classe social. https:\/\/elfar.cat\/art\/47011\/lhospital-sagrat-cor-estrena-lespai-de-silenci-interconfessional<\/p>\n","category_list_v2":"<a href=\"https:\/\/fundaciohospitalariesmartorell.org\/entre-tots\/category\/entre-noticies\/\" rel=\"category tag\">ENTRE NOT\u00cdCIES<\/a>","author_info_v2":{"name":"Sagrat Cor","url":"https:\/\/fundaciohospitalariesmartorell.org\/entre-tots\/author\/daniel\/"},"comments_num_v2":"0 comments","_links":{"self":[{"href":"https:\/\/fundaciohospitalariesmartorell.org\/entre-tots\/wp-json\/wp\/v2\/posts\/7795","targetHints":{"allow":["GET"]}}],"collection":[{"href":"https:\/\/fundaciohospitalariesmartorell.org\/entre-tots\/wp-json\/wp\/v2\/posts"}],"about":[{"href":"https:\/\/fundaciohospitalariesmartorell.org\/entre-tots\/wp-json\/wp\/v2\/types\/post"}],"author":[{"embeddable":true,"href":"https:\/\/fundaciohospitalariesmartorell.org\/entre-tots\/wp-json\/wp\/v2\/users\/2"}],"replies":[{"embeddable":true,"href":"https:\/\/fundaciohospitalariesmartorell.org\/entre-tots\/wp-json\/wp\/v2\/comments?post=7795"}],"version-history":[{"count":2,"href":"https:\/\/fundaciohospitalariesmartorell.org\/entre-tots\/wp-json\/wp\/v2\/posts\/7795\/revisions"}],"predecessor-version":[{"id":7798,"href":"https:\/\/fundaciohospitalariesmartorell.org\/entre-tots\/wp-json\/wp\/v2\/posts\/7795\/revisions\/7798"}],"wp:attachment":[{"href":"https:\/\/fundaciohospitalariesmartorell.org\/entre-tots\/wp-json\/wp\/v2\/media?parent=7795"}],"wp:term":[{"taxonomy":"category","embeddable":true,"href":"https:\/\/fundaciohospitalariesmartorell.org\/entre-tots\/wp-json\/wp\/v2\/categories?post=7795"},{"taxonomy":"post_tag","embeddable":true,"href":"https:\/\/fundaciohospitalariesmartorell.org\/entre-tots\/wp-json\/wp\/v2\/tags?post=7795"}],"curies":[{"name":"wp","href":"https:\/\/api.w.org\/{rel}","templated":true}]}}