{"id":7896,"date":"2024-01-29T12:57:13","date_gmt":"2024-01-29T10:57:13","guid":{"rendered":"https:\/\/hospitalsagratcormartorell.org\/entre-tots\/?p=7896"},"modified":"2024-01-29T13:56:26","modified_gmt":"2024-01-29T11:56:26","slug":"participem-en-la-i-jornada-de-referents-dinnovacio-de-germanes-hospitalaries","status":"publish","type":"post","link":"https:\/\/fundaciohospitalariesmartorell.org\/entre-tots\/2024\/01\/participem-en-la-i-jornada-de-referents-dinnovacio-de-germanes-hospitalaries\/","title":{"rendered":"Participem en la I Jornada de Referents d&#8217;Innovaci\u00f3 de Germanes Hospital\u00e0ries"},"content":{"rendered":"<figure class=\"wp-block-post-featured-image\"><img loading=\"lazy\" decoding=\"async\" width=\"2560\" height=\"1920\" src=\"https:\/\/fundaciohospitalariesmartorell.org\/entre-tots\/wp-content\/uploads\/2024\/01\/Encuentro-de-Referentes-de-Innovacion-scaled.jpg\" class=\"attachment-post-thumbnail size-post-thumbnail wp-post-image\" alt=\"\" style=\"object-fit:cover;\" srcset=\"https:\/\/fundaciohospitalariesmartorell.org\/entre-tots\/wp-content\/uploads\/2024\/01\/Encuentro-de-Referentes-de-Innovacion-scaled.jpg 2560w, https:\/\/fundaciohospitalariesmartorell.org\/entre-tots\/wp-content\/uploads\/2024\/01\/Encuentro-de-Referentes-de-Innovacion-300x225.jpg 300w, https:\/\/fundaciohospitalariesmartorell.org\/entre-tots\/wp-content\/uploads\/2024\/01\/Encuentro-de-Referentes-de-Innovacion-1024x768.jpg 1024w, https:\/\/fundaciohospitalariesmartorell.org\/entre-tots\/wp-content\/uploads\/2024\/01\/Encuentro-de-Referentes-de-Innovacion-768x576.jpg 768w, https:\/\/fundaciohospitalariesmartorell.org\/entre-tots\/wp-content\/uploads\/2024\/01\/Encuentro-de-Referentes-de-Innovacion-1536x1152.jpg 1536w, https:\/\/fundaciohospitalariesmartorell.org\/entre-tots\/wp-content\/uploads\/2024\/01\/Encuentro-de-Referentes-de-Innovacion-2048x1536.jpg 2048w, https:\/\/fundaciohospitalariesmartorell.org\/entre-tots\/wp-content\/uploads\/2024\/01\/Encuentro-de-Referentes-de-Innovacion-1320x990.jpg 1320w\" sizes=\"auto, (max-width: 2560px) 100vw, 2560px\" \/><\/figure>\n\n\n<p>El 18 de gener, es va organitzar la I Jornada de Referents d&#8217;Innovaci\u00f3 de Germanes Hospital\u00e0ries. Hi van participar referents dels 21 centres de la congregaci\u00f3, entre els quals es trobava el doctor Juan Carlos Cejudo, neuropsic\u00f2leg de la Unitat de Dem\u00e8ncies i Trastorns Cognitius de l&#8217;Hospital Sagrat Cor, que s\u2019encarregar\u00e0 de coordinar aquesta feina al nostre Centre. Durant la jornada, es van presentar les accions i les iniciatives del Pla Marc d\u2019Innovaci\u00f3 de Germanes Hospital\u00e0ries que afavoreixen l\u2019abordatge d\u2019aquesta \u00e0rea de forma coordinada entre tots els centres. La trobada tamb\u00e9 va servir per afavorir el coneixement mutu.<\/p>\n\n\n\n<p>\u201cLa persona de refer\u00e8ncia s\u2019encarregar\u00e0 d&#8217;aglutinar tot el que aporti innovaci\u00f3 al centre per valorar-ho i mesura-ho, i despr\u00e9s enviar aquesta informaci\u00f3 a l\u2019Observatori d\u2019Innovaci\u00f3 que han creat a Germanes Hospital\u00e0ries\u201d, explica el doctor Juan Carlos Cejudo. La darrera part d&#8217;aquesta trobada es va dedicar a la formaci\u00f3, impartida per Eduard Soler, coordinador de la Unitat d&#8217;Innovaci\u00f3 de Parc Taul\u00ed.<\/p>\n\n\n\n<p>Des de Germanes Hospital\u00e0ries, s&#8217;ent\u00e9n la innovaci\u00f3 com un factor clau per al desenvolupament sostenible de l&#8217;organitzaci\u00f3. Innovar \u00e9s el proc\u00e9s de recerca de solucions diferents per a problemes o reptes, aportant valor afegit i elements diferencials als nostres grups d&#8217;inter\u00e8s. La nostra Instituci\u00f3 ent\u00e9n la necessitat de desenvolupar una estrat\u00e8gia d&#8217;innovaci\u00f3 estructurada i una cultura d&#8217;innovaci\u00f3 que col\u00b7loqui les necessitats de les persones al centre. La I Jornada de Referents d&#8217;Innovaci\u00f3 ha estat un primer pas en aquest proc\u00e9s. Podeu trobar m\u00e9s informaci\u00f3 d\u2019aquesta jornada <a href=\"https:\/\/www.hospitalarias.es\/jornada-referentes-innovacion\/\" target=\"_blank\" rel=\"noreferrer noopener\">aqu\u00ed<\/a>.<\/p>\n","protected":false},"excerpt":{"rendered":"<p>El 18 de gener, es va organitzar la I Jornada de Referents d&#8217;Innovaci\u00f3 de Germanes Hospital\u00e0ries. Hi van participar referents dels 21 centres de la congregaci\u00f3, entre els quals es trobava el doctor Juan Carlos Cejudo, neuropsic\u00f2leg de la Unitat de Dem\u00e8ncies i Trastorns Cognitius de l&#8217;Hospital Sagrat Cor, que s\u2019encarregar\u00e0 de coordinar aquesta feina [&hellip;]<\/p>\n","protected":false},"author":2,"featured_media":7898,"comment_status":"closed","ping_status":"closed","sticky":false,"template":"","format":"standard","meta":{"footnotes":""},"categories":[27],"tags":[],"class_list":["post-7896","post","type-post","status-publish","format-standard","has-post-thumbnail","hentry","category-actualitat"],"blocksy_meta":{"styles_descriptor":{"styles":{"desktop":"","tablet":"","mobile":""},"google_fonts":[],"version":6}},"featured_image_urls_v2":{"full":["https:\/\/fundaciohospitalariesmartorell.org\/entre-tots\/wp-content\/uploads\/2024\/01\/Encuentro-de-Referentes-de-Innovacion-scaled.jpg",2560,1920,false],"thumbnail":["https:\/\/fundaciohospitalariesmartorell.org\/entre-tots\/wp-content\/uploads\/2024\/01\/Encuentro-de-Referentes-de-Innovacion-150x150.jpg",150,150,true],"medium":["https:\/\/fundaciohospitalariesmartorell.org\/entre-tots\/wp-content\/uploads\/2024\/01\/Encuentro-de-Referentes-de-Innovacion-300x225.jpg",300,225,true],"medium_large":["https:\/\/fundaciohospitalariesmartorell.org\/entre-tots\/wp-content\/uploads\/2024\/01\/Encuentro-de-Referentes-de-Innovacion-768x576.jpg",768,576,true],"large":["https:\/\/fundaciohospitalariesmartorell.org\/entre-tots\/wp-content\/uploads\/2024\/01\/Encuentro-de-Referentes-de-Innovacion-1024x768.jpg",1024,768,true],"1536x1536":["https:\/\/fundaciohospitalariesmartorell.org\/entre-tots\/wp-content\/uploads\/2024\/01\/Encuentro-de-Referentes-de-Innovacion-1536x1152.jpg",1536,1152,true],"2048x2048":["https:\/\/fundaciohospitalariesmartorell.org\/entre-tots\/wp-content\/uploads\/2024\/01\/Encuentro-de-Referentes-de-Innovacion-2048x1536.jpg",2048,1536,true],"mailpoet_newsletter_max":["https:\/\/fundaciohospitalariesmartorell.org\/entre-tots\/wp-content\/uploads\/2024\/01\/Encuentro-de-Referentes-de-Innovacion-1320x990.jpg",1320,990,true]},"post_excerpt_stackable_v2":"<p>El 18 de gener, es va organitzar la I Jornada de Referents d&#8217;Innovaci\u00f3 de Germanes Hospital\u00e0ries. Hi van participar referents dels 21 centres de la congregaci\u00f3, entre els quals es trobava el doctor Juan Carlos Cejudo, neuropsic\u00f2leg de la Unitat de Dem\u00e8ncies i Trastorns Cognitius de l&#8217;Hospital Sagrat Cor, que s\u2019encarregar\u00e0 de coordinar aquesta feina al nostre Centre. Durant la jornada, es van presentar les accions i les iniciatives del Pla Marc d\u2019Innovaci\u00f3 de Germanes Hospital\u00e0ries que afavoreixen l\u2019abordatge d\u2019aquesta \u00e0rea de forma coordinada entre tots els centres. La trobada tamb\u00e9 va servir per afavorir el coneixement mutu. \u201cLa persona&hellip;<\/p>\n","category_list_v2":"<a href=\"https:\/\/fundaciohospitalariesmartorell.org\/entre-tots\/category\/actualitat\/\" rel=\"category tag\">ACTUALITAT<\/a>","author_info_v2":{"name":"Sagrat Cor","url":"https:\/\/fundaciohospitalariesmartorell.org\/entre-tots\/author\/daniel\/"},"comments_num_v2":"0 comments","_links":{"self":[{"href":"https:\/\/fundaciohospitalariesmartorell.org\/entre-tots\/wp-json\/wp\/v2\/posts\/7896","targetHints":{"allow":["GET"]}}],"collection":[{"href":"https:\/\/fundaciohospitalariesmartorell.org\/entre-tots\/wp-json\/wp\/v2\/posts"}],"about":[{"href":"https:\/\/fundaciohospitalariesmartorell.org\/entre-tots\/wp-json\/wp\/v2\/types\/post"}],"author":[{"embeddable":true,"href":"https:\/\/fundaciohospitalariesmartorell.org\/entre-tots\/wp-json\/wp\/v2\/users\/2"}],"replies":[{"embeddable":true,"href":"https:\/\/fundaciohospitalariesmartorell.org\/entre-tots\/wp-json\/wp\/v2\/comments?post=7896"}],"version-history":[{"count":3,"href":"https:\/\/fundaciohospitalariesmartorell.org\/entre-tots\/wp-json\/wp\/v2\/posts\/7896\/revisions"}],"predecessor-version":[{"id":7932,"href":"https:\/\/fundaciohospitalariesmartorell.org\/entre-tots\/wp-json\/wp\/v2\/posts\/7896\/revisions\/7932"}],"wp:featuredmedia":[{"embeddable":true,"href":"https:\/\/fundaciohospitalariesmartorell.org\/entre-tots\/wp-json\/wp\/v2\/media\/7898"}],"wp:attachment":[{"href":"https:\/\/fundaciohospitalariesmartorell.org\/entre-tots\/wp-json\/wp\/v2\/media?parent=7896"}],"wp:term":[{"taxonomy":"category","embeddable":true,"href":"https:\/\/fundaciohospitalariesmartorell.org\/entre-tots\/wp-json\/wp\/v2\/categories?post=7896"},{"taxonomy":"post_tag","embeddable":true,"href":"https:\/\/fundaciohospitalariesmartorell.org\/entre-tots\/wp-json\/wp\/v2\/tags?post=7896"}],"curies":[{"name":"wp","href":"https:\/\/api.w.org\/{rel}","templated":true}]}}