{"id":7906,"date":"2024-01-29T13:25:26","date_gmt":"2024-01-29T11:25:26","guid":{"rendered":"https:\/\/hospitalsagratcormartorell.org\/entre-tots\/?p=7906"},"modified":"2024-01-29T13:55:19","modified_gmt":"2024-01-29T11:55:19","slug":"els-reis-dorient-visiten-lhospital-sagrat-cor","status":"publish","type":"post","link":"https:\/\/fundaciohospitalariesmartorell.org\/entre-tots\/2024\/01\/els-reis-dorient-visiten-lhospital-sagrat-cor\/","title":{"rendered":"Els Reis d\u2019Orient visiten l\u2019Hospital Sagrat Cor"},"content":{"rendered":"\n<figure class=\"wp-block-image size-large\"><a href=\"https:\/\/www.youtube.com\/watch?v=jWJ2H0s5WaA\" target=\"_blank\" rel=\"noreferrer noopener\"><img loading=\"lazy\" decoding=\"async\" width=\"1024\" height=\"575\" src=\"https:\/\/hospitalsagratcormartorell.org\/entre-tots\/wp-content\/uploads\/2024\/01\/24_01_SAGRAT-COR_PORTADA_REIS-MAGS-1024x575.jpg\" alt=\"\" class=\"wp-image-7909\" srcset=\"https:\/\/fundaciohospitalariesmartorell.org\/entre-tots\/wp-content\/uploads\/2024\/01\/24_01_SAGRAT-COR_PORTADA_REIS-MAGS-1024x575.jpg 1024w, https:\/\/fundaciohospitalariesmartorell.org\/entre-tots\/wp-content\/uploads\/2024\/01\/24_01_SAGRAT-COR_PORTADA_REIS-MAGS-300x168.jpg 300w, https:\/\/fundaciohospitalariesmartorell.org\/entre-tots\/wp-content\/uploads\/2024\/01\/24_01_SAGRAT-COR_PORTADA_REIS-MAGS-768x431.jpg 768w, https:\/\/fundaciohospitalariesmartorell.org\/entre-tots\/wp-content\/uploads\/2024\/01\/24_01_SAGRAT-COR_PORTADA_REIS-MAGS-1536x862.jpg 1536w, https:\/\/fundaciohospitalariesmartorell.org\/entre-tots\/wp-content\/uploads\/2024\/01\/24_01_SAGRAT-COR_PORTADA_REIS-MAGS-2048x1149.jpg 2048w, https:\/\/fundaciohospitalariesmartorell.org\/entre-tots\/wp-content\/uploads\/2024\/01\/24_01_SAGRAT-COR_PORTADA_REIS-MAGS-1320x741.jpg 1320w\" sizes=\"auto, (max-width: 1024px) 100vw, 1024px\" \/><\/a><\/figure>\n\n\n\n<p>Un any m\u00e9s, els Reis Mags, amb el patge Viu-Viu, van visitar, la tarda del 5 de gener, l&#8217;Hospital Sagrat Cor, la primera parada en el seu llarg cam\u00ed d\u2019aquella jornada. Els van rebre sor Isabel Bl\u00e1zquez, Pilar Herrero Mu\u00f1ecas i Hortensia P\u00e9rez Caballero, superiora, directora d&#8217;Infermeria i directora de l&#8217;\u00c0rea de Persones del Centre, respectivament.<\/p>\n\n\n\n<p>Petits i grans de tota la comunitat hospital\u00e0ria van viure amb molta il\u00b7lusi\u00f3 l&#8217;arribada de Ses Majestats. A l\u2019efem\u00e8ride tampoc no hi va faltar l\u2019alcalde de Martorell, Xavier Fonollosa, acompanyat de regidores i regidors de l\u2019Ajuntament de la ciutat.<\/p>\n\n\n\n<p>Ses Majestats i el patge Viu-Viu van omplir d&#8217;il\u00b7lusi\u00f3 una sala d&#8217;actes plena de gom a gom de persones usu\u00e0ries, personal professional, familiars, germanes i, sobretot, nens i nenes. A l&#8217;escenari els esperava la superiora de l&#8217;Hospital Sagrat Cor, sor Isabel Bl\u00e1zquez, que els va donar la benvinguda i va agrair la seva fidelitat amb la Instituci\u00f3.<\/p>\n\n\n\n<p>A continuaci\u00f3, va tenir lloc l&#8217;Ofrena de la Llum i la lectura, per part de les filles d\u2019una professional del Centre, d&#8217;un escrit on es demanava, entre altres peticions, que la llum de Jes\u00fas il\u00b7lumini els nostres passos, els nostres dubtes i les nostres pors, i que ens apropi al cam\u00ed de la pau, de la toler\u00e0ncia.<\/p>\n\n\n\n<figure data-wp-context=\"{&quot;imageId&quot;:&quot;69f23ee964aff&quot;}\" data-wp-interactive=\"core\/image\" data-wp-key=\"69f23ee964aff\" class=\"wp-block-image size-large wp-lightbox-container\"><img loading=\"lazy\" decoding=\"async\" width=\"1024\" height=\"768\" data-wp-class--hide=\"state.isContentHidden\" data-wp-class--show=\"state.isContentVisible\" data-wp-init=\"callbacks.setButtonStyles\" data-wp-on--click=\"actions.showLightbox\" data-wp-on--load=\"callbacks.setButtonStyles\" data-wp-on-window--resize=\"callbacks.setButtonStyles\" src=\"https:\/\/hospitalsagratcormartorell.org\/entre-tots\/wp-content\/uploads\/2024\/01\/d8db9dd2-4198-45fc-a4a6-1c11b05d89d5-1024x768.jpeg\" alt=\"\" class=\"wp-image-7910\" srcset=\"https:\/\/fundaciohospitalariesmartorell.org\/entre-tots\/wp-content\/uploads\/2024\/01\/d8db9dd2-4198-45fc-a4a6-1c11b05d89d5-1024x768.jpeg 1024w, https:\/\/fundaciohospitalariesmartorell.org\/entre-tots\/wp-content\/uploads\/2024\/01\/d8db9dd2-4198-45fc-a4a6-1c11b05d89d5-300x225.jpeg 300w, https:\/\/fundaciohospitalariesmartorell.org\/entre-tots\/wp-content\/uploads\/2024\/01\/d8db9dd2-4198-45fc-a4a6-1c11b05d89d5-768x576.jpeg 768w, https:\/\/fundaciohospitalariesmartorell.org\/entre-tots\/wp-content\/uploads\/2024\/01\/d8db9dd2-4198-45fc-a4a6-1c11b05d89d5-1536x1152.jpeg 1536w, https:\/\/fundaciohospitalariesmartorell.org\/entre-tots\/wp-content\/uploads\/2024\/01\/d8db9dd2-4198-45fc-a4a6-1c11b05d89d5-1320x990.jpeg 1320w, https:\/\/fundaciohospitalariesmartorell.org\/entre-tots\/wp-content\/uploads\/2024\/01\/d8db9dd2-4198-45fc-a4a6-1c11b05d89d5.jpeg 2040w\" sizes=\"auto, (max-width: 1024px) 100vw, 1024px\" \/><button\n\t\t\tclass=\"lightbox-trigger\"\n\t\t\ttype=\"button\"\n\t\t\taria-haspopup=\"dialog\"\n\t\t\taria-label=\"Amplia\"\n\t\t\tdata-wp-init=\"callbacks.initTriggerButton\"\n\t\t\tdata-wp-on--click=\"actions.showLightbox\"\n\t\t\tdata-wp-style--right=\"state.imageButtonRight\"\n\t\t\tdata-wp-style--top=\"state.imageButtonTop\"\n\t\t>\n\t\t\t<svg xmlns=\"http:\/\/www.w3.org\/2000\/svg\" width=\"12\" height=\"12\" fill=\"none\" viewBox=\"0 0 12 12\">\n\t\t\t\t<path fill=\"#fff\" d=\"M2 0a2 2 0 0 0-2 2v2h1.5V2a.5.5 0 0 1 .5-.5h2V0H2Zm2 10.5H2a.5.5 0 0 1-.5-.5V8H0v2a2 2 0 0 0 2 2h2v-1.5ZM8 12v-1.5h2a.5.5 0 0 0 .5-.5V8H12v2a2 2 0 0 1-2 2H8Zm2-12a2 2 0 0 1 2 2v2h-1.5V2a.5.5 0 0 0-.5-.5H8V0h2Z\" \/>\n\t\t\t<\/svg>\n\t\t<\/button><\/figure>\n\n\n\n<p>Tot seguit, el patge Viu-Viu va agrair la c\u00e0lida acollida i es va mostrar molt content de poder tornar a fer aquesta visita hist\u00f2rica a l&#8217;Hospital Sagrat Cor durant la vig\u00edlia de Reis. Despr\u00e9s de les paraules del patge Viu-Viu, Ses Majestats van saludar les persones assistents que es van acostar a saludar-los i els van donar bosses de caramels. Els m\u00e9s petits els van entregar les cartes amb els seus desitjos.<\/p>\n\n\n\n<p>Una vegada acabat l&#8217;acte, els Reis Mags van fer una visita a la Unitat de Convalesc\u00e8ncia del Centre i, a continuaci\u00f3, se\u2019ls va oferir un petit refrigeri perqu\u00e8 agafessin forces per la llarga nit que els esperava. &nbsp;<\/p>\n\n\n\n<p>Podeu veure un v\u00eddeo de la visita <a href=\"https:\/\/youtu.be\/jWJ2H0s5WaA\" target=\"_blank\" rel=\"noreferrer noopener\">aqu\u00ed<\/a>.<\/p>\n\n\n\n<figure class=\"wp-block-gallery has-nested-images columns-default is-cropped wp-block-gallery-1 is-layout-flex wp-block-gallery-is-layout-flex\">\n<figure data-wp-context=\"{&quot;imageId&quot;:&quot;69f23ee96520f&quot;}\" data-wp-interactive=\"core\/image\" data-wp-key=\"69f23ee96520f\" class=\"wp-block-image size-large wp-lightbox-container\"><img loading=\"lazy\" decoding=\"async\" width=\"1024\" height=\"768\" data-wp-class--hide=\"state.isContentHidden\" data-wp-class--show=\"state.isContentVisible\" data-wp-init=\"callbacks.setButtonStyles\" data-wp-on--click=\"actions.showLightbox\" data-wp-on--load=\"callbacks.setButtonStyles\" data-wp-on-window--resize=\"callbacks.setButtonStyles\" data-id=\"7911\" src=\"https:\/\/hospitalsagratcormartorell.org\/entre-tots\/wp-content\/uploads\/2024\/01\/PHOTO-2024-01-23-10-47-17-1024x768.jpg\" alt=\"\" class=\"wp-image-7911\" srcset=\"https:\/\/fundaciohospitalariesmartorell.org\/entre-tots\/wp-content\/uploads\/2024\/01\/PHOTO-2024-01-23-10-47-17-1024x768.jpg 1024w, https:\/\/fundaciohospitalariesmartorell.org\/entre-tots\/wp-content\/uploads\/2024\/01\/PHOTO-2024-01-23-10-47-17-300x225.jpg 300w, https:\/\/fundaciohospitalariesmartorell.org\/entre-tots\/wp-content\/uploads\/2024\/01\/PHOTO-2024-01-23-10-47-17-768x576.jpg 768w, https:\/\/fundaciohospitalariesmartorell.org\/entre-tots\/wp-content\/uploads\/2024\/01\/PHOTO-2024-01-23-10-47-17-1536x1152.jpg 1536w, https:\/\/fundaciohospitalariesmartorell.org\/entre-tots\/wp-content\/uploads\/2024\/01\/PHOTO-2024-01-23-10-47-17-1320x990.jpg 1320w, https:\/\/fundaciohospitalariesmartorell.org\/entre-tots\/wp-content\/uploads\/2024\/01\/PHOTO-2024-01-23-10-47-17.jpg 2040w\" sizes=\"auto, (max-width: 1024px) 100vw, 1024px\" \/><button\n\t\t\tclass=\"lightbox-trigger\"\n\t\t\ttype=\"button\"\n\t\t\taria-haspopup=\"dialog\"\n\t\t\taria-label=\"Amplia\"\n\t\t\tdata-wp-init=\"callbacks.initTriggerButton\"\n\t\t\tdata-wp-on--click=\"actions.showLightbox\"\n\t\t\tdata-wp-style--right=\"state.imageButtonRight\"\n\t\t\tdata-wp-style--top=\"state.imageButtonTop\"\n\t\t>\n\t\t\t<svg xmlns=\"http:\/\/www.w3.org\/2000\/svg\" width=\"12\" height=\"12\" fill=\"none\" viewBox=\"0 0 12 12\">\n\t\t\t\t<path fill=\"#fff\" d=\"M2 0a2 2 0 0 0-2 2v2h1.5V2a.5.5 0 0 1 .5-.5h2V0H2Zm2 10.5H2a.5.5 0 0 1-.5-.5V8H0v2a2 2 0 0 0 2 2h2v-1.5ZM8 12v-1.5h2a.5.5 0 0 0 .5-.5V8H12v2a2 2 0 0 1-2 2H8Zm2-12a2 2 0 0 1 2 2v2h-1.5V2a.5.5 0 0 0-.5-.5H8V0h2Z\" \/>\n\t\t\t<\/svg>\n\t\t<\/button><\/figure>\n\n\n\n<figure data-wp-context=\"{&quot;imageId&quot;:&quot;69f23ee9655d7&quot;}\" data-wp-interactive=\"core\/image\" data-wp-key=\"69f23ee9655d7\" class=\"wp-block-image size-large wp-lightbox-container\"><img loading=\"lazy\" decoding=\"async\" width=\"1024\" height=\"768\" data-wp-class--hide=\"state.isContentHidden\" data-wp-class--show=\"state.isContentVisible\" data-wp-init=\"callbacks.setButtonStyles\" data-wp-on--click=\"actions.showLightbox\" data-wp-on--load=\"callbacks.setButtonStyles\" data-wp-on-window--resize=\"callbacks.setButtonStyles\" data-id=\"7908\" src=\"https:\/\/hospitalsagratcormartorell.org\/entre-tots\/wp-content\/uploads\/2024\/01\/3c8f336a-cd5c-4422-9d71-9faa65fae2e7-1024x768.jpeg\" alt=\"\" class=\"wp-image-7908\" srcset=\"https:\/\/fundaciohospitalariesmartorell.org\/entre-tots\/wp-content\/uploads\/2024\/01\/3c8f336a-cd5c-4422-9d71-9faa65fae2e7-1024x768.jpeg 1024w, https:\/\/fundaciohospitalariesmartorell.org\/entre-tots\/wp-content\/uploads\/2024\/01\/3c8f336a-cd5c-4422-9d71-9faa65fae2e7-300x225.jpeg 300w, https:\/\/fundaciohospitalariesmartorell.org\/entre-tots\/wp-content\/uploads\/2024\/01\/3c8f336a-cd5c-4422-9d71-9faa65fae2e7-768x576.jpeg 768w, https:\/\/fundaciohospitalariesmartorell.org\/entre-tots\/wp-content\/uploads\/2024\/01\/3c8f336a-cd5c-4422-9d71-9faa65fae2e7-1536x1152.jpeg 1536w, https:\/\/fundaciohospitalariesmartorell.org\/entre-tots\/wp-content\/uploads\/2024\/01\/3c8f336a-cd5c-4422-9d71-9faa65fae2e7-1320x990.jpeg 1320w, https:\/\/fundaciohospitalariesmartorell.org\/entre-tots\/wp-content\/uploads\/2024\/01\/3c8f336a-cd5c-4422-9d71-9faa65fae2e7.jpeg 2040w\" sizes=\"auto, (max-width: 1024px) 100vw, 1024px\" \/><button\n\t\t\tclass=\"lightbox-trigger\"\n\t\t\ttype=\"button\"\n\t\t\taria-haspopup=\"dialog\"\n\t\t\taria-label=\"Amplia\"\n\t\t\tdata-wp-init=\"callbacks.initTriggerButton\"\n\t\t\tdata-wp-on--click=\"actions.showLightbox\"\n\t\t\tdata-wp-style--right=\"state.imageButtonRight\"\n\t\t\tdata-wp-style--top=\"state.imageButtonTop\"\n\t\t>\n\t\t\t<svg xmlns=\"http:\/\/www.w3.org\/2000\/svg\" width=\"12\" height=\"12\" fill=\"none\" viewBox=\"0 0 12 12\">\n\t\t\t\t<path fill=\"#fff\" d=\"M2 0a2 2 0 0 0-2 2v2h1.5V2a.5.5 0 0 1 .5-.5h2V0H2Zm2 10.5H2a.5.5 0 0 1-.5-.5V8H0v2a2 2 0 0 0 2 2h2v-1.5ZM8 12v-1.5h2a.5.5 0 0 0 .5-.5V8H12v2a2 2 0 0 1-2 2H8Zm2-12a2 2 0 0 1 2 2v2h-1.5V2a.5.5 0 0 0-.5-.5H8V0h2Z\" \/>\n\t\t\t<\/svg>\n\t\t<\/button><\/figure>\n<\/figure>\n","protected":false},"excerpt":{"rendered":"<p>Un any m\u00e9s, els Reis Mags, amb el patge Viu-Viu, van visitar, la tarda del 5 de gener, l&#8217;Hospital Sagrat Cor, la primera parada en el seu llarg cam\u00ed d\u2019aquella jornada. Els van rebre sor Isabel Bl\u00e1zquez, Pilar Herrero Mu\u00f1ecas i Hortensia P\u00e9rez Caballero, superiora, directora d&#8217;Infermeria i directora de l&#8217;\u00c0rea de Persones del Centre, [&hellip;]<\/p>\n","protected":false},"author":2,"featured_media":7909,"comment_status":"closed","ping_status":"closed","sticky":false,"template":"","format":"standard","meta":{"footnotes":""},"categories":[27],"tags":[],"class_list":["post-7906","post","type-post","status-publish","format-standard","has-post-thumbnail","hentry","category-actualitat"],"blocksy_meta":{"styles_descriptor":{"styles":{"desktop":"","tablet":"","mobile":""},"google_fonts":[],"version":6}},"featured_image_urls_v2":{"full":["https:\/\/fundaciohospitalariesmartorell.org\/entre-tots\/wp-content\/uploads\/2024\/01\/24_01_SAGRAT-COR_PORTADA_REIS-MAGS.jpg",2106,1182,false],"thumbnail":["https:\/\/fundaciohospitalariesmartorell.org\/entre-tots\/wp-content\/uploads\/2024\/01\/24_01_SAGRAT-COR_PORTADA_REIS-MAGS-150x150.jpg",150,150,true],"medium":["https:\/\/fundaciohospitalariesmartorell.org\/entre-tots\/wp-content\/uploads\/2024\/01\/24_01_SAGRAT-COR_PORTADA_REIS-MAGS-300x168.jpg",300,168,true],"medium_large":["https:\/\/fundaciohospitalariesmartorell.org\/entre-tots\/wp-content\/uploads\/2024\/01\/24_01_SAGRAT-COR_PORTADA_REIS-MAGS-768x431.jpg",768,431,true],"large":["https:\/\/fundaciohospitalariesmartorell.org\/entre-tots\/wp-content\/uploads\/2024\/01\/24_01_SAGRAT-COR_PORTADA_REIS-MAGS-1024x575.jpg",1024,575,true],"1536x1536":["https:\/\/fundaciohospitalariesmartorell.org\/entre-tots\/wp-content\/uploads\/2024\/01\/24_01_SAGRAT-COR_PORTADA_REIS-MAGS-1536x862.jpg",1536,862,true],"2048x2048":["https:\/\/fundaciohospitalariesmartorell.org\/entre-tots\/wp-content\/uploads\/2024\/01\/24_01_SAGRAT-COR_PORTADA_REIS-MAGS-2048x1149.jpg",2048,1149,true],"mailpoet_newsletter_max":["https:\/\/fundaciohospitalariesmartorell.org\/entre-tots\/wp-content\/uploads\/2024\/01\/24_01_SAGRAT-COR_PORTADA_REIS-MAGS-1320x741.jpg",1320,741,true]},"post_excerpt_stackable_v2":"<p>Un any m\u00e9s, els Reis Mags, amb el patge Viu-Viu, van visitar, la tarda del 5 de gener, l&#8217;Hospital Sagrat Cor, la primera parada en el seu llarg cam\u00ed d\u2019aquella jornada. Els van rebre sor Isabel Bl\u00e1zquez, Pilar Herrero Mu\u00f1ecas i Hortensia P\u00e9rez Caballero, superiora, directora d&#8217;Infermeria i directora de l&#8217;\u00c0rea de Persones del Centre, respectivament. Petits i grans de tota la comunitat hospital\u00e0ria van viure amb molta il\u00b7lusi\u00f3 l&#8217;arribada de Ses Majestats. A l\u2019efem\u00e8ride tampoc no hi va faltar l\u2019alcalde de Martorell, Xavier Fonollosa, acompanyat de regidores i regidors de l\u2019Ajuntament de la ciutat. Ses Majestats i el patge&hellip;<\/p>\n","category_list_v2":"<a href=\"https:\/\/fundaciohospitalariesmartorell.org\/entre-tots\/category\/actualitat\/\" rel=\"category tag\">ACTUALITAT<\/a>","author_info_v2":{"name":"Sagrat Cor","url":"https:\/\/fundaciohospitalariesmartorell.org\/entre-tots\/author\/daniel\/"},"comments_num_v2":"0 comments","_links":{"self":[{"href":"https:\/\/fundaciohospitalariesmartorell.org\/entre-tots\/wp-json\/wp\/v2\/posts\/7906","targetHints":{"allow":["GET"]}}],"collection":[{"href":"https:\/\/fundaciohospitalariesmartorell.org\/entre-tots\/wp-json\/wp\/v2\/posts"}],"about":[{"href":"https:\/\/fundaciohospitalariesmartorell.org\/entre-tots\/wp-json\/wp\/v2\/types\/post"}],"author":[{"embeddable":true,"href":"https:\/\/fundaciohospitalariesmartorell.org\/entre-tots\/wp-json\/wp\/v2\/users\/2"}],"replies":[{"embeddable":true,"href":"https:\/\/fundaciohospitalariesmartorell.org\/entre-tots\/wp-json\/wp\/v2\/comments?post=7906"}],"version-history":[{"count":5,"href":"https:\/\/fundaciohospitalariesmartorell.org\/entre-tots\/wp-json\/wp\/v2\/posts\/7906\/revisions"}],"predecessor-version":[{"id":7930,"href":"https:\/\/fundaciohospitalariesmartorell.org\/entre-tots\/wp-json\/wp\/v2\/posts\/7906\/revisions\/7930"}],"wp:featuredmedia":[{"embeddable":true,"href":"https:\/\/fundaciohospitalariesmartorell.org\/entre-tots\/wp-json\/wp\/v2\/media\/7909"}],"wp:attachment":[{"href":"https:\/\/fundaciohospitalariesmartorell.org\/entre-tots\/wp-json\/wp\/v2\/media?parent=7906"}],"wp:term":[{"taxonomy":"category","embeddable":true,"href":"https:\/\/fundaciohospitalariesmartorell.org\/entre-tots\/wp-json\/wp\/v2\/categories?post=7906"},{"taxonomy":"post_tag","embeddable":true,"href":"https:\/\/fundaciohospitalariesmartorell.org\/entre-tots\/wp-json\/wp\/v2\/tags?post=7906"}],"curies":[{"name":"wp","href":"https:\/\/api.w.org\/{rel}","templated":true}]}}