{"id":7916,"date":"2024-01-29T13:35:05","date_gmt":"2024-01-29T11:35:05","guid":{"rendered":"https:\/\/hospitalsagratcormartorell.org\/entre-tots\/?p=7916"},"modified":"2024-04-09T17:05:19","modified_gmt":"2024-04-09T16:05:19","slug":"rebem-la-visita-de-les-noves-gerents-de-les-regions-sanitaries-barcelona-metropolitana-sud-i-del-penedes","status":"publish","type":"post","link":"https:\/\/fundaciohospitalariesmartorell.org\/entre-tots\/2024\/01\/rebem-la-visita-de-les-noves-gerents-de-les-regions-sanitaries-barcelona-metropolitana-sud-i-del-penedes\/","title":{"rendered":"Rebem la visita de les noves gerents de les regions sanit\u00e0ries Barcelona Metropolitana Sud i del Pened\u00e8s"},"content":{"rendered":"\n<figure class=\"wp-block-gallery has-nested-images columns-default is-cropped wp-block-gallery-1 is-layout-flex wp-block-gallery-is-layout-flex\">\n<figure data-wp-context=\"{&quot;imageId&quot;:&quot;69f23f56db169&quot;}\" data-wp-interactive=\"core\/image\" data-wp-key=\"69f23f56db169\" class=\"wp-block-image size-large wp-lightbox-container\"><img loading=\"lazy\" decoding=\"async\" width=\"1024\" height=\"768\" data-wp-class--hide=\"state.isContentHidden\" data-wp-class--show=\"state.isContentVisible\" data-wp-init=\"callbacks.setButtonStyles\" data-wp-on--click=\"actions.showLightbox\" data-wp-on--load=\"callbacks.setButtonStyles\" data-wp-on-window--resize=\"callbacks.setButtonStyles\" data-id=\"7918\" src=\"https:\/\/hospitalsagratcormartorell.org\/entre-tots\/wp-content\/uploads\/2024\/01\/FOTO-1-1024x768.jpg\" alt=\"\" class=\"wp-image-7918\" srcset=\"https:\/\/fundaciohospitalariesmartorell.org\/entre-tots\/wp-content\/uploads\/2024\/01\/FOTO-1-1024x768.jpg 1024w, https:\/\/fundaciohospitalariesmartorell.org\/entre-tots\/wp-content\/uploads\/2024\/01\/FOTO-1-300x225.jpg 300w, https:\/\/fundaciohospitalariesmartorell.org\/entre-tots\/wp-content\/uploads\/2024\/01\/FOTO-1-768x576.jpg 768w, https:\/\/fundaciohospitalariesmartorell.org\/entre-tots\/wp-content\/uploads\/2024\/01\/FOTO-1-1536x1152.jpg 1536w, https:\/\/fundaciohospitalariesmartorell.org\/entre-tots\/wp-content\/uploads\/2024\/01\/FOTO-1-1320x990.jpg 1320w, https:\/\/fundaciohospitalariesmartorell.org\/entre-tots\/wp-content\/uploads\/2024\/01\/FOTO-1.jpg 1600w\" sizes=\"auto, (max-width: 1024px) 100vw, 1024px\" \/><button\n\t\t\tclass=\"lightbox-trigger\"\n\t\t\ttype=\"button\"\n\t\t\taria-haspopup=\"dialog\"\n\t\t\taria-label=\"Amplia\"\n\t\t\tdata-wp-init=\"callbacks.initTriggerButton\"\n\t\t\tdata-wp-on--click=\"actions.showLightbox\"\n\t\t\tdata-wp-style--right=\"state.imageButtonRight\"\n\t\t\tdata-wp-style--top=\"state.imageButtonTop\"\n\t\t>\n\t\t\t<svg xmlns=\"http:\/\/www.w3.org\/2000\/svg\" width=\"12\" height=\"12\" fill=\"none\" viewBox=\"0 0 12 12\">\n\t\t\t\t<path fill=\"#fff\" d=\"M2 0a2 2 0 0 0-2 2v2h1.5V2a.5.5 0 0 1 .5-.5h2V0H2Zm2 10.5H2a.5.5 0 0 1-.5-.5V8H0v2a2 2 0 0 0 2 2h2v-1.5ZM8 12v-1.5h2a.5.5 0 0 0 .5-.5V8H12v2a2 2 0 0 1-2 2H8Zm2-12a2 2 0 0 1 2 2v2h-1.5V2a.5.5 0 0 0-.5-.5H8V0h2Z\" \/>\n\t\t\t<\/svg>\n\t\t<\/button><\/figure>\n\n\n\n<figure data-wp-context=\"{&quot;imageId&quot;:&quot;69f23f56db606&quot;}\" data-wp-interactive=\"core\/image\" data-wp-key=\"69f23f56db606\" class=\"wp-block-image size-large wp-lightbox-container\"><img loading=\"lazy\" decoding=\"async\" width=\"1024\" height=\"768\" data-wp-class--hide=\"state.isContentHidden\" data-wp-class--show=\"state.isContentVisible\" data-wp-init=\"callbacks.setButtonStyles\" data-wp-on--click=\"actions.showLightbox\" data-wp-on--load=\"callbacks.setButtonStyles\" data-wp-on-window--resize=\"callbacks.setButtonStyles\" data-id=\"7919\" src=\"https:\/\/hospitalsagratcormartorell.org\/entre-tots\/wp-content\/uploads\/2024\/01\/FOTO-2-monica-Botta-gerent-de-la-regio-sanitaria-Metropolitana-Sud-i-Lourdes-Garcia-directora-del-sector-sanitari-Baix-Llobregat-Centre-i-Nord-1024x768.jpg\" alt=\"\" class=\"wp-image-7919\" srcset=\"https:\/\/fundaciohospitalariesmartorell.org\/entre-tots\/wp-content\/uploads\/2024\/01\/FOTO-2-monica-Botta-gerent-de-la-regio-sanitaria-Metropolitana-Sud-i-Lourdes-Garcia-directora-del-sector-sanitari-Baix-Llobregat-Centre-i-Nord-1024x768.jpg 1024w, https:\/\/fundaciohospitalariesmartorell.org\/entre-tots\/wp-content\/uploads\/2024\/01\/FOTO-2-monica-Botta-gerent-de-la-regio-sanitaria-Metropolitana-Sud-i-Lourdes-Garcia-directora-del-sector-sanitari-Baix-Llobregat-Centre-i-Nord-300x225.jpg 300w, https:\/\/fundaciohospitalariesmartorell.org\/entre-tots\/wp-content\/uploads\/2024\/01\/FOTO-2-monica-Botta-gerent-de-la-regio-sanitaria-Metropolitana-Sud-i-Lourdes-Garcia-directora-del-sector-sanitari-Baix-Llobregat-Centre-i-Nord-768x576.jpg 768w, https:\/\/fundaciohospitalariesmartorell.org\/entre-tots\/wp-content\/uploads\/2024\/01\/FOTO-2-monica-Botta-gerent-de-la-regio-sanitaria-Metropolitana-Sud-i-Lourdes-Garcia-directora-del-sector-sanitari-Baix-Llobregat-Centre-i-Nord-1536x1152.jpg 1536w, https:\/\/fundaciohospitalariesmartorell.org\/entre-tots\/wp-content\/uploads\/2024\/01\/FOTO-2-monica-Botta-gerent-de-la-regio-sanitaria-Metropolitana-Sud-i-Lourdes-Garcia-directora-del-sector-sanitari-Baix-Llobregat-Centre-i-Nord-2048x1536.jpg 2048w, https:\/\/fundaciohospitalariesmartorell.org\/entre-tots\/wp-content\/uploads\/2024\/01\/FOTO-2-monica-Botta-gerent-de-la-regio-sanitaria-Metropolitana-Sud-i-Lourdes-Garcia-directora-del-sector-sanitari-Baix-Llobregat-Centre-i-Nord-1320x990.jpg 1320w\" sizes=\"auto, (max-width: 1024px) 100vw, 1024px\" \/><button\n\t\t\tclass=\"lightbox-trigger\"\n\t\t\ttype=\"button\"\n\t\t\taria-haspopup=\"dialog\"\n\t\t\taria-label=\"Amplia\"\n\t\t\tdata-wp-init=\"callbacks.initTriggerButton\"\n\t\t\tdata-wp-on--click=\"actions.showLightbox\"\n\t\t\tdata-wp-style--right=\"state.imageButtonRight\"\n\t\t\tdata-wp-style--top=\"state.imageButtonTop\"\n\t\t>\n\t\t\t<svg xmlns=\"http:\/\/www.w3.org\/2000\/svg\" width=\"12\" height=\"12\" fill=\"none\" viewBox=\"0 0 12 12\">\n\t\t\t\t<path fill=\"#fff\" d=\"M2 0a2 2 0 0 0-2 2v2h1.5V2a.5.5 0 0 1 .5-.5h2V0H2Zm2 10.5H2a.5.5 0 0 1-.5-.5V8H0v2a2 2 0 0 0 2 2h2v-1.5ZM8 12v-1.5h2a.5.5 0 0 0 .5-.5V8H12v2a2 2 0 0 1-2 2H8Zm2-12a2 2 0 0 1 2 2v2h-1.5V2a.5.5 0 0 0-.5-.5H8V0h2Z\" \/>\n\t\t\t<\/svg>\n\t\t<\/button><\/figure>\n<\/figure>\n\n\n\n<p>Els mesos de desembre i gener vam rebre la visita de les noves gerents de la Regi\u00f3 Sanit\u00e0ria Barcelona Metropolitana Sud, M\u00f2nica Botta, i de la recentment creada Regi\u00f3 Sanit\u00e0ria Pened\u00e8s, Irene Abad.<\/p>\n\n\n\n<p>Aix\u00ed, el 15 de desembre, els doctors Jes\u00fas Ezquerra i Carles Franquelo, director gerent i director m\u00e8dic de l&#8217;Hospital Sagrat Cor, respectivament, van presentar i ensenyar el nostre Centre a M\u00f2nica Botta, que va venir acompanyada de Lourdes Garcia, directora del Sector Sanitari Baix Llobregat Nord, i de Lourdes Tamarit, directora del Sector Sanitari L&#8217;Hospitalet i el Prat de Llobregat.<\/p>\n\n\n\n<p>El passat 10 de gener, el Dr. Ezquerra i el Dr. Franquelo van rebre a Irene Abad, juntament amb Teresa Sabater, directora del Sector Sanitari Pened\u00e8s, i els van fer una presentaci\u00f3 de l&#8217;Hospital i ensenyar algunes de les instal\u00b7lacions, com la nova unitat assistencial o la farm\u00e0cia.<\/p>\n","protected":false},"excerpt":{"rendered":"<p>Els mesos de desembre i gener vam rebre la visita de les noves gerents de la Regi\u00f3 Sanit\u00e0ria Barcelona Metropolitana Sud, M\u00f2nica Botta, i de la recentment creada Regi\u00f3 Sanit\u00e0ria Pened\u00e8s, Irene Abad. Aix\u00ed, el 15 de desembre, els doctors Jes\u00fas Ezquerra i Carles Franquelo, director gerent i director m\u00e8dic de l&#8217;Hospital Sagrat Cor, respectivament, [&hellip;]<\/p>\n","protected":false},"author":2,"featured_media":8916,"comment_status":"closed","ping_status":"closed","sticky":false,"template":"","format":"standard","meta":{"footnotes":""},"categories":[27],"tags":[],"class_list":["post-7916","post","type-post","status-publish","format-standard","has-post-thumbnail","hentry","category-actualitat"],"blocksy_meta":{"styles_descriptor":{"styles":{"desktop":"","tablet":"","mobile":""},"google_fonts":[],"version":6}},"featured_image_urls_v2":{"full":["https:\/\/fundaciohospitalariesmartorell.org\/entre-tots\/wp-content\/uploads\/2024\/04\/Captura-de-pantalla-2024-04-09-a-les-18.03.59-scaled.jpg",2560,914,false],"thumbnail":["https:\/\/fundaciohospitalariesmartorell.org\/entre-tots\/wp-content\/uploads\/2024\/04\/Captura-de-pantalla-2024-04-09-a-les-18.03.59-150x150.jpg",150,150,true],"medium":["https:\/\/fundaciohospitalariesmartorell.org\/entre-tots\/wp-content\/uploads\/2024\/04\/Captura-de-pantalla-2024-04-09-a-les-18.03.59-300x107.jpg",300,107,true],"medium_large":["https:\/\/fundaciohospitalariesmartorell.org\/entre-tots\/wp-content\/uploads\/2024\/04\/Captura-de-pantalla-2024-04-09-a-les-18.03.59-768x274.jpg",768,274,true],"large":["https:\/\/fundaciohospitalariesmartorell.org\/entre-tots\/wp-content\/uploads\/2024\/04\/Captura-de-pantalla-2024-04-09-a-les-18.03.59-1024x365.jpg",1024,365,true],"1536x1536":["https:\/\/fundaciohospitalariesmartorell.org\/entre-tots\/wp-content\/uploads\/2024\/04\/Captura-de-pantalla-2024-04-09-a-les-18.03.59-1536x548.jpg",1536,548,true],"2048x2048":["https:\/\/fundaciohospitalariesmartorell.org\/entre-tots\/wp-content\/uploads\/2024\/04\/Captura-de-pantalla-2024-04-09-a-les-18.03.59-2048x731.jpg",2048,731,true],"mailpoet_newsletter_max":["https:\/\/fundaciohospitalariesmartorell.org\/entre-tots\/wp-content\/uploads\/2024\/04\/Captura-de-pantalla-2024-04-09-a-les-18.03.59-1320x471.jpg",1320,471,true]},"post_excerpt_stackable_v2":"<p>Els mesos de desembre i gener vam rebre la visita de les noves gerents de la Regi\u00f3 Sanit\u00e0ria Barcelona Metropolitana Sud, M\u00f2nica Botta, i de la recentment creada Regi\u00f3 Sanit\u00e0ria Pened\u00e8s, Irene Abad. Aix\u00ed, el 15 de desembre, els doctors Jes\u00fas Ezquerra i Carles Franquelo, director gerent i director m\u00e8dic de l&#8217;Hospital Sagrat Cor, respectivament, van presentar i ensenyar el nostre Centre a M\u00f2nica Botta, que va venir acompanyada de Lourdes Garcia, directora del Sector Sanitari Baix Llobregat Nord, i de Lourdes Tamarit, directora del Sector Sanitari L&#8217;Hospitalet i el Prat de Llobregat. El passat 10 de gener, el Dr.&hellip;<\/p>\n","category_list_v2":"<a href=\"https:\/\/fundaciohospitalariesmartorell.org\/entre-tots\/category\/actualitat\/\" rel=\"category tag\">ACTUALITAT<\/a>","author_info_v2":{"name":"Sagrat Cor","url":"https:\/\/fundaciohospitalariesmartorell.org\/entre-tots\/author\/daniel\/"},"comments_num_v2":"0 comments","_links":{"self":[{"href":"https:\/\/fundaciohospitalariesmartorell.org\/entre-tots\/wp-json\/wp\/v2\/posts\/7916","targetHints":{"allow":["GET"]}}],"collection":[{"href":"https:\/\/fundaciohospitalariesmartorell.org\/entre-tots\/wp-json\/wp\/v2\/posts"}],"about":[{"href":"https:\/\/fundaciohospitalariesmartorell.org\/entre-tots\/wp-json\/wp\/v2\/types\/post"}],"author":[{"embeddable":true,"href":"https:\/\/fundaciohospitalariesmartorell.org\/entre-tots\/wp-json\/wp\/v2\/users\/2"}],"replies":[{"embeddable":true,"href":"https:\/\/fundaciohospitalariesmartorell.org\/entre-tots\/wp-json\/wp\/v2\/comments?post=7916"}],"version-history":[{"count":3,"href":"https:\/\/fundaciohospitalariesmartorell.org\/entre-tots\/wp-json\/wp\/v2\/posts\/7916\/revisions"}],"predecessor-version":[{"id":7921,"href":"https:\/\/fundaciohospitalariesmartorell.org\/entre-tots\/wp-json\/wp\/v2\/posts\/7916\/revisions\/7921"}],"wp:featuredmedia":[{"embeddable":true,"href":"https:\/\/fundaciohospitalariesmartorell.org\/entre-tots\/wp-json\/wp\/v2\/media\/8916"}],"wp:attachment":[{"href":"https:\/\/fundaciohospitalariesmartorell.org\/entre-tots\/wp-json\/wp\/v2\/media?parent=7916"}],"wp:term":[{"taxonomy":"category","embeddable":true,"href":"https:\/\/fundaciohospitalariesmartorell.org\/entre-tots\/wp-json\/wp\/v2\/categories?post=7916"},{"taxonomy":"post_tag","embeddable":true,"href":"https:\/\/fundaciohospitalariesmartorell.org\/entre-tots\/wp-json\/wp\/v2\/tags?post=7916"}],"curies":[{"name":"wp","href":"https:\/\/api.w.org\/{rel}","templated":true}]}}