{"id":7925,"date":"2024-01-29T13:52:50","date_gmt":"2024-01-29T11:52:50","guid":{"rendered":"https:\/\/hospitalsagratcormartorell.org\/entre-tots\/?p=7925"},"modified":"2024-01-29T13:54:49","modified_gmt":"2024-01-29T11:54:49","slug":"lhospital-sagrat-cor-avanca-en-el-diagnostic-prodromic-de-la-malaltia-dalzheimer","status":"publish","type":"post","link":"https:\/\/fundaciohospitalariesmartorell.org\/entre-tots\/2024\/01\/lhospital-sagrat-cor-avanca-en-el-diagnostic-prodromic-de-la-malaltia-dalzheimer\/","title":{"rendered":"L\u2019Hospital Sagrat Cor avan\u00e7a en el diagn\u00f2stic prodr\u00f2mic de la malaltia d\u2019Alzheimer"},"content":{"rendered":"<figure class=\"wp-block-post-featured-image\"><img loading=\"lazy\" decoding=\"async\" width=\"1330\" height=\"1360\" src=\"https:\/\/fundaciohospitalariesmartorell.org\/entre-tots\/wp-content\/uploads\/2024\/01\/SAGRAT-COR_PUNCIO-LUMBAR-ALZHEIMER.jpg\" class=\"attachment-post-thumbnail size-post-thumbnail wp-post-image\" alt=\"\" style=\"object-fit:cover;\" srcset=\"https:\/\/fundaciohospitalariesmartorell.org\/entre-tots\/wp-content\/uploads\/2024\/01\/SAGRAT-COR_PUNCIO-LUMBAR-ALZHEIMER.jpg 1330w, https:\/\/fundaciohospitalariesmartorell.org\/entre-tots\/wp-content\/uploads\/2024\/01\/SAGRAT-COR_PUNCIO-LUMBAR-ALZHEIMER-293x300.jpg 293w, https:\/\/fundaciohospitalariesmartorell.org\/entre-tots\/wp-content\/uploads\/2024\/01\/SAGRAT-COR_PUNCIO-LUMBAR-ALZHEIMER-1001x1024.jpg 1001w, https:\/\/fundaciohospitalariesmartorell.org\/entre-tots\/wp-content\/uploads\/2024\/01\/SAGRAT-COR_PUNCIO-LUMBAR-ALZHEIMER-768x785.jpg 768w, https:\/\/fundaciohospitalariesmartorell.org\/entre-tots\/wp-content\/uploads\/2024\/01\/SAGRAT-COR_PUNCIO-LUMBAR-ALZHEIMER-1320x1350.jpg 1320w\" sizes=\"auto, (max-width: 1330px) 100vw, 1330px\" \/><\/figure>\n\n\n<p>L\u2019Hospital Sagrat Cor va incorporar el diagn\u00f2stic prodr\u00f2mic de la malaltia d\u2019Alzheimer el novembre del 2023. Des de llavors, dotze pacients amb un diagn\u00f2stic de deteriorament cognitiu lleu de tipus amn\u00e8sic s\u2019han sotm\u00e8s a una punci\u00f3 lumbar, a partir de la qual s\u2019ha confirmat l\u2019Alzheimer en el 80 % dels casos. \u201cEl resultat negatiu d\u2019aquesta prova biol\u00f2gica ens permet plantejar altres opcions diagn\u00f2stiques, com un trastorn de tipus psiqui\u00e0tric o altres dem\u00e8ncies, i quan \u00e9s positiu ens possibilita avan\u00e7ar el diagn\u00f2stic dos o tres anys, en funci\u00f3 de la velocitat d\u2019evoluci\u00f3 de cada cas\u201d, explica el doctor Juan Carlos Cejudo, neuropsic\u00f2leg de la Unitat de Dem\u00e8ncies i Trastorns Cognitius de l&#8217;Hospital. Aquestes proves es fan a l&#8217;EAIA de Trastorns Cognitius.<\/p>\n\n\n\n<p>Aquest diagn\u00f2stic prodr\u00f2mic de la malaltia d\u2019Alzheimer est\u00e0 incl\u00f2s en el projecte de l\u2019Hospital Sagrat Cor <em>El model d\u2019atenci\u00f3 a les dem\u00e8ncies al Baix Llobregat Nord<\/em>. Aquest projecte va ser seleccionat, entre m\u00e9s de 120 experi\u00e8ncies, com una de les tretze iniciatives d\u2019\u00e8xit que es van presentar en el marc de la Jornada del Pla de Salut 2021-2025 de la Regi\u00f3 Metropolitana Sud, que va tenir lloc el 22 de novembre a Sant Boi de Llobregat. Podeu trobar m\u00e9s informaci\u00f3 de la Jornada <a href=\"https:\/\/hospitalsagratcormartorell.org\/el-model-datencio-a-les-demencies-al-baix-llobregat-nord-entre-les-millors-experiencies-presentades-a-la-jornada-pla-de-salut-regio-metropolitana-sud\/\" target=\"_blank\" rel=\"noreferrer noopener\">aqu\u00ed<\/a>.<\/p>\n","protected":false},"excerpt":{"rendered":"<p>L\u2019Hospital Sagrat Cor va incorporar el diagn\u00f2stic prodr\u00f2mic de la malaltia d\u2019Alzheimer el novembre del 2023. Des de llavors, dotze pacients amb un diagn\u00f2stic de deteriorament cognitiu lleu de tipus amn\u00e8sic s\u2019han sotm\u00e8s a una punci\u00f3 lumbar, a partir de la qual s\u2019ha confirmat l\u2019Alzheimer en el 80 % dels casos. \u201cEl resultat negatiu d\u2019aquesta [&hellip;]<\/p>\n","protected":false},"author":2,"featured_media":7927,"comment_status":"closed","ping_status":"closed","sticky":false,"template":"","format":"standard","meta":{"footnotes":""},"categories":[27],"tags":[],"class_list":["post-7925","post","type-post","status-publish","format-standard","has-post-thumbnail","hentry","category-actualitat"],"blocksy_meta":{"styles_descriptor":{"styles":{"desktop":"","tablet":"","mobile":""},"google_fonts":[],"version":6}},"featured_image_urls_v2":{"full":["https:\/\/fundaciohospitalariesmartorell.org\/entre-tots\/wp-content\/uploads\/2024\/01\/SAGRAT-COR_PUNCIO-LUMBAR-ALZHEIMER.jpg",1330,1360,false],"thumbnail":["https:\/\/fundaciohospitalariesmartorell.org\/entre-tots\/wp-content\/uploads\/2024\/01\/SAGRAT-COR_PUNCIO-LUMBAR-ALZHEIMER-150x150.jpg",150,150,true],"medium":["https:\/\/fundaciohospitalariesmartorell.org\/entre-tots\/wp-content\/uploads\/2024\/01\/SAGRAT-COR_PUNCIO-LUMBAR-ALZHEIMER-293x300.jpg",293,300,true],"medium_large":["https:\/\/fundaciohospitalariesmartorell.org\/entre-tots\/wp-content\/uploads\/2024\/01\/SAGRAT-COR_PUNCIO-LUMBAR-ALZHEIMER-768x785.jpg",768,785,true],"large":["https:\/\/fundaciohospitalariesmartorell.org\/entre-tots\/wp-content\/uploads\/2024\/01\/SAGRAT-COR_PUNCIO-LUMBAR-ALZHEIMER-1001x1024.jpg",1001,1024,true],"1536x1536":["https:\/\/fundaciohospitalariesmartorell.org\/entre-tots\/wp-content\/uploads\/2024\/01\/SAGRAT-COR_PUNCIO-LUMBAR-ALZHEIMER.jpg",1330,1360,false],"2048x2048":["https:\/\/fundaciohospitalariesmartorell.org\/entre-tots\/wp-content\/uploads\/2024\/01\/SAGRAT-COR_PUNCIO-LUMBAR-ALZHEIMER.jpg",1330,1360,false],"mailpoet_newsletter_max":["https:\/\/fundaciohospitalariesmartorell.org\/entre-tots\/wp-content\/uploads\/2024\/01\/SAGRAT-COR_PUNCIO-LUMBAR-ALZHEIMER-1320x1350.jpg",1320,1350,true]},"post_excerpt_stackable_v2":"<p>L\u2019Hospital Sagrat Cor va incorporar el diagn\u00f2stic prodr\u00f2mic de la malaltia d\u2019Alzheimer el novembre del 2023. Des de llavors, dotze pacients amb un diagn\u00f2stic de deteriorament cognitiu lleu de tipus amn\u00e8sic s\u2019han sotm\u00e8s a una punci\u00f3 lumbar, a partir de la qual s\u2019ha confirmat l\u2019Alzheimer en el 80 % dels casos. \u201cEl resultat negatiu d\u2019aquesta prova biol\u00f2gica ens permet plantejar altres opcions diagn\u00f2stiques, com un trastorn de tipus psiqui\u00e0tric o altres dem\u00e8ncies, i quan \u00e9s positiu ens possibilita avan\u00e7ar el diagn\u00f2stic dos o tres anys, en funci\u00f3 de la velocitat d\u2019evoluci\u00f3 de cada cas\u201d, explica el doctor Juan Carlos Cejudo,&hellip;<\/p>\n","category_list_v2":"<a href=\"https:\/\/fundaciohospitalariesmartorell.org\/entre-tots\/category\/actualitat\/\" rel=\"category tag\">ACTUALITAT<\/a>","author_info_v2":{"name":"Sagrat Cor","url":"https:\/\/fundaciohospitalariesmartorell.org\/entre-tots\/author\/daniel\/"},"comments_num_v2":"0 comments","_links":{"self":[{"href":"https:\/\/fundaciohospitalariesmartorell.org\/entre-tots\/wp-json\/wp\/v2\/posts\/7925","targetHints":{"allow":["GET"]}}],"collection":[{"href":"https:\/\/fundaciohospitalariesmartorell.org\/entre-tots\/wp-json\/wp\/v2\/posts"}],"about":[{"href":"https:\/\/fundaciohospitalariesmartorell.org\/entre-tots\/wp-json\/wp\/v2\/types\/post"}],"author":[{"embeddable":true,"href":"https:\/\/fundaciohospitalariesmartorell.org\/entre-tots\/wp-json\/wp\/v2\/users\/2"}],"replies":[{"embeddable":true,"href":"https:\/\/fundaciohospitalariesmartorell.org\/entre-tots\/wp-json\/wp\/v2\/comments?post=7925"}],"version-history":[{"count":3,"href":"https:\/\/fundaciohospitalariesmartorell.org\/entre-tots\/wp-json\/wp\/v2\/posts\/7925\/revisions"}],"predecessor-version":[{"id":7929,"href":"https:\/\/fundaciohospitalariesmartorell.org\/entre-tots\/wp-json\/wp\/v2\/posts\/7925\/revisions\/7929"}],"wp:featuredmedia":[{"embeddable":true,"href":"https:\/\/fundaciohospitalariesmartorell.org\/entre-tots\/wp-json\/wp\/v2\/media\/7927"}],"wp:attachment":[{"href":"https:\/\/fundaciohospitalariesmartorell.org\/entre-tots\/wp-json\/wp\/v2\/media?parent=7925"}],"wp:term":[{"taxonomy":"category","embeddable":true,"href":"https:\/\/fundaciohospitalariesmartorell.org\/entre-tots\/wp-json\/wp\/v2\/categories?post=7925"},{"taxonomy":"post_tag","embeddable":true,"href":"https:\/\/fundaciohospitalariesmartorell.org\/entre-tots\/wp-json\/wp\/v2\/tags?post=7925"}],"curies":[{"name":"wp","href":"https:\/\/api.w.org\/{rel}","templated":true}]}}