{"id":7933,"date":"2024-01-29T14:04:56","date_gmt":"2024-01-29T12:04:56","guid":{"rendered":"https:\/\/hospitalsagratcormartorell.org\/entre-tots\/?p=7933"},"modified":"2024-04-09T17:11:15","modified_gmt":"2024-04-09T16:11:15","slug":"laposta-per-la-qualitat-a-lhospital-sagrat-cor","status":"publish","type":"post","link":"https:\/\/fundaciohospitalariesmartorell.org\/entre-tots\/2024\/01\/laposta-per-la-qualitat-a-lhospital-sagrat-cor\/","title":{"rendered":"L\u2019aposta per la Qualitat a l\u2019Hospital Sagrat Cor"},"content":{"rendered":"<figure class=\"wp-block-post-featured-image\"><img loading=\"lazy\" decoding=\"async\" width=\"922\" height=\"446\" src=\"https:\/\/fundaciohospitalariesmartorell.org\/entre-tots\/wp-content\/uploads\/2024\/01\/Captura-de-pantalla-2024-01-28-a-las-17.26.27-1.png\" class=\"attachment-post-thumbnail size-post-thumbnail wp-post-image\" alt=\"\" style=\"object-fit:cover;\" srcset=\"https:\/\/fundaciohospitalariesmartorell.org\/entre-tots\/wp-content\/uploads\/2024\/01\/Captura-de-pantalla-2024-01-28-a-las-17.26.27-1.png 922w, https:\/\/fundaciohospitalariesmartorell.org\/entre-tots\/wp-content\/uploads\/2024\/01\/Captura-de-pantalla-2024-01-28-a-las-17.26.27-1-300x145.png 300w, https:\/\/fundaciohospitalariesmartorell.org\/entre-tots\/wp-content\/uploads\/2024\/01\/Captura-de-pantalla-2024-01-28-a-las-17.26.27-1-768x372.png 768w\" sizes=\"auto, (max-width: 922px) 100vw, 922px\" \/><\/figure>\n\n\n<p>\u00c9s coneguda la traject\u00f2ria de l\u2019Hospital Sagrat Cor en promoure la qualitat en els seus serveis. Exemples d\u2019aix\u00f2 s\u00f3n l\u2019obtenci\u00f3 de la certificaci\u00f3 EFQM +400, la norma UNE 179003 de seguretat del pacient o la implantaci\u00f3 de la millora cont\u00ednua dels processos basada en metodologia Lean.<\/p>\n\n\n\n<p>El 15 de febrer de 2023 es va crear la Comissi\u00f3 de Qualitat de l\u2019Hospital Sagrat Cor amb l\u2019objectiu de posar sota un mateix paraigua totes les activitats i actuacions que es feien i estaven relacionades amb la qualitat i la millora cont\u00ednua, aix\u00ed com desenvolupar-ne de noves. &nbsp;<\/p>\n\n\n\n<p>Aquesta Comissi\u00f3, que t\u00e9 un car\u00e0cter multidisciplinari i es reuneix amb una periodicitat mensual, est\u00e0 integrada per 8 professionals, cadascun dels quals es responsabilitza d\u2019un dels eixos estrat\u00e8gics de la Comissi\u00f3, que es fonamenten en les \u00e0rees a desenvolupar que contempla el Pla de Qualitat 2023-2024, aprovat el passat mes d\u2019abril per la Direcci\u00f3 del Centre: Estrat\u00e8gia, Professionals, Processos, Certificacions, Comissions, Experi\u00e8ncia del Pacient, Aliances i Indicadors. &nbsp;<\/p>\n\n\n\n<p>Aix\u00ed, els objectius generals del grup s\u00f3n, entre d\u2019altres, desplegar el Pla de Qualitat i la Pol\u00edtica de Qualitat, aprovada el mar\u00e7 de 2023 per la Direcci\u00f3 i que est\u00e0 integrada dins del Pla, i la qual est\u00e0 plenament alineada amb la missi\u00f3 de l\u2019Entitat. Tamb\u00e9, consolidar un sistema de gesti\u00f3 de processos orientat a l\u2019excel\u00b7l\u00e8ncia i la seva millora cont\u00ednua, potenciar l\u2019avaluaci\u00f3 de resultats, implicar el personal col\u00b7laborador o la consideraci\u00f3 de les necessitats i expectatives dels seus grups d\u2019inter\u00e8s clau. &nbsp;<\/p>\n\n\n\n<p><strong>Eixos de la Pol\u00edtica de Qualitat&nbsp;<\/strong><\/p>\n\n\n\n<p>La Pol\u00edtica de Qualitat i els seus principis es desenvolupen en tres eixos:&nbsp;<\/p>\n\n\n\n<ul class=\"wp-block-list\">\n<li>Centrar l\u2019organitzaci\u00f3 cap a les necessitats i expectatives dels clients externs impulsant la cultura de l&#8217;organitzaci\u00f3 cap al respecte als drets de les persones usu\u00e0ries.&nbsp;<\/li>\n\n\n\n<li>Garantir l\u2019atenci\u00f3 individualitzada i interdisciplin\u00e0ria. &nbsp;<\/li>\n\n\n\n<li>Generalitzar la cultura de la millora cont\u00ednua. &nbsp;<\/li>\n<\/ul>\n\n\n\n<p>Al seg\u00fcent <a href=\"https:\/\/hospitalsagratcormartorell.org\/entre-tots\/wp-content\/uploads\/2024\/01\/SCor_ComQualitat_v01A.pdf\" target=\"_blank\" rel=\"noreferrer noopener nofollow\">p\u00f2ster<\/a> podeu veure les persones integrants i la funci\u00f3 de la Comissi\u00f3 de Qualitat de l\u2019Hospital Sagrat Cor.<\/p>\n","protected":false},"excerpt":{"rendered":"<p>\u00c9s coneguda la traject\u00f2ria de l\u2019Hospital Sagrat Cor en promoure la qualitat en els seus serveis. Exemples d\u2019aix\u00f2 s\u00f3n l\u2019obtenci\u00f3 de la certificaci\u00f3 EFQM +400, la norma UNE 179003 de seguretat del pacient o la implantaci\u00f3 de la millora cont\u00ednua dels processos basada en metodologia Lean. El 15 de febrer de 2023 es va crear [&hellip;]<\/p>\n","protected":false},"author":2,"featured_media":8919,"comment_status":"closed","ping_status":"closed","sticky":false,"template":"","format":"standard","meta":{"footnotes":""},"categories":[27],"tags":[],"class_list":["post-7933","post","type-post","status-publish","format-standard","has-post-thumbnail","hentry","category-actualitat"],"blocksy_meta":{"styles_descriptor":{"styles":{"desktop":"","tablet":"","mobile":""},"google_fonts":[],"version":6}},"featured_image_urls_v2":{"full":["https:\/\/fundaciohospitalariesmartorell.org\/entre-tots\/wp-content\/uploads\/2024\/01\/Captura-de-pantalla-2024-01-28-a-las-17.26.27-1.png",922,446,false],"thumbnail":["https:\/\/fundaciohospitalariesmartorell.org\/entre-tots\/wp-content\/uploads\/2024\/01\/Captura-de-pantalla-2024-01-28-a-las-17.26.27-1-150x150.png",150,150,true],"medium":["https:\/\/fundaciohospitalariesmartorell.org\/entre-tots\/wp-content\/uploads\/2024\/01\/Captura-de-pantalla-2024-01-28-a-las-17.26.27-1-300x145.png",300,145,true],"medium_large":["https:\/\/fundaciohospitalariesmartorell.org\/entre-tots\/wp-content\/uploads\/2024\/01\/Captura-de-pantalla-2024-01-28-a-las-17.26.27-1-768x372.png",768,372,true],"large":["https:\/\/fundaciohospitalariesmartorell.org\/entre-tots\/wp-content\/uploads\/2024\/01\/Captura-de-pantalla-2024-01-28-a-las-17.26.27-1.png",922,446,false],"1536x1536":["https:\/\/fundaciohospitalariesmartorell.org\/entre-tots\/wp-content\/uploads\/2024\/01\/Captura-de-pantalla-2024-01-28-a-las-17.26.27-1.png",922,446,false],"2048x2048":["https:\/\/fundaciohospitalariesmartorell.org\/entre-tots\/wp-content\/uploads\/2024\/01\/Captura-de-pantalla-2024-01-28-a-las-17.26.27-1.png",922,446,false],"mailpoet_newsletter_max":["https:\/\/fundaciohospitalariesmartorell.org\/entre-tots\/wp-content\/uploads\/2024\/01\/Captura-de-pantalla-2024-01-28-a-las-17.26.27-1.png",922,446,false]},"post_excerpt_stackable_v2":"<p>\u00c9s coneguda la traject\u00f2ria de l\u2019Hospital Sagrat Cor en promoure la qualitat en els seus serveis. Exemples d\u2019aix\u00f2 s\u00f3n l\u2019obtenci\u00f3 de la certificaci\u00f3 EFQM +400, la norma UNE 179003 de seguretat del pacient o la implantaci\u00f3 de la millora cont\u00ednua dels processos basada en metodologia Lean. El 15 de febrer de 2023 es va crear la Comissi\u00f3 de Qualitat de l\u2019Hospital Sagrat Cor amb l\u2019objectiu de posar sota un mateix paraigua totes les activitats i actuacions que es feien i estaven relacionades amb la qualitat i la millora cont\u00ednua, aix\u00ed com desenvolupar-ne de noves. &nbsp; Aquesta Comissi\u00f3, que t\u00e9 un&hellip;<\/p>\n","category_list_v2":"<a href=\"https:\/\/fundaciohospitalariesmartorell.org\/entre-tots\/category\/actualitat\/\" rel=\"category tag\">ACTUALITAT<\/a>","author_info_v2":{"name":"Sagrat Cor","url":"https:\/\/fundaciohospitalariesmartorell.org\/entre-tots\/author\/daniel\/"},"comments_num_v2":"0 comments","_links":{"self":[{"href":"https:\/\/fundaciohospitalariesmartorell.org\/entre-tots\/wp-json\/wp\/v2\/posts\/7933","targetHints":{"allow":["GET"]}}],"collection":[{"href":"https:\/\/fundaciohospitalariesmartorell.org\/entre-tots\/wp-json\/wp\/v2\/posts"}],"about":[{"href":"https:\/\/fundaciohospitalariesmartorell.org\/entre-tots\/wp-json\/wp\/v2\/types\/post"}],"author":[{"embeddable":true,"href":"https:\/\/fundaciohospitalariesmartorell.org\/entre-tots\/wp-json\/wp\/v2\/users\/2"}],"replies":[{"embeddable":true,"href":"https:\/\/fundaciohospitalariesmartorell.org\/entre-tots\/wp-json\/wp\/v2\/comments?post=7933"}],"version-history":[{"count":3,"href":"https:\/\/fundaciohospitalariesmartorell.org\/entre-tots\/wp-json\/wp\/v2\/posts\/7933\/revisions"}],"predecessor-version":[{"id":8065,"href":"https:\/\/fundaciohospitalariesmartorell.org\/entre-tots\/wp-json\/wp\/v2\/posts\/7933\/revisions\/8065"}],"wp:featuredmedia":[{"embeddable":true,"href":"https:\/\/fundaciohospitalariesmartorell.org\/entre-tots\/wp-json\/wp\/v2\/media\/8919"}],"wp:attachment":[{"href":"https:\/\/fundaciohospitalariesmartorell.org\/entre-tots\/wp-json\/wp\/v2\/media?parent=7933"}],"wp:term":[{"taxonomy":"category","embeddable":true,"href":"https:\/\/fundaciohospitalariesmartorell.org\/entre-tots\/wp-json\/wp\/v2\/categories?post=7933"},{"taxonomy":"post_tag","embeddable":true,"href":"https:\/\/fundaciohospitalariesmartorell.org\/entre-tots\/wp-json\/wp\/v2\/tags?post=7933"}],"curies":[{"name":"wp","href":"https:\/\/api.w.org\/{rel}","templated":true}]}}