{"id":7938,"date":"2024-01-29T14:11:51","date_gmt":"2024-01-29T12:11:51","guid":{"rendered":"https:\/\/hospitalsagratcormartorell.org\/entre-tots\/?p=7938"},"modified":"2024-04-09T17:09:38","modified_gmt":"2024-04-09T16:09:38","slug":"primera-trobada-de-professionals-administratius-sanitaris-de-lhospital-sagrat-cor","status":"publish","type":"post","link":"https:\/\/fundaciohospitalariesmartorell.org\/entre-tots\/2024\/01\/primera-trobada-de-professionals-administratius-sanitaris-de-lhospital-sagrat-cor\/","title":{"rendered":"Primera trobada de professionals administratius sanitaris de l\u2019Hospital Sagrat Cor"},"content":{"rendered":"<figure class=\"wp-block-post-featured-image\"><img loading=\"lazy\" decoding=\"async\" width=\"2560\" height=\"1023\" src=\"https:\/\/fundaciohospitalariesmartorell.org\/entre-tots\/wp-content\/uploads\/2024\/01\/IMG_20240119_090805-1-scaled.jpg\" class=\"attachment-post-thumbnail size-post-thumbnail wp-post-image\" alt=\"\" style=\"object-fit:cover;\" srcset=\"https:\/\/fundaciohospitalariesmartorell.org\/entre-tots\/wp-content\/uploads\/2024\/01\/IMG_20240119_090805-1-scaled.jpg 2560w, https:\/\/fundaciohospitalariesmartorell.org\/entre-tots\/wp-content\/uploads\/2024\/01\/IMG_20240119_090805-1-300x120.jpg 300w, https:\/\/fundaciohospitalariesmartorell.org\/entre-tots\/wp-content\/uploads\/2024\/01\/IMG_20240119_090805-1-1024x409.jpg 1024w, https:\/\/fundaciohospitalariesmartorell.org\/entre-tots\/wp-content\/uploads\/2024\/01\/IMG_20240119_090805-1-768x307.jpg 768w, https:\/\/fundaciohospitalariesmartorell.org\/entre-tots\/wp-content\/uploads\/2024\/01\/IMG_20240119_090805-1-1536x614.jpg 1536w, https:\/\/fundaciohospitalariesmartorell.org\/entre-tots\/wp-content\/uploads\/2024\/01\/IMG_20240119_090805-1-2048x819.jpg 2048w, https:\/\/fundaciohospitalariesmartorell.org\/entre-tots\/wp-content\/uploads\/2024\/01\/IMG_20240119_090805-1-1320x528.jpg 1320w\" sizes=\"auto, (max-width: 2560px) 100vw, 2560px\" \/><\/figure>\n\n\n<p>L\u2019Hospital Sagrat Cor compta actualment amb 22 professionals administratius sanitaris distribu\u00efts entre els diferents serveis hospitalaris i comunitaris que gestiona. El 19 de gener se\u2019ls va congregar a la primera reuni\u00f3 d\u2019administratives i administratius sanitaris de la Instituci\u00f3. Aquesta fita va ser possible gr\u00e0cies a la implicaci\u00f3 i motivaci\u00f3 de totes i tots els professionals, a la col\u00b7laboraci\u00f3 dels coordinadors dels diferents serveis i a la Direcci\u00f3 del Centre.<\/p>\n\n\n\n<p>Per a Isabel Rivera, que va assumir fa uns mesos el c\u00e0rrec de coordinadora de Gesti\u00f3 de pacients i de la Unitat d\u2019atenci\u00f3 a l\u2019usuari, iniciar aquestes trobades peri\u00f2diques \u00e9s un gran orgull. \u201cSempre he cregut que el paper de l\u2019administratiu \u00e9s clau i ara tinc la gran sort de comptar amb un equip format per grans professionals, amb experi\u00e8ncia, amb un valor hum\u00e0 impressionant i amb motivaci\u00f3 per cr\u00e9ixer i millorar\u201d, destaca.<\/p>\n\n\n\n<figure data-wp-context=\"{&quot;imageId&quot;:&quot;69f23f1178ad0&quot;}\" data-wp-interactive=\"core\/image\" data-wp-key=\"69f23f1178ad0\" class=\"wp-block-image size-large wp-lightbox-container\"><img loading=\"lazy\" decoding=\"async\" width=\"1024\" height=\"768\" data-wp-class--hide=\"state.isContentHidden\" data-wp-class--show=\"state.isContentVisible\" data-wp-init=\"callbacks.setButtonStyles\" data-wp-on--click=\"actions.showLightbox\" data-wp-on--load=\"callbacks.setButtonStyles\" data-wp-on-window--resize=\"callbacks.setButtonStyles\" src=\"https:\/\/hospitalsagratcormartorell.org\/entre-tots\/wp-content\/uploads\/2024\/01\/IMG_20240119_091037-1024x768.jpg\" alt=\"\" class=\"wp-image-7941\" srcset=\"https:\/\/fundaciohospitalariesmartorell.org\/entre-tots\/wp-content\/uploads\/2024\/01\/IMG_20240119_091037-1024x768.jpg 1024w, https:\/\/fundaciohospitalariesmartorell.org\/entre-tots\/wp-content\/uploads\/2024\/01\/IMG_20240119_091037-300x225.jpg 300w, https:\/\/fundaciohospitalariesmartorell.org\/entre-tots\/wp-content\/uploads\/2024\/01\/IMG_20240119_091037-768x576.jpg 768w, https:\/\/fundaciohospitalariesmartorell.org\/entre-tots\/wp-content\/uploads\/2024\/01\/IMG_20240119_091037-1536x1152.jpg 1536w, https:\/\/fundaciohospitalariesmartorell.org\/entre-tots\/wp-content\/uploads\/2024\/01\/IMG_20240119_091037-2048x1536.jpg 2048w, https:\/\/fundaciohospitalariesmartorell.org\/entre-tots\/wp-content\/uploads\/2024\/01\/IMG_20240119_091037-1320x990.jpg 1320w\" sizes=\"auto, (max-width: 1024px) 100vw, 1024px\" \/><button\n\t\t\tclass=\"lightbox-trigger\"\n\t\t\ttype=\"button\"\n\t\t\taria-haspopup=\"dialog\"\n\t\t\taria-label=\"Amplia\"\n\t\t\tdata-wp-init=\"callbacks.initTriggerButton\"\n\t\t\tdata-wp-on--click=\"actions.showLightbox\"\n\t\t\tdata-wp-style--right=\"state.imageButtonRight\"\n\t\t\tdata-wp-style--top=\"state.imageButtonTop\"\n\t\t>\n\t\t\t<svg xmlns=\"http:\/\/www.w3.org\/2000\/svg\" width=\"12\" height=\"12\" fill=\"none\" viewBox=\"0 0 12 12\">\n\t\t\t\t<path fill=\"#fff\" d=\"M2 0a2 2 0 0 0-2 2v2h1.5V2a.5.5 0 0 1 .5-.5h2V0H2Zm2 10.5H2a.5.5 0 0 1-.5-.5V8H0v2a2 2 0 0 0 2 2h2v-1.5ZM8 12v-1.5h2a.5.5 0 0 0 .5-.5V8H12v2a2 2 0 0 1-2 2H8Zm2-12a2 2 0 0 1 2 2v2h-1.5V2a.5.5 0 0 0-.5-.5H8V0h2Z\" \/>\n\t\t\t<\/svg>\n\t\t<\/button><\/figure>\n\n\n\n<p>Aix\u00ed, en el marc de la trobada es van posar damunt la taula alguns dels objectius d\u2019una nova etapa la finalitat de la qual \u00e9s enfortir el departament amb l\u00ednies de treball conjuntes i empoderar aquests i aquestes professionals, les quals s\u00f3n la primera cara visible dels nostres serveis i tenen una gran responsabilitat en l\u2019atenci\u00f3, la gesti\u00f3 de les demandes i les necessitats de les persones usu\u00e0ries.<\/p>\n\n\n\n<p>Entre aquests objectius es troben la creaci\u00f3 del sentiment d\u2019equip, mitjan\u00e7ant la cohesi\u00f3, cooperaci\u00f3 i col\u00b7laboraci\u00f3; compartir coneixements i experi\u00e8ncies que puguin ajudar la resta de companyes i companys (formacions internes); potenciar din\u00e0miques de treball conjuntes; mantenir-se informades i informats, i participar dels nous projectes i el seu seguiment; plantejar i treballar millores en els processos administratius, i la detecci\u00f3 de necessitats en tots els \u00e0mbits (de formaci\u00f3, recursos, etc.).<\/p>\n","protected":false},"excerpt":{"rendered":"<p>L\u2019Hospital Sagrat Cor compta actualment amb 22 professionals administratius sanitaris distribu\u00efts entre els diferents serveis hospitalaris i comunitaris que gestiona. El 19 de gener se\u2019ls va congregar a la primera reuni\u00f3 d\u2019administratives i administratius sanitaris de la Instituci\u00f3. Aquesta fita va ser possible gr\u00e0cies a la implicaci\u00f3 i motivaci\u00f3 de totes i tots els professionals, [&hellip;]<\/p>\n","protected":false},"author":2,"featured_media":8918,"comment_status":"closed","ping_status":"closed","sticky":false,"template":"","format":"standard","meta":{"footnotes":""},"categories":[27],"tags":[],"class_list":["post-7938","post","type-post","status-publish","format-standard","has-post-thumbnail","hentry","category-actualitat"],"blocksy_meta":{"styles_descriptor":{"styles":{"desktop":"","tablet":"","mobile":""},"google_fonts":[],"version":6}},"featured_image_urls_v2":{"full":["https:\/\/fundaciohospitalariesmartorell.org\/entre-tots\/wp-content\/uploads\/2024\/01\/IMG_20240119_090805-1-scaled.jpg",2560,1023,false],"thumbnail":["https:\/\/fundaciohospitalariesmartorell.org\/entre-tots\/wp-content\/uploads\/2024\/01\/IMG_20240119_090805-1-150x150.jpg",150,150,true],"medium":["https:\/\/fundaciohospitalariesmartorell.org\/entre-tots\/wp-content\/uploads\/2024\/01\/IMG_20240119_090805-1-300x120.jpg",300,120,true],"medium_large":["https:\/\/fundaciohospitalariesmartorell.org\/entre-tots\/wp-content\/uploads\/2024\/01\/IMG_20240119_090805-1-768x307.jpg",768,307,true],"large":["https:\/\/fundaciohospitalariesmartorell.org\/entre-tots\/wp-content\/uploads\/2024\/01\/IMG_20240119_090805-1-1024x409.jpg",1024,409,true],"1536x1536":["https:\/\/fundaciohospitalariesmartorell.org\/entre-tots\/wp-content\/uploads\/2024\/01\/IMG_20240119_090805-1-1536x614.jpg",1536,614,true],"2048x2048":["https:\/\/fundaciohospitalariesmartorell.org\/entre-tots\/wp-content\/uploads\/2024\/01\/IMG_20240119_090805-1-2048x819.jpg",2048,819,true],"mailpoet_newsletter_max":["https:\/\/fundaciohospitalariesmartorell.org\/entre-tots\/wp-content\/uploads\/2024\/01\/IMG_20240119_090805-1-1320x528.jpg",1320,528,true]},"post_excerpt_stackable_v2":"<p>L\u2019Hospital Sagrat Cor compta actualment amb 22 professionals administratius sanitaris distribu\u00efts entre els diferents serveis hospitalaris i comunitaris que gestiona. El 19 de gener se\u2019ls va congregar a la primera reuni\u00f3 d\u2019administratives i administratius sanitaris de la Instituci\u00f3. Aquesta fita va ser possible gr\u00e0cies a la implicaci\u00f3 i motivaci\u00f3 de totes i tots els professionals, a la col\u00b7laboraci\u00f3 dels coordinadors dels diferents serveis i a la Direcci\u00f3 del Centre. Per a Isabel Rivera, que va assumir fa uns mesos el c\u00e0rrec de coordinadora de Gesti\u00f3 de pacients i de la Unitat d\u2019atenci\u00f3 a l\u2019usuari, iniciar aquestes trobades peri\u00f2diques \u00e9s un&hellip;<\/p>\n","category_list_v2":"<a href=\"https:\/\/fundaciohospitalariesmartorell.org\/entre-tots\/category\/actualitat\/\" rel=\"category tag\">ACTUALITAT<\/a>","author_info_v2":{"name":"Sagrat Cor","url":"https:\/\/fundaciohospitalariesmartorell.org\/entre-tots\/author\/daniel\/"},"comments_num_v2":"0 comments","_links":{"self":[{"href":"https:\/\/fundaciohospitalariesmartorell.org\/entre-tots\/wp-json\/wp\/v2\/posts\/7938","targetHints":{"allow":["GET"]}}],"collection":[{"href":"https:\/\/fundaciohospitalariesmartorell.org\/entre-tots\/wp-json\/wp\/v2\/posts"}],"about":[{"href":"https:\/\/fundaciohospitalariesmartorell.org\/entre-tots\/wp-json\/wp\/v2\/types\/post"}],"author":[{"embeddable":true,"href":"https:\/\/fundaciohospitalariesmartorell.org\/entre-tots\/wp-json\/wp\/v2\/users\/2"}],"replies":[{"embeddable":true,"href":"https:\/\/fundaciohospitalariesmartorell.org\/entre-tots\/wp-json\/wp\/v2\/comments?post=7938"}],"version-history":[{"count":2,"href":"https:\/\/fundaciohospitalariesmartorell.org\/entre-tots\/wp-json\/wp\/v2\/posts\/7938\/revisions"}],"predecessor-version":[{"id":7943,"href":"https:\/\/fundaciohospitalariesmartorell.org\/entre-tots\/wp-json\/wp\/v2\/posts\/7938\/revisions\/7943"}],"wp:featuredmedia":[{"embeddable":true,"href":"https:\/\/fundaciohospitalariesmartorell.org\/entre-tots\/wp-json\/wp\/v2\/media\/8918"}],"wp:attachment":[{"href":"https:\/\/fundaciohospitalariesmartorell.org\/entre-tots\/wp-json\/wp\/v2\/media?parent=7938"}],"wp:term":[{"taxonomy":"category","embeddable":true,"href":"https:\/\/fundaciohospitalariesmartorell.org\/entre-tots\/wp-json\/wp\/v2\/categories?post=7938"},{"taxonomy":"post_tag","embeddable":true,"href":"https:\/\/fundaciohospitalariesmartorell.org\/entre-tots\/wp-json\/wp\/v2\/tags?post=7938"}],"curies":[{"name":"wp","href":"https:\/\/api.w.org\/{rel}","templated":true}]}}