{"id":7946,"date":"2024-01-29T14:19:04","date_gmt":"2024-01-29T12:19:04","guid":{"rendered":"https:\/\/hospitalsagratcormartorell.org\/entre-tots\/?p=7946"},"modified":"2024-02-02T12:44:03","modified_gmt":"2024-02-02T10:44:03","slug":"clara-mostalac-rep-el-vuite-premi-alfredo-rego","status":"publish","type":"post","link":"https:\/\/fundaciohospitalariesmartorell.org\/entre-tots\/2024\/01\/clara-mostalac-rep-el-vuite-premi-alfredo-rego\/","title":{"rendered":"Clara Mostalac rep el vuit\u00e8 Premi Alfredo Rego"},"content":{"rendered":"\n<figure class=\"wp-block-image size-full\"><a href=\"https:\/\/www.youtube.com\/shorts\/AmFF4bBspC0\" target=\"_blank\" rel=\"noreferrer noopener\"><img loading=\"lazy\" decoding=\"async\" width=\"1024\" height=\"768\" src=\"https:\/\/hospitalsagratcormartorell.org\/entre-tots\/wp-content\/uploads\/2024\/01\/portada_premi_alfredo-rego.jpg\" alt=\"\" class=\"wp-image-7950\" srcset=\"https:\/\/fundaciohospitalariesmartorell.org\/entre-tots\/wp-content\/uploads\/2024\/01\/portada_premi_alfredo-rego.jpg 1024w, https:\/\/fundaciohospitalariesmartorell.org\/entre-tots\/wp-content\/uploads\/2024\/01\/portada_premi_alfredo-rego-300x225.jpg 300w, https:\/\/fundaciohospitalariesmartorell.org\/entre-tots\/wp-content\/uploads\/2024\/01\/portada_premi_alfredo-rego-768x576.jpg 768w\" sizes=\"auto, (max-width: 1024px) 100vw, 1024px\" \/><\/a><\/figure>\n\n\n\n<figure data-wp-context=\"{&quot;imageId&quot;:&quot;69f25575ec35b&quot;}\" data-wp-interactive=\"core\/image\" data-wp-key=\"69f25575ec35b\" class=\"wp-block-image alignright size-large is-resized wp-lightbox-container\"><img loading=\"lazy\" decoding=\"async\" width=\"1024\" height=\"575\" data-wp-class--hide=\"state.isContentHidden\" data-wp-class--show=\"state.isContentVisible\" data-wp-init=\"callbacks.setButtonStyles\" data-wp-on--click=\"actions.showLightbox\" data-wp-on--load=\"callbacks.setButtonStyles\" data-wp-on-window--resize=\"callbacks.setButtonStyles\" src=\"https:\/\/hospitalsagratcormartorell.org\/entre-tots\/wp-content\/uploads\/2024\/01\/Captura-de-pantalla-2024-01-19-a-las-13.40.18-1024x575.png\" alt=\"\" class=\"wp-image-7948\" style=\"width:327px;height:auto\" srcset=\"https:\/\/fundaciohospitalariesmartorell.org\/entre-tots\/wp-content\/uploads\/2024\/01\/Captura-de-pantalla-2024-01-19-a-las-13.40.18-1024x575.png 1024w, https:\/\/fundaciohospitalariesmartorell.org\/entre-tots\/wp-content\/uploads\/2024\/01\/Captura-de-pantalla-2024-01-19-a-las-13.40.18-300x169.png 300w, https:\/\/fundaciohospitalariesmartorell.org\/entre-tots\/wp-content\/uploads\/2024\/01\/Captura-de-pantalla-2024-01-19-a-las-13.40.18-768x432.png 768w, https:\/\/fundaciohospitalariesmartorell.org\/entre-tots\/wp-content\/uploads\/2024\/01\/Captura-de-pantalla-2024-01-19-a-las-13.40.18-1320x742.png 1320w, https:\/\/fundaciohospitalariesmartorell.org\/entre-tots\/wp-content\/uploads\/2024\/01\/Captura-de-pantalla-2024-01-19-a-las-13.40.18.png 1484w\" sizes=\"auto, (max-width: 1024px) 100vw, 1024px\" \/><button\n\t\t\tclass=\"lightbox-trigger\"\n\t\t\ttype=\"button\"\n\t\t\taria-haspopup=\"dialog\"\n\t\t\taria-label=\"Amplia\"\n\t\t\tdata-wp-init=\"callbacks.initTriggerButton\"\n\t\t\tdata-wp-on--click=\"actions.showLightbox\"\n\t\t\tdata-wp-style--right=\"state.imageButtonRight\"\n\t\t\tdata-wp-style--top=\"state.imageButtonTop\"\n\t\t>\n\t\t\t<svg xmlns=\"http:\/\/www.w3.org\/2000\/svg\" width=\"12\" height=\"12\" fill=\"none\" viewBox=\"0 0 12 12\">\n\t\t\t\t<path fill=\"#fff\" d=\"M2 0a2 2 0 0 0-2 2v2h1.5V2a.5.5 0 0 1 .5-.5h2V0H2Zm2 10.5H2a.5.5 0 0 1-.5-.5V8H0v2a2 2 0 0 0 2 2h2v-1.5ZM8 12v-1.5h2a.5.5 0 0 0 .5-.5V8H12v2a2 2 0 0 1-2 2H8Zm2-12a2 2 0 0 1 2 2v2h-1.5V2a.5.5 0 0 0-.5-.5H8V0h2Z\" \/>\n\t\t\t<\/svg>\n\t\t<\/button><\/figure>\n\n\n\n<p>La 8a edici\u00f3 del Premi Alfredo Rego, que es va celebrar el 17 de gener a la sala de doc\u00e8ncia de l\u2019Hospital Sagrat Cor, va recaure en Clara Mostalac, resident de psiquiatria de segon any de l\u2019Hospital Sagrat Cor, per la comunicaci\u00f3 \u2018Actualitzaci\u00f3 en trastorns conversius\u2019.<\/p>\n\n\n\n<p>L\u2019entrega del premi a la que la Comissi\u00f3 de Doc\u00e8ncia del Centre ha considerat com a millor presentaci\u00f3 docent del curs 2023 va tenir lloc en el marc de la primera sessi\u00f3 del cicle de sessions cl\u00edniques de residents del curs docent 2024. Durant l\u2019acte, presentat pel cap d\u2019estudis de l\u2019Hospital, el doctor Fernando Boatas, es va lliurar el reconeixement a Clara Mostalac, de la m\u00e0 del director m\u00e8dic de l\u2019Hospital, el doctor Carles Franquelo.<\/p>\n\n\n\n<p>Podeu ampliar la informaci\u00f3 <a href=\"https:\/\/hospitalsagratcormartorell.org\/clara-mostalac-rep-el-vuite-premi-alfredo-rego\/\" target=\"_blank\" rel=\"noreferrer noopener\">aqu\u00ed<\/a>.<\/p>\n\n\n\n<p>Tamb\u00e9 podeu veure un v\u00eddeo, amb declaracions de Clara Mostalac, <a href=\"https:\/\/www.youtube.com\/shorts\/AmFF4bBspC0\" target=\"_blank\" rel=\"noreferrer noopener\">aqu\u00ed<\/a>.<\/p>\n","protected":false},"excerpt":{"rendered":"<p>La 8a edici\u00f3 del Premi Alfredo Rego, que es va celebrar el 17 de gener a la sala de doc\u00e8ncia de l\u2019Hospital Sagrat Cor, va recaure en Clara Mostalac, resident de psiquiatria de segon any de l\u2019Hospital Sagrat Cor, per la comunicaci\u00f3 \u2018Actualitzaci\u00f3 en trastorns conversius\u2019. L\u2019entrega del premi a la que la Comissi\u00f3 de [&hellip;]<\/p>\n","protected":false},"author":2,"featured_media":7950,"comment_status":"closed","ping_status":"closed","sticky":false,"template":"","format":"standard","meta":{"footnotes":""},"categories":[27],"tags":[],"class_list":["post-7946","post","type-post","status-publish","format-standard","has-post-thumbnail","hentry","category-actualitat"],"blocksy_meta":{"styles_descriptor":{"styles":{"desktop":"","tablet":"","mobile":""},"google_fonts":[],"version":6}},"featured_image_urls_v2":{"full":["https:\/\/fundaciohospitalariesmartorell.org\/entre-tots\/wp-content\/uploads\/2024\/01\/portada_premi_alfredo-rego.jpg",1024,768,false],"thumbnail":["https:\/\/fundaciohospitalariesmartorell.org\/entre-tots\/wp-content\/uploads\/2024\/01\/portada_premi_alfredo-rego-150x150.jpg",150,150,true],"medium":["https:\/\/fundaciohospitalariesmartorell.org\/entre-tots\/wp-content\/uploads\/2024\/01\/portada_premi_alfredo-rego-300x225.jpg",300,225,true],"medium_large":["https:\/\/fundaciohospitalariesmartorell.org\/entre-tots\/wp-content\/uploads\/2024\/01\/portada_premi_alfredo-rego-768x576.jpg",768,576,true],"large":["https:\/\/fundaciohospitalariesmartorell.org\/entre-tots\/wp-content\/uploads\/2024\/01\/portada_premi_alfredo-rego.jpg",1024,768,false],"1536x1536":["https:\/\/fundaciohospitalariesmartorell.org\/entre-tots\/wp-content\/uploads\/2024\/01\/portada_premi_alfredo-rego.jpg",1024,768,false],"2048x2048":["https:\/\/fundaciohospitalariesmartorell.org\/entre-tots\/wp-content\/uploads\/2024\/01\/portada_premi_alfredo-rego.jpg",1024,768,false],"mailpoet_newsletter_max":["https:\/\/fundaciohospitalariesmartorell.org\/entre-tots\/wp-content\/uploads\/2024\/01\/portada_premi_alfredo-rego.jpg",1024,768,false]},"post_excerpt_stackable_v2":"<p>La 8a edici\u00f3 del Premi Alfredo Rego, que es va celebrar el 17 de gener a la sala de doc\u00e8ncia de l\u2019Hospital Sagrat Cor, va recaure en Clara Mostalac, resident de psiquiatria de segon any de l\u2019Hospital Sagrat Cor, per la comunicaci\u00f3 \u2018Actualitzaci\u00f3 en trastorns conversius\u2019. L\u2019entrega del premi a la que la Comissi\u00f3 de Doc\u00e8ncia del Centre ha considerat com a millor presentaci\u00f3 docent del curs 2023 va tenir lloc en el marc de la primera sessi\u00f3 del cicle de sessions cl\u00edniques de residents del curs docent 2024. Durant l\u2019acte, presentat pel cap d\u2019estudis de l\u2019Hospital, el doctor Fernando&hellip;<\/p>\n","category_list_v2":"<a href=\"https:\/\/fundaciohospitalariesmartorell.org\/entre-tots\/category\/actualitat\/\" rel=\"category tag\">ACTUALITAT<\/a>","author_info_v2":{"name":"Sagrat Cor","url":"https:\/\/fundaciohospitalariesmartorell.org\/entre-tots\/author\/daniel\/"},"comments_num_v2":"0 comments","_links":{"self":[{"href":"https:\/\/fundaciohospitalariesmartorell.org\/entre-tots\/wp-json\/wp\/v2\/posts\/7946","targetHints":{"allow":["GET"]}}],"collection":[{"href":"https:\/\/fundaciohospitalariesmartorell.org\/entre-tots\/wp-json\/wp\/v2\/posts"}],"about":[{"href":"https:\/\/fundaciohospitalariesmartorell.org\/entre-tots\/wp-json\/wp\/v2\/types\/post"}],"author":[{"embeddable":true,"href":"https:\/\/fundaciohospitalariesmartorell.org\/entre-tots\/wp-json\/wp\/v2\/users\/2"}],"replies":[{"embeddable":true,"href":"https:\/\/fundaciohospitalariesmartorell.org\/entre-tots\/wp-json\/wp\/v2\/comments?post=7946"}],"version-history":[{"count":4,"href":"https:\/\/fundaciohospitalariesmartorell.org\/entre-tots\/wp-json\/wp\/v2\/posts\/7946\/revisions"}],"predecessor-version":[{"id":8068,"href":"https:\/\/fundaciohospitalariesmartorell.org\/entre-tots\/wp-json\/wp\/v2\/posts\/7946\/revisions\/8068"}],"wp:featuredmedia":[{"embeddable":true,"href":"https:\/\/fundaciohospitalariesmartorell.org\/entre-tots\/wp-json\/wp\/v2\/media\/7950"}],"wp:attachment":[{"href":"https:\/\/fundaciohospitalariesmartorell.org\/entre-tots\/wp-json\/wp\/v2\/media?parent=7946"}],"wp:term":[{"taxonomy":"category","embeddable":true,"href":"https:\/\/fundaciohospitalariesmartorell.org\/entre-tots\/wp-json\/wp\/v2\/categories?post=7946"},{"taxonomy":"post_tag","embeddable":true,"href":"https:\/\/fundaciohospitalariesmartorell.org\/entre-tots\/wp-json\/wp\/v2\/tags?post=7946"}],"curies":[{"name":"wp","href":"https:\/\/api.w.org\/{rel}","templated":true}]}}