{"id":7957,"date":"2024-01-29T14:29:33","date_gmt":"2024-01-29T12:29:33","guid":{"rendered":"https:\/\/hospitalsagratcormartorell.org\/entre-tots\/?p=7957"},"modified":"2024-01-29T14:29:34","modified_gmt":"2024-01-29T12:29:34","slug":"dia-mundial-de-la-lluita-contra-la-depressio","status":"publish","type":"post","link":"https:\/\/fundaciohospitalariesmartorell.org\/entre-tots\/2024\/01\/dia-mundial-de-la-lluita-contra-la-depressio\/","title":{"rendered":"Dia Mundial de la Lluita contra la Depressi\u00f3"},"content":{"rendered":"\n<figure class=\"wp-block-image size-full\"><img loading=\"lazy\" decoding=\"async\" width=\"2046\" height=\"1156\" src=\"https:\/\/hospitalsagratcormartorell.org\/entre-tots\/wp-content\/uploads\/2024\/01\/Captura-de-pantalla-2024-01-25-a-las-12.04.06.png\" alt=\"\" class=\"wp-image-7959\" srcset=\"https:\/\/fundaciohospitalariesmartorell.org\/entre-tots\/wp-content\/uploads\/2024\/01\/Captura-de-pantalla-2024-01-25-a-las-12.04.06.png 2046w, https:\/\/fundaciohospitalariesmartorell.org\/entre-tots\/wp-content\/uploads\/2024\/01\/Captura-de-pantalla-2024-01-25-a-las-12.04.06-300x170.png 300w, https:\/\/fundaciohospitalariesmartorell.org\/entre-tots\/wp-content\/uploads\/2024\/01\/Captura-de-pantalla-2024-01-25-a-las-12.04.06-1024x579.png 1024w, https:\/\/fundaciohospitalariesmartorell.org\/entre-tots\/wp-content\/uploads\/2024\/01\/Captura-de-pantalla-2024-01-25-a-las-12.04.06-768x434.png 768w, https:\/\/fundaciohospitalariesmartorell.org\/entre-tots\/wp-content\/uploads\/2024\/01\/Captura-de-pantalla-2024-01-25-a-las-12.04.06-1536x868.png 1536w, https:\/\/fundaciohospitalariesmartorell.org\/entre-tots\/wp-content\/uploads\/2024\/01\/Captura-de-pantalla-2024-01-25-a-las-12.04.06-1320x746.png 1320w\" sizes=\"auto, (max-width: 2046px) 100vw, 2046px\" \/><\/figure>\n\n\n\n<p>Amb motiu del Dia Mundial de la Lluita contra la Depressi\u00f3, <em>Informativos Telecinco<\/em> va emetre, el 13 de gener, un reportatge sobre com afecta la depressi\u00f3 a les persones, en el qual va participar el doctor Manel S\u00e1nchez, subdirector m\u00e8dic de l\u2019Hospital Sagrat Cor. Trobareu el reportatge al minut 27\u201935\u2019\u2019.<\/p>\n\n\n\n<p><a href=\"https:\/\/www.telecinco.es\/noticias\/a-la-carta\/20240113\/informativos-telecinco-video-completo-fin-semana-sabado-edicion-mediodia-13-enero-2024_18_011427932.html\" target=\"_blank\" rel=\"noreferrer noopener\">https:\/\/www.telecinco.es\/noticias\/a-la-carta\/20240113\/informativos-telecinco-video-completo-fin-semana-sabado-edicion-mediodia-13-enero-2024_18_011427932.html<\/a><\/p>\n","protected":false},"excerpt":{"rendered":"<p>Amb motiu del Dia Mundial de la Lluita contra la Depressi\u00f3, Informativos Telecinco va emetre, el 13 de gener, un reportatge sobre com afecta la depressi\u00f3 a les persones, en el qual va participar el doctor Manel S\u00e1nchez, subdirector m\u00e8dic de l\u2019Hospital Sagrat Cor. Trobareu el reportatge al minut 27\u201935\u2019\u2019. https:\/\/www.telecinco.es\/noticias\/a-la-carta\/20240113\/informativos-telecinco-video-completo-fin-semana-sabado-edicion-mediodia-13-enero-2024_18_011427932.html<\/p>\n","protected":false},"author":2,"featured_media":0,"comment_status":"closed","ping_status":"closed","sticky":false,"template":"","format":"standard","meta":{"footnotes":""},"categories":[44],"tags":[],"class_list":["post-7957","post","type-post","status-publish","format-standard","hentry","category-entre-noticies"],"blocksy_meta":{"styles_descriptor":{"styles":{"desktop":"","tablet":"","mobile":""},"google_fonts":[],"version":6}},"featured_image_urls_v2":{"full":"","thumbnail":"","medium":"","medium_large":"","large":"","1536x1536":"","2048x2048":"","mailpoet_newsletter_max":""},"post_excerpt_stackable_v2":"<p>Amb motiu del Dia Mundial de la Lluita contra la Depressi\u00f3, Informativos Telecinco va emetre, el 13 de gener, un reportatge sobre com afecta la depressi\u00f3 a les persones, en el qual va participar el doctor Manel S\u00e1nchez, subdirector m\u00e8dic de l\u2019Hospital Sagrat Cor. Trobareu el reportatge al minut 27\u201935\u2019\u2019. https:\/\/www.telecinco.es\/noticias\/a-la-carta\/20240113\/informativos-telecinco-video-completo-fin-semana-sabado-edicion-mediodia-13-enero-2024_18_011427932.html<\/p>\n","category_list_v2":"<a href=\"https:\/\/fundaciohospitalariesmartorell.org\/entre-tots\/category\/entre-noticies\/\" rel=\"category tag\">ENTRE NOT\u00cdCIES<\/a>","author_info_v2":{"name":"Sagrat Cor","url":"https:\/\/fundaciohospitalariesmartorell.org\/entre-tots\/author\/daniel\/"},"comments_num_v2":"0 comments","_links":{"self":[{"href":"https:\/\/fundaciohospitalariesmartorell.org\/entre-tots\/wp-json\/wp\/v2\/posts\/7957","targetHints":{"allow":["GET"]}}],"collection":[{"href":"https:\/\/fundaciohospitalariesmartorell.org\/entre-tots\/wp-json\/wp\/v2\/posts"}],"about":[{"href":"https:\/\/fundaciohospitalariesmartorell.org\/entre-tots\/wp-json\/wp\/v2\/types\/post"}],"author":[{"embeddable":true,"href":"https:\/\/fundaciohospitalariesmartorell.org\/entre-tots\/wp-json\/wp\/v2\/users\/2"}],"replies":[{"embeddable":true,"href":"https:\/\/fundaciohospitalariesmartorell.org\/entre-tots\/wp-json\/wp\/v2\/comments?post=7957"}],"version-history":[{"count":2,"href":"https:\/\/fundaciohospitalariesmartorell.org\/entre-tots\/wp-json\/wp\/v2\/posts\/7957\/revisions"}],"predecessor-version":[{"id":7960,"href":"https:\/\/fundaciohospitalariesmartorell.org\/entre-tots\/wp-json\/wp\/v2\/posts\/7957\/revisions\/7960"}],"wp:attachment":[{"href":"https:\/\/fundaciohospitalariesmartorell.org\/entre-tots\/wp-json\/wp\/v2\/media?parent=7957"}],"wp:term":[{"taxonomy":"category","embeddable":true,"href":"https:\/\/fundaciohospitalariesmartorell.org\/entre-tots\/wp-json\/wp\/v2\/categories?post=7957"},{"taxonomy":"post_tag","embeddable":true,"href":"https:\/\/fundaciohospitalariesmartorell.org\/entre-tots\/wp-json\/wp\/v2\/tags?post=7957"}],"curies":[{"name":"wp","href":"https:\/\/api.w.org\/{rel}","templated":true}]}}