{"id":7995,"date":"2024-01-29T14:15:06","date_gmt":"2024-01-29T12:15:06","guid":{"rendered":"https:\/\/hospitalsagratcormartorell.org\/entre-tots\/?p=7995"},"modified":"2024-02-01T09:47:14","modified_gmt":"2024-02-01T07:47:14","slug":"jubilacio-del-doctor-jose-antonio-larraz-i-nomenament-del-nou-director-assistencial-i-educatiu-provincial","status":"publish","type":"post","link":"https:\/\/fundaciohospitalariesmartorell.org\/entre-tots\/2024\/01\/jubilacio-del-doctor-jose-antonio-larraz-i-nomenament-del-nou-director-assistencial-i-educatiu-provincial\/","title":{"rendered":"Jubilaci\u00f3 del doctor Jos\u00e9 Antonio Larraz i nomenament del nou director assistencial i educatiu provincial"},"content":{"rendered":"<figure class=\"wp-block-post-featured-image\"><img loading=\"lazy\" decoding=\"async\" width=\"2040\" height=\"1530\" src=\"https:\/\/fundaciohospitalariesmartorell.org\/entre-tots\/wp-content\/uploads\/2024\/01\/36bf022b-ae8a-4082-b24a-03f9f154f799.jpeg\" class=\"attachment-post-thumbnail size-post-thumbnail wp-post-image\" alt=\"\" style=\"object-fit:cover;\" srcset=\"https:\/\/fundaciohospitalariesmartorell.org\/entre-tots\/wp-content\/uploads\/2024\/01\/36bf022b-ae8a-4082-b24a-03f9f154f799.jpeg 2040w, https:\/\/fundaciohospitalariesmartorell.org\/entre-tots\/wp-content\/uploads\/2024\/01\/36bf022b-ae8a-4082-b24a-03f9f154f799-300x225.jpeg 300w, https:\/\/fundaciohospitalariesmartorell.org\/entre-tots\/wp-content\/uploads\/2024\/01\/36bf022b-ae8a-4082-b24a-03f9f154f799-1024x768.jpeg 1024w, https:\/\/fundaciohospitalariesmartorell.org\/entre-tots\/wp-content\/uploads\/2024\/01\/36bf022b-ae8a-4082-b24a-03f9f154f799-768x576.jpeg 768w, https:\/\/fundaciohospitalariesmartorell.org\/entre-tots\/wp-content\/uploads\/2024\/01\/36bf022b-ae8a-4082-b24a-03f9f154f799-1536x1152.jpeg 1536w, https:\/\/fundaciohospitalariesmartorell.org\/entre-tots\/wp-content\/uploads\/2024\/01\/36bf022b-ae8a-4082-b24a-03f9f154f799-1320x990.jpeg 1320w\" sizes=\"auto, (max-width: 2040px) 100vw, 2040px\" \/><\/figure>\n\n\n<p>El dia 1 de febrer, Alejandro Florit, fins ara director d\u2019Identitat Hospital\u00e0ria de Germanes Hospital\u00e0ries Prov\u00edncia d\u2019Espanya,\u00a0va ser nomenat nou director\u00a0assistencial i educatiu provincial, en substituci\u00f3 del Dr. Jos\u00e9 Antonio Larraz, que va deixar el c\u00e0rrec el 31 de gener, per jubilaci\u00f3. Florit estar\u00e0 al capdavant d\u2019ambdues direccions fins que hi hagi una alternativa que asseguri que les funcions i els diferents processos que se\u2019n deriven poden sostenir-se en el temps. Podeu ampliar aquesta informaci\u00f3\u00a0<a href=\"https:\/\/www.hospitalarias.es\/alejandro-florit-nuevo-director-asistencial-de-hermanas-hospitalarias\/\" target=\"_blank\" rel=\"noreferrer noopener\">aqu\u00ed<\/a>.\u00a0<\/p>\n\n\n\n<p>Jos\u00e9 Antonio Larraz va assumir aquesta responsabilitat a finals del 2016 i, anteriorment, havia exercit de director m\u00e8dic de l\u2019Hospital Sagrat Cor, des de l\u2019octubre del 1998 fins al desembre del 2016. El Dr. Larraz va deixar empremta en el nostre Centre. En aquest sentit, l\u2019actual director m\u00e8dic, el doctor Carles Franquelo, explica que el Dr. Larraz ha estat un director m\u00e8dic magn\u00edfic per al nostre Hospital: \u201cDurant la seva etapa al Sagrat Cor, va desenvolupar una extensa cartera de serveis d\u2019atenci\u00f3 comunit\u00e0ria, va impulsar la reconversi\u00f3 de la llarga estada de salut mental cap a unitats de rehabilitaci\u00f3 ben definides i va posicionar l\u2019Hospital com a centre de refer\u00e8ncia en atenci\u00f3 sociosanit\u00e0ria al territori\u201d.<\/p>\n\n\n\n<figure class=\"wp-block-gallery has-nested-images columns-default is-cropped wp-block-gallery-1 is-layout-flex wp-block-gallery-is-layout-flex\">\n<figure data-wp-context=\"{&quot;imageId&quot;:&quot;69f2553fe97f2&quot;}\" data-wp-interactive=\"core\/image\" data-wp-key=\"69f2553fe97f2\" class=\"wp-block-image size-full wp-lightbox-container\"><img loading=\"lazy\" decoding=\"async\" width=\"2544\" height=\"1696\" data-wp-class--hide=\"state.isContentHidden\" data-wp-class--show=\"state.isContentVisible\" data-wp-init=\"callbacks.setButtonStyles\" data-wp-on--click=\"actions.showLightbox\" data-wp-on--load=\"callbacks.setButtonStyles\" data-wp-on-window--resize=\"callbacks.setButtonStyles\" data-id=\"7999\" src=\"https:\/\/hospitalsagratcormartorell.org\/entre-tots\/wp-content\/uploads\/2024\/01\/Dr.Larraz-durante-los-anos-que-fue-dire-medico.jpg\" alt=\"\" class=\"wp-image-7999\" srcset=\"https:\/\/fundaciohospitalariesmartorell.org\/entre-tots\/wp-content\/uploads\/2024\/01\/Dr.Larraz-durante-los-anos-que-fue-dire-medico.jpg 2544w, https:\/\/fundaciohospitalariesmartorell.org\/entre-tots\/wp-content\/uploads\/2024\/01\/Dr.Larraz-durante-los-anos-que-fue-dire-medico-300x200.jpg 300w, https:\/\/fundaciohospitalariesmartorell.org\/entre-tots\/wp-content\/uploads\/2024\/01\/Dr.Larraz-durante-los-anos-que-fue-dire-medico-1024x683.jpg 1024w, https:\/\/fundaciohospitalariesmartorell.org\/entre-tots\/wp-content\/uploads\/2024\/01\/Dr.Larraz-durante-los-anos-que-fue-dire-medico-768x512.jpg 768w, https:\/\/fundaciohospitalariesmartorell.org\/entre-tots\/wp-content\/uploads\/2024\/01\/Dr.Larraz-durante-los-anos-que-fue-dire-medico-1536x1024.jpg 1536w, https:\/\/fundaciohospitalariesmartorell.org\/entre-tots\/wp-content\/uploads\/2024\/01\/Dr.Larraz-durante-los-anos-que-fue-dire-medico-2048x1365.jpg 2048w, https:\/\/fundaciohospitalariesmartorell.org\/entre-tots\/wp-content\/uploads\/2024\/01\/Dr.Larraz-durante-los-anos-que-fue-dire-medico-1320x880.jpg 1320w\" sizes=\"auto, (max-width: 2544px) 100vw, 2544px\" \/><button\n\t\t\tclass=\"lightbox-trigger\"\n\t\t\ttype=\"button\"\n\t\t\taria-haspopup=\"dialog\"\n\t\t\taria-label=\"Amplia\"\n\t\t\tdata-wp-init=\"callbacks.initTriggerButton\"\n\t\t\tdata-wp-on--click=\"actions.showLightbox\"\n\t\t\tdata-wp-style--right=\"state.imageButtonRight\"\n\t\t\tdata-wp-style--top=\"state.imageButtonTop\"\n\t\t>\n\t\t\t<svg xmlns=\"http:\/\/www.w3.org\/2000\/svg\" width=\"12\" height=\"12\" fill=\"none\" viewBox=\"0 0 12 12\">\n\t\t\t\t<path fill=\"#fff\" d=\"M2 0a2 2 0 0 0-2 2v2h1.5V2a.5.5 0 0 1 .5-.5h2V0H2Zm2 10.5H2a.5.5 0 0 1-.5-.5V8H0v2a2 2 0 0 0 2 2h2v-1.5ZM8 12v-1.5h2a.5.5 0 0 0 .5-.5V8H12v2a2 2 0 0 1-2 2H8Zm2-12a2 2 0 0 1 2 2v2h-1.5V2a.5.5 0 0 0-.5-.5H8V0h2Z\" \/>\n\t\t\t<\/svg>\n\t\t<\/button><\/figure>\n<\/figure>\n\n\n\n<p>El mateix Jos\u00e9 Antonio Larraz recorda els 32 anys que va estar a l\u2019Hospital Sagrat Cor, des que hi va entrar com a metge resident, despr\u00e9s com a adjunt, coordinador d\u2019Urg\u00e8ncies, d\u2019Aguts i Subaguts, fins a assumir la Direcci\u00f3 M\u00e8dica.<\/p>\n\n\n\n<p>De la seva etapa al nostre Centre, destaca diverses fites: el desplegament de la psiquiatria comunit\u00e0ria, la inauguraci\u00f3 de la primera Unitat de Patologia Dual a Catalunya i de les primeres a tot l\u2019Estat, el desplegament de la xarxa d\u2019atenci\u00f3 sociosanit\u00e0ria, tant en l\u2019\u00e0mbit d\u2019hospitalitzaci\u00f3 com comunitari, i la reconversi\u00f3 de les&nbsp;unitats&nbsp;de llarga estada de salut mental&nbsp;en una \u00e0rea de rehabilitaci\u00f3 destinada a la reinserci\u00f3 social i la recuperaci\u00f3, aix\u00f2 com tamb\u00e9 la creaci\u00f3 d\u2019una unitat de tr\u00e0nsit cap a la comunitat.<\/p>\n\n\n\n<figure class=\"wp-block-gallery has-nested-images columns-2 is-cropped wp-block-gallery-2 is-layout-flex wp-block-gallery-is-layout-flex\">\n<figure data-wp-context=\"{&quot;imageId&quot;:&quot;69f2553fea748&quot;}\" data-wp-interactive=\"core\/image\" data-wp-key=\"69f2553fea748\" class=\"wp-block-image size-full wp-lightbox-container\"><img loading=\"lazy\" decoding=\"async\" width=\"2526\" height=\"1656\" data-wp-class--hide=\"state.isContentHidden\" data-wp-class--show=\"state.isContentVisible\" data-wp-init=\"callbacks.setButtonStyles\" data-wp-on--click=\"actions.showLightbox\" data-wp-on--load=\"callbacks.setButtonStyles\" data-wp-on-window--resize=\"callbacks.setButtonStyles\" data-id=\"8008\" src=\"https:\/\/hospitalsagratcormartorell.org\/entre-tots\/wp-content\/uploads\/2024\/01\/Captura-de-pantalla-2024-01-31-a-les-11.14.27.jpg\" alt=\"\" class=\"wp-image-8008\" srcset=\"https:\/\/fundaciohospitalariesmartorell.org\/entre-tots\/wp-content\/uploads\/2024\/01\/Captura-de-pantalla-2024-01-31-a-les-11.14.27.jpg 2526w, https:\/\/fundaciohospitalariesmartorell.org\/entre-tots\/wp-content\/uploads\/2024\/01\/Captura-de-pantalla-2024-01-31-a-les-11.14.27-300x197.jpg 300w, https:\/\/fundaciohospitalariesmartorell.org\/entre-tots\/wp-content\/uploads\/2024\/01\/Captura-de-pantalla-2024-01-31-a-les-11.14.27-1024x671.jpg 1024w, https:\/\/fundaciohospitalariesmartorell.org\/entre-tots\/wp-content\/uploads\/2024\/01\/Captura-de-pantalla-2024-01-31-a-les-11.14.27-768x503.jpg 768w, https:\/\/fundaciohospitalariesmartorell.org\/entre-tots\/wp-content\/uploads\/2024\/01\/Captura-de-pantalla-2024-01-31-a-les-11.14.27-1536x1007.jpg 1536w, https:\/\/fundaciohospitalariesmartorell.org\/entre-tots\/wp-content\/uploads\/2024\/01\/Captura-de-pantalla-2024-01-31-a-les-11.14.27-2048x1343.jpg 2048w, https:\/\/fundaciohospitalariesmartorell.org\/entre-tots\/wp-content\/uploads\/2024\/01\/Captura-de-pantalla-2024-01-31-a-les-11.14.27-1320x865.jpg 1320w\" sizes=\"auto, (max-width: 2526px) 100vw, 2526px\" \/><button\n\t\t\tclass=\"lightbox-trigger\"\n\t\t\ttype=\"button\"\n\t\t\taria-haspopup=\"dialog\"\n\t\t\taria-label=\"Amplia\"\n\t\t\tdata-wp-init=\"callbacks.initTriggerButton\"\n\t\t\tdata-wp-on--click=\"actions.showLightbox\"\n\t\t\tdata-wp-style--right=\"state.imageButtonRight\"\n\t\t\tdata-wp-style--top=\"state.imageButtonTop\"\n\t\t>\n\t\t\t<svg xmlns=\"http:\/\/www.w3.org\/2000\/svg\" width=\"12\" height=\"12\" fill=\"none\" viewBox=\"0 0 12 12\">\n\t\t\t\t<path fill=\"#fff\" d=\"M2 0a2 2 0 0 0-2 2v2h1.5V2a.5.5 0 0 1 .5-.5h2V0H2Zm2 10.5H2a.5.5 0 0 1-.5-.5V8H0v2a2 2 0 0 0 2 2h2v-1.5ZM8 12v-1.5h2a.5.5 0 0 0 .5-.5V8H12v2a2 2 0 0 1-2 2H8Zm2-12a2 2 0 0 1 2 2v2h-1.5V2a.5.5 0 0 0-.5-.5H8V0h2Z\" \/>\n\t\t\t<\/svg>\n\t\t<\/button><figcaption class=\"wp-element-caption\">Patologia dual<\/figcaption><\/figure>\n\n\n\n<figure data-wp-context=\"{&quot;imageId&quot;:&quot;69f2553feab54&quot;}\" data-wp-interactive=\"core\/image\" data-wp-key=\"69f2553feab54\" class=\"wp-block-image size-full wp-lightbox-container\"><img loading=\"lazy\" decoding=\"async\" width=\"2118\" height=\"1594\" data-wp-class--hide=\"state.isContentHidden\" data-wp-class--show=\"state.isContentVisible\" data-wp-init=\"callbacks.setButtonStyles\" data-wp-on--click=\"actions.showLightbox\" data-wp-on--load=\"callbacks.setButtonStyles\" data-wp-on-window--resize=\"callbacks.setButtonStyles\" data-id=\"8007\" src=\"https:\/\/hospitalsagratcormartorell.org\/entre-tots\/wp-content\/uploads\/2024\/01\/Captura-de-pantalla-2024-01-31-a-les-11.14.14.jpg\" alt=\"\" class=\"wp-image-8007\" srcset=\"https:\/\/fundaciohospitalariesmartorell.org\/entre-tots\/wp-content\/uploads\/2024\/01\/Captura-de-pantalla-2024-01-31-a-les-11.14.14.jpg 2118w, https:\/\/fundaciohospitalariesmartorell.org\/entre-tots\/wp-content\/uploads\/2024\/01\/Captura-de-pantalla-2024-01-31-a-les-11.14.14-300x226.jpg 300w, https:\/\/fundaciohospitalariesmartorell.org\/entre-tots\/wp-content\/uploads\/2024\/01\/Captura-de-pantalla-2024-01-31-a-les-11.14.14-1024x771.jpg 1024w, https:\/\/fundaciohospitalariesmartorell.org\/entre-tots\/wp-content\/uploads\/2024\/01\/Captura-de-pantalla-2024-01-31-a-les-11.14.14-768x578.jpg 768w, https:\/\/fundaciohospitalariesmartorell.org\/entre-tots\/wp-content\/uploads\/2024\/01\/Captura-de-pantalla-2024-01-31-a-les-11.14.14-1536x1156.jpg 1536w, https:\/\/fundaciohospitalariesmartorell.org\/entre-tots\/wp-content\/uploads\/2024\/01\/Captura-de-pantalla-2024-01-31-a-les-11.14.14-2048x1541.jpg 2048w, https:\/\/fundaciohospitalariesmartorell.org\/entre-tots\/wp-content\/uploads\/2024\/01\/Captura-de-pantalla-2024-01-31-a-les-11.14.14-1320x993.jpg 1320w\" sizes=\"auto, (max-width: 2118px) 100vw, 2118px\" \/><button\n\t\t\tclass=\"lightbox-trigger\"\n\t\t\ttype=\"button\"\n\t\t\taria-haspopup=\"dialog\"\n\t\t\taria-label=\"Amplia\"\n\t\t\tdata-wp-init=\"callbacks.initTriggerButton\"\n\t\t\tdata-wp-on--click=\"actions.showLightbox\"\n\t\t\tdata-wp-style--right=\"state.imageButtonRight\"\n\t\t\tdata-wp-style--top=\"state.imageButtonTop\"\n\t\t>\n\t\t\t<svg xmlns=\"http:\/\/www.w3.org\/2000\/svg\" width=\"12\" height=\"12\" fill=\"none\" viewBox=\"0 0 12 12\">\n\t\t\t\t<path fill=\"#fff\" d=\"M2 0a2 2 0 0 0-2 2v2h1.5V2a.5.5 0 0 1 .5-.5h2V0H2Zm2 10.5H2a.5.5 0 0 1-.5-.5V8H0v2a2 2 0 0 0 2 2h2v-1.5ZM8 12v-1.5h2a.5.5 0 0 0 .5-.5V8H12v2a2 2 0 0 1-2 2H8Zm2-12a2 2 0 0 1 2 2v2h-1.5V2a.5.5 0 0 0-.5-.5H8V0h2Z\" \/>\n\t\t\t<\/svg>\n\t\t<\/button><figcaption class=\"wp-element-caption\">\u00c0rea sociosanit\u00e0ria<\/figcaption><\/figure>\n\n\n\n<figure data-wp-context=\"{&quot;imageId&quot;:&quot;69f2553feaf5a&quot;}\" data-wp-interactive=\"core\/image\" data-wp-key=\"69f2553feaf5a\" class=\"wp-block-image size-full wp-lightbox-container\"><img loading=\"lazy\" decoding=\"async\" width=\"2048\" height=\"1536\" data-wp-class--hide=\"state.isContentHidden\" data-wp-class--show=\"state.isContentVisible\" data-wp-init=\"callbacks.setButtonStyles\" data-wp-on--click=\"actions.showLightbox\" data-wp-on--load=\"callbacks.setButtonStyles\" data-wp-on-window--resize=\"callbacks.setButtonStyles\" data-id=\"8000\" src=\"https:\/\/hospitalsagratcormartorell.org\/entre-tots\/wp-content\/uploads\/2024\/01\/equipaments-comunitaris.jpg\" alt=\"\" class=\"wp-image-8000\" srcset=\"https:\/\/fundaciohospitalariesmartorell.org\/entre-tots\/wp-content\/uploads\/2024\/01\/equipaments-comunitaris.jpg 2048w, https:\/\/fundaciohospitalariesmartorell.org\/entre-tots\/wp-content\/uploads\/2024\/01\/equipaments-comunitaris-300x225.jpg 300w, https:\/\/fundaciohospitalariesmartorell.org\/entre-tots\/wp-content\/uploads\/2024\/01\/equipaments-comunitaris-1024x768.jpg 1024w, https:\/\/fundaciohospitalariesmartorell.org\/entre-tots\/wp-content\/uploads\/2024\/01\/equipaments-comunitaris-768x576.jpg 768w, https:\/\/fundaciohospitalariesmartorell.org\/entre-tots\/wp-content\/uploads\/2024\/01\/equipaments-comunitaris-1536x1152.jpg 1536w, https:\/\/fundaciohospitalariesmartorell.org\/entre-tots\/wp-content\/uploads\/2024\/01\/equipaments-comunitaris-1320x990.jpg 1320w\" sizes=\"auto, (max-width: 2048px) 100vw, 2048px\" \/><button\n\t\t\tclass=\"lightbox-trigger\"\n\t\t\ttype=\"button\"\n\t\t\taria-haspopup=\"dialog\"\n\t\t\taria-label=\"Amplia\"\n\t\t\tdata-wp-init=\"callbacks.initTriggerButton\"\n\t\t\tdata-wp-on--click=\"actions.showLightbox\"\n\t\t\tdata-wp-style--right=\"state.imageButtonRight\"\n\t\t\tdata-wp-style--top=\"state.imageButtonTop\"\n\t\t>\n\t\t\t<svg xmlns=\"http:\/\/www.w3.org\/2000\/svg\" width=\"12\" height=\"12\" fill=\"none\" viewBox=\"0 0 12 12\">\n\t\t\t\t<path fill=\"#fff\" d=\"M2 0a2 2 0 0 0-2 2v2h1.5V2a.5.5 0 0 1 .5-.5h2V0H2Zm2 10.5H2a.5.5 0 0 1-.5-.5V8H0v2a2 2 0 0 0 2 2h2v-1.5ZM8 12v-1.5h2a.5.5 0 0 0 .5-.5V8H12v2a2 2 0 0 1-2 2H8Zm2-12a2 2 0 0 1 2 2v2h-1.5V2a.5.5 0 0 0-.5-.5H8V0h2Z\" \/>\n\t\t\t<\/svg>\n\t\t<\/button><figcaption class=\"wp-element-caption\">Equipaments comunitaris<\/figcaption><\/figure>\n\n\n\n<figure data-wp-context=\"{&quot;imageId&quot;:&quot;69f2553feb2f5&quot;}\" data-wp-interactive=\"core\/image\" data-wp-key=\"69f2553feb2f5\" class=\"wp-block-image size-full wp-lightbox-container\"><img loading=\"lazy\" decoding=\"async\" width=\"2560\" height=\"1706\" data-wp-class--hide=\"state.isContentHidden\" data-wp-class--show=\"state.isContentVisible\" data-wp-init=\"callbacks.setButtonStyles\" data-wp-on--click=\"actions.showLightbox\" data-wp-on--load=\"callbacks.setButtonStyles\" data-wp-on-window--resize=\"callbacks.setButtonStyles\" data-id=\"7997\" src=\"https:\/\/hospitalsagratcormartorell.org\/entre-tots\/wp-content\/uploads\/2024\/01\/area-rehabilitacio-scaled.jpg\" alt=\"\" class=\"wp-image-7997\" srcset=\"https:\/\/fundaciohospitalariesmartorell.org\/entre-tots\/wp-content\/uploads\/2024\/01\/area-rehabilitacio-scaled.jpg 2560w, https:\/\/fundaciohospitalariesmartorell.org\/entre-tots\/wp-content\/uploads\/2024\/01\/area-rehabilitacio-300x200.jpg 300w, https:\/\/fundaciohospitalariesmartorell.org\/entre-tots\/wp-content\/uploads\/2024\/01\/area-rehabilitacio-1024x683.jpg 1024w, https:\/\/fundaciohospitalariesmartorell.org\/entre-tots\/wp-content\/uploads\/2024\/01\/area-rehabilitacio-768x512.jpg 768w, https:\/\/fundaciohospitalariesmartorell.org\/entre-tots\/wp-content\/uploads\/2024\/01\/area-rehabilitacio-1536x1024.jpg 1536w, https:\/\/fundaciohospitalariesmartorell.org\/entre-tots\/wp-content\/uploads\/2024\/01\/area-rehabilitacio-2048x1365.jpg 2048w, https:\/\/fundaciohospitalariesmartorell.org\/entre-tots\/wp-content\/uploads\/2024\/01\/area-rehabilitacio-1320x880.jpg 1320w\" sizes=\"auto, (max-width: 2560px) 100vw, 2560px\" \/><button\n\t\t\tclass=\"lightbox-trigger\"\n\t\t\ttype=\"button\"\n\t\t\taria-haspopup=\"dialog\"\n\t\t\taria-label=\"Amplia\"\n\t\t\tdata-wp-init=\"callbacks.initTriggerButton\"\n\t\t\tdata-wp-on--click=\"actions.showLightbox\"\n\t\t\tdata-wp-style--right=\"state.imageButtonRight\"\n\t\t\tdata-wp-style--top=\"state.imageButtonTop\"\n\t\t>\n\t\t\t<svg xmlns=\"http:\/\/www.w3.org\/2000\/svg\" width=\"12\" height=\"12\" fill=\"none\" viewBox=\"0 0 12 12\">\n\t\t\t\t<path fill=\"#fff\" d=\"M2 0a2 2 0 0 0-2 2v2h1.5V2a.5.5 0 0 1 .5-.5h2V0H2Zm2 10.5H2a.5.5 0 0 1-.5-.5V8H0v2a2 2 0 0 0 2 2h2v-1.5ZM8 12v-1.5h2a.5.5 0 0 0 .5-.5V8H12v2a2 2 0 0 1-2 2H8Zm2-12a2 2 0 0 1 2 2v2h-1.5V2a.5.5 0 0 0-.5-.5H8V0h2Z\" \/>\n\t\t\t<\/svg>\n\t\t<\/button><figcaption class=\"wp-element-caption\">\u00c0rea rehabilitaci\u00f3<\/figcaption><\/figure>\n<\/figure>\n\n\n\n<p>Pel que fa al vessant m\u00e9s emocional de la seva traject\u00f2ria a l\u2019Hospital Sagrat Cor, el Dr. Larraz explica que aqu\u00ed va ser on es va formar, on va cr\u00e9ixer i on va aprendre de tots els companys i companyes, i de les persones ateses i les seves fam\u00edlies. \u201cMartorell ha sido y es parte de mi casa y de mi familia, y donde he aprendido la hospitalidad practic\u00e1ndola\u201d, destaca. S\u2019emporta grans amistats d\u2019aquesta etapa i el fet de ser hospitalari per a tota la vida.<\/p>\n\n\n\n<figure data-wp-context=\"{&quot;imageId&quot;:&quot;69f2553feb8ab&quot;}\" data-wp-interactive=\"core\/image\" data-wp-key=\"69f2553feb8ab\" class=\"wp-block-image size-full wp-lightbox-container\"><img loading=\"lazy\" decoding=\"async\" width=\"2400\" height=\"1800\" data-wp-class--hide=\"state.isContentHidden\" data-wp-class--show=\"state.isContentVisible\" data-wp-init=\"callbacks.setButtonStyles\" data-wp-on--click=\"actions.showLightbox\" data-wp-on--load=\"callbacks.setButtonStyles\" data-wp-on-window--resize=\"callbacks.setButtonStyles\" src=\"https:\/\/hospitalsagratcormartorell.org\/entre-tots\/wp-content\/uploads\/2024\/01\/reciente.jpg\" alt=\"\" class=\"wp-image-8003\" srcset=\"https:\/\/fundaciohospitalariesmartorell.org\/entre-tots\/wp-content\/uploads\/2024\/01\/reciente.jpg 2400w, https:\/\/fundaciohospitalariesmartorell.org\/entre-tots\/wp-content\/uploads\/2024\/01\/reciente-300x225.jpg 300w, https:\/\/fundaciohospitalariesmartorell.org\/entre-tots\/wp-content\/uploads\/2024\/01\/reciente-1024x768.jpg 1024w, https:\/\/fundaciohospitalariesmartorell.org\/entre-tots\/wp-content\/uploads\/2024\/01\/reciente-768x576.jpg 768w, https:\/\/fundaciohospitalariesmartorell.org\/entre-tots\/wp-content\/uploads\/2024\/01\/reciente-1536x1152.jpg 1536w, https:\/\/fundaciohospitalariesmartorell.org\/entre-tots\/wp-content\/uploads\/2024\/01\/reciente-2048x1536.jpg 2048w, https:\/\/fundaciohospitalariesmartorell.org\/entre-tots\/wp-content\/uploads\/2024\/01\/reciente-1320x990.jpg 1320w\" sizes=\"auto, (max-width: 2400px) 100vw, 2400px\" \/><button\n\t\t\tclass=\"lightbox-trigger\"\n\t\t\ttype=\"button\"\n\t\t\taria-haspopup=\"dialog\"\n\t\t\taria-label=\"Amplia\"\n\t\t\tdata-wp-init=\"callbacks.initTriggerButton\"\n\t\t\tdata-wp-on--click=\"actions.showLightbox\"\n\t\t\tdata-wp-style--right=\"state.imageButtonRight\"\n\t\t\tdata-wp-style--top=\"state.imageButtonTop\"\n\t\t>\n\t\t\t<svg xmlns=\"http:\/\/www.w3.org\/2000\/svg\" width=\"12\" height=\"12\" fill=\"none\" viewBox=\"0 0 12 12\">\n\t\t\t\t<path fill=\"#fff\" d=\"M2 0a2 2 0 0 0-2 2v2h1.5V2a.5.5 0 0 1 .5-.5h2V0H2Zm2 10.5H2a.5.5 0 0 1-.5-.5V8H0v2a2 2 0 0 0 2 2h2v-1.5ZM8 12v-1.5h2a.5.5 0 0 0 .5-.5V8H12v2a2 2 0 0 1-2 2H8Zm2-12a2 2 0 0 1 2 2v2h-1.5V2a.5.5 0 0 0-.5-.5H8V0h2Z\" \/>\n\t\t\t<\/svg>\n\t\t<\/button><\/figure>\n\n\n\n<p><strong>Preocupaci\u00f3 i ocupaci\u00f3 per oferir una atenci\u00f3 centrada en la persona atesa<\/strong><\/p>\n\n\n\n<p>L\u2019actual director m\u00e8dic de l\u2019Hospital Sagrat Cor recalca el tarann\u00e0 facilitador, respectu\u00f3s, comprensiu i proper del Dr. Larraz, aix\u00ed com la seva preocupaci\u00f3 i ocupaci\u00f3 per oferir una atenci\u00f3 centrada en la persona atesa, especialment en la poblaci\u00f3 m\u00e9s vulnerable. Tamb\u00e9, la reivindicaci\u00f3 constant dels aspectes \u00e8tics de la nostra assist\u00e8ncia.<\/p>\n","protected":false},"excerpt":{"rendered":"<p>El dia 1 de febrer, Alejandro Florit, fins ara director d\u2019Identitat Hospital\u00e0ria de Germanes Hospital\u00e0ries Prov\u00edncia d\u2019Espanya,\u00a0va ser nomenat nou director\u00a0assistencial i educatiu provincial, en substituci\u00f3 del Dr. Jos\u00e9 Antonio Larraz, que va deixar el c\u00e0rrec el 31 de gener, per jubilaci\u00f3. Florit estar\u00e0 al capdavant d\u2019ambdues direccions fins que hi hagi una alternativa que [&hellip;]<\/p>\n","protected":false},"author":2,"featured_media":8020,"comment_status":"closed","ping_status":"closed","sticky":false,"template":"","format":"standard","meta":{"footnotes":""},"categories":[27],"tags":[],"class_list":["post-7995","post","type-post","status-publish","format-standard","has-post-thumbnail","hentry","category-actualitat"],"blocksy_meta":{"styles_descriptor":{"styles":{"desktop":"","tablet":"","mobile":""},"google_fonts":[],"version":6}},"featured_image_urls_v2":{"full":["https:\/\/fundaciohospitalariesmartorell.org\/entre-tots\/wp-content\/uploads\/2024\/01\/36bf022b-ae8a-4082-b24a-03f9f154f799.jpeg",2040,1530,false],"thumbnail":["https:\/\/fundaciohospitalariesmartorell.org\/entre-tots\/wp-content\/uploads\/2024\/01\/36bf022b-ae8a-4082-b24a-03f9f154f799-150x150.jpeg",150,150,true],"medium":["https:\/\/fundaciohospitalariesmartorell.org\/entre-tots\/wp-content\/uploads\/2024\/01\/36bf022b-ae8a-4082-b24a-03f9f154f799-300x225.jpeg",300,225,true],"medium_large":["https:\/\/fundaciohospitalariesmartorell.org\/entre-tots\/wp-content\/uploads\/2024\/01\/36bf022b-ae8a-4082-b24a-03f9f154f799-768x576.jpeg",768,576,true],"large":["https:\/\/fundaciohospitalariesmartorell.org\/entre-tots\/wp-content\/uploads\/2024\/01\/36bf022b-ae8a-4082-b24a-03f9f154f799-1024x768.jpeg",1024,768,true],"1536x1536":["https:\/\/fundaciohospitalariesmartorell.org\/entre-tots\/wp-content\/uploads\/2024\/01\/36bf022b-ae8a-4082-b24a-03f9f154f799-1536x1152.jpeg",1536,1152,true],"2048x2048":["https:\/\/fundaciohospitalariesmartorell.org\/entre-tots\/wp-content\/uploads\/2024\/01\/36bf022b-ae8a-4082-b24a-03f9f154f799.jpeg",2040,1530,false],"mailpoet_newsletter_max":["https:\/\/fundaciohospitalariesmartorell.org\/entre-tots\/wp-content\/uploads\/2024\/01\/36bf022b-ae8a-4082-b24a-03f9f154f799-1320x990.jpeg",1320,990,true]},"post_excerpt_stackable_v2":"<p>El dia 1 de febrer, Alejandro Florit, fins ara director d\u2019Identitat Hospital\u00e0ria de Germanes Hospital\u00e0ries Prov\u00edncia d\u2019Espanya,\u00a0va ser nomenat nou director\u00a0assistencial i educatiu provincial, en substituci\u00f3 del Dr. Jos\u00e9 Antonio Larraz, que va deixar el c\u00e0rrec el 31 de gener, per jubilaci\u00f3. Florit estar\u00e0 al capdavant d\u2019ambdues direccions fins que hi hagi una alternativa que asseguri que les funcions i els diferents processos que se\u2019n deriven poden sostenir-se en el temps. Podeu ampliar aquesta informaci\u00f3\u00a0aqu\u00ed.\u00a0 Jos\u00e9 Antonio Larraz va assumir aquesta responsabilitat a finals del 2016 i, anteriorment, havia exercit de director m\u00e8dic de l\u2019Hospital Sagrat Cor, des de l\u2019octubre&hellip;<\/p>\n","category_list_v2":"<a href=\"https:\/\/fundaciohospitalariesmartorell.org\/entre-tots\/category\/actualitat\/\" rel=\"category tag\">ACTUALITAT<\/a>","author_info_v2":{"name":"Sagrat Cor","url":"https:\/\/fundaciohospitalariesmartorell.org\/entre-tots\/author\/daniel\/"},"comments_num_v2":"0 comments","_links":{"self":[{"href":"https:\/\/fundaciohospitalariesmartorell.org\/entre-tots\/wp-json\/wp\/v2\/posts\/7995","targetHints":{"allow":["GET"]}}],"collection":[{"href":"https:\/\/fundaciohospitalariesmartorell.org\/entre-tots\/wp-json\/wp\/v2\/posts"}],"about":[{"href":"https:\/\/fundaciohospitalariesmartorell.org\/entre-tots\/wp-json\/wp\/v2\/types\/post"}],"author":[{"embeddable":true,"href":"https:\/\/fundaciohospitalariesmartorell.org\/entre-tots\/wp-json\/wp\/v2\/users\/2"}],"replies":[{"embeddable":true,"href":"https:\/\/fundaciohospitalariesmartorell.org\/entre-tots\/wp-json\/wp\/v2\/comments?post=7995"}],"version-history":[{"count":9,"href":"https:\/\/fundaciohospitalariesmartorell.org\/entre-tots\/wp-json\/wp\/v2\/posts\/7995\/revisions"}],"predecessor-version":[{"id":8936,"href":"https:\/\/fundaciohospitalariesmartorell.org\/entre-tots\/wp-json\/wp\/v2\/posts\/7995\/revisions\/8936"}],"wp:featuredmedia":[{"embeddable":true,"href":"https:\/\/fundaciohospitalariesmartorell.org\/entre-tots\/wp-json\/wp\/v2\/media\/8020"}],"wp:attachment":[{"href":"https:\/\/fundaciohospitalariesmartorell.org\/entre-tots\/wp-json\/wp\/v2\/media?parent=7995"}],"wp:term":[{"taxonomy":"category","embeddable":true,"href":"https:\/\/fundaciohospitalariesmartorell.org\/entre-tots\/wp-json\/wp\/v2\/categories?post=7995"},{"taxonomy":"post_tag","embeddable":true,"href":"https:\/\/fundaciohospitalariesmartorell.org\/entre-tots\/wp-json\/wp\/v2\/tags?post=7995"}],"curies":[{"name":"wp","href":"https:\/\/api.w.org\/{rel}","templated":true}]}}