{"id":8031,"date":"2024-01-31T17:43:40","date_gmt":"2024-01-31T15:43:40","guid":{"rendered":"https:\/\/hospitalsagratcormartorell.org\/entre-tots\/?p=8031"},"modified":"2024-02-02T14:53:48","modified_gmt":"2024-02-02T12:53:48","slug":"art-al-cas","status":"publish","type":"post","link":"https:\/\/fundaciohospitalariesmartorell.org\/entre-tots\/2024\/01\/art-al-cas\/","title":{"rendered":"Art al CAS"},"content":{"rendered":"<figure class=\"wp-block-post-featured-image\"><img loading=\"lazy\" decoding=\"async\" width=\"2560\" height=\"1212\" src=\"https:\/\/fundaciohospitalariesmartorell.org\/entre-tots\/wp-content\/uploads\/2024\/02\/Captura-de-pantalla-2024-02-01-a-les-16.41.46-scaled.jpg\" class=\"attachment-post-thumbnail size-post-thumbnail wp-post-image\" alt=\"\" style=\"object-fit:cover;\" srcset=\"https:\/\/fundaciohospitalariesmartorell.org\/entre-tots\/wp-content\/uploads\/2024\/02\/Captura-de-pantalla-2024-02-01-a-les-16.41.46-scaled.jpg 2560w, https:\/\/fundaciohospitalariesmartorell.org\/entre-tots\/wp-content\/uploads\/2024\/02\/Captura-de-pantalla-2024-02-01-a-les-16.41.46-300x142.jpg 300w, https:\/\/fundaciohospitalariesmartorell.org\/entre-tots\/wp-content\/uploads\/2024\/02\/Captura-de-pantalla-2024-02-01-a-les-16.41.46-1024x485.jpg 1024w, https:\/\/fundaciohospitalariesmartorell.org\/entre-tots\/wp-content\/uploads\/2024\/02\/Captura-de-pantalla-2024-02-01-a-les-16.41.46-768x363.jpg 768w, https:\/\/fundaciohospitalariesmartorell.org\/entre-tots\/wp-content\/uploads\/2024\/02\/Captura-de-pantalla-2024-02-01-a-les-16.41.46-1536x727.jpg 1536w, https:\/\/fundaciohospitalariesmartorell.org\/entre-tots\/wp-content\/uploads\/2024\/02\/Captura-de-pantalla-2024-02-01-a-les-16.41.46-2048x969.jpg 2048w, https:\/\/fundaciohospitalariesmartorell.org\/entre-tots\/wp-content\/uploads\/2024\/02\/Captura-de-pantalla-2024-02-01-a-les-16.41.46-1320x625.jpg 1320w\" sizes=\"auto, (max-width: 2560px) 100vw, 2560px\" \/><\/figure>\n\n\n<p>Aquest \u00e9s el segon <em>Tot aix\u00f2 \u00e9s nostre<\/em> que dediquem als beneficis que l\u2019art en persones amb un problema de salut mental o addiccions. El primer, publicat el <a href=\"https:\/\/hospitalsagratcormartorell.org\/entre-tots\/2023\/06\/lart-com-a-element-transformador-de-la-salut-mental\/\" target=\"_blank\" rel=\"noreferrer noopener\">mes de juny de 2023<\/a>, aportava els testimonis de dos usuaris de l\u2019Hospital Sagrat Cor, l\u2019Aleix Mil\u00e0 i el Ramon Baleta.<\/p>\n\n\n\n<div class=\"wp-block-media-text is-stacked-on-mobile is-vertically-aligned-top is-image-fill\" style=\"grid-template-columns:38% auto\"><figure class=\"wp-block-media-text__media\" style=\"background-image:url(https:\/\/hospitalsagratcormartorell.org\/entre-tots\/wp-content\/uploads\/2024\/01\/Captura-de-pantalla-2024-02-01-a-les-16.59.28-834x1024.jpg);background-position:50% 50%\"><a href=\"https:\/\/youtu.be\/xcMKzNJwdG0\" target=\"_blank\" rel=\"noreferrer noopener\"><img loading=\"lazy\" decoding=\"async\" width=\"834\" height=\"1024\" src=\"https:\/\/hospitalsagratcormartorell.org\/entre-tots\/wp-content\/uploads\/2024\/01\/Captura-de-pantalla-2024-02-01-a-les-16.59.28-834x1024.jpg\" alt=\"\" class=\"wp-image-8049 size-full\" srcset=\"https:\/\/fundaciohospitalariesmartorell.org\/entre-tots\/wp-content\/uploads\/2024\/01\/Captura-de-pantalla-2024-02-01-a-les-16.59.28-834x1024.jpg 834w, https:\/\/fundaciohospitalariesmartorell.org\/entre-tots\/wp-content\/uploads\/2024\/01\/Captura-de-pantalla-2024-02-01-a-les-16.59.28-244x300.jpg 244w, https:\/\/fundaciohospitalariesmartorell.org\/entre-tots\/wp-content\/uploads\/2024\/01\/Captura-de-pantalla-2024-02-01-a-les-16.59.28-768x943.jpg 768w, https:\/\/fundaciohospitalariesmartorell.org\/entre-tots\/wp-content\/uploads\/2024\/01\/Captura-de-pantalla-2024-02-01-a-les-16.59.28-1250x1536.jpg 1250w, https:\/\/fundaciohospitalariesmartorell.org\/entre-tots\/wp-content\/uploads\/2024\/01\/Captura-de-pantalla-2024-02-01-a-les-16.59.28-1320x1622.jpg 1320w, https:\/\/fundaciohospitalariesmartorell.org\/entre-tots\/wp-content\/uploads\/2024\/01\/Captura-de-pantalla-2024-02-01-a-les-16.59.28.jpg 1488w\" sizes=\"auto, (max-width: 834px) 100vw, 834px\" \/><\/a><\/figure><div class=\"wp-block-media-text__content\">\n<p>En aquesta ocasi\u00f3 volem parlar de la iniciativa \u2018Art al CAS\u2019, que es va posar en marxa l\u2019any 2011 al CAS Pened\u00e8s-Garraf, despr\u00e9s de comprovar de primera m\u00e0 com l\u2019art \u00e9s una via d&#8217;expressi\u00f3, d\u2019enriquiment personal i d\u2019oci per a moltes persones usu\u00e0ries d\u2019aquest recurs assistencial. La majoria de vegades, aquesta afici\u00f3 o talent no \u00e9s conegut m\u00e9s enll\u00e0 d\u2019elles mateixes i del seu entorn m\u00e9s proper.<\/p>\n\n\n\n<p>Marta Vallcanera, metgessa del CAS Pened\u00e8s-Garraf i promotora del projecte, va evidenciar, a partir d\u2019obsequis art\u00edstics que li feien les seves i els seus pacients, que l\u2019art els serveix per expressar com se senten. Ens ho explica a trav\u00e9s d\u2019un exemple que va viure:<\/p>\n<\/div><\/div>\n\n\n\n<p>Fa dos anys i mig la Sandra, que pateix un trastorn de salut mental al qual s\u2019hi va afegir un problema d\u2019addiccions, va arribar al CAS Pened\u00e8s-Garraf, despr\u00e9s de diversos ingressos hospitalaris. L\u2019estada a una comunitat terap\u00e8utica li va servir per adonar-se que no volia ser la persona que era abans i va poder deixar enrere les drogues. El 2 de gener de 2024 ha complert dos anys sense consumir. Segueix vinculada al CAS de l\u2019Hospital Sagrat Cor i ha participat diversos anys a la iniciativa \u2018Art al CAS\u2019. Algunes de les seves obres han il\u00b7lustrat els cartells d\u2019edicions d\u2019aquest projecte.<\/p>\n\n\n\n<div class=\"wp-block-media-text has-media-on-the-right is-stacked-on-mobile\" style=\"grid-template-columns:auto 31%\"><div class=\"wp-block-media-text__content\">\n<p>\u201cVaig comen\u00e7ar a pintar l\u2019any 2019, de&nbsp;forma autodid\u00e0ctica, ja que em sentia molt deprimida i veia que l\u2019art m\u2019ajudava a relaxar-me. El meu primer quadre \u00e9s un mar enfadat, un reflex de totes les emocions negatives que tenia dins meu\u201d, recorda.<\/p>\n<\/div><figure class=\"wp-block-media-text__media\"><img loading=\"lazy\" decoding=\"async\" width=\"904\" height=\"611\" src=\"https:\/\/hospitalsagratcormartorell.org\/entre-tots\/wp-content\/uploads\/2024\/02\/IMG-20240125-WA0060.jpg\" alt=\"\" class=\"wp-image-8035 size-full\" srcset=\"https:\/\/fundaciohospitalariesmartorell.org\/entre-tots\/wp-content\/uploads\/2024\/02\/IMG-20240125-WA0060.jpg 904w, https:\/\/fundaciohospitalariesmartorell.org\/entre-tots\/wp-content\/uploads\/2024\/02\/IMG-20240125-WA0060-300x203.jpg 300w, https:\/\/fundaciohospitalariesmartorell.org\/entre-tots\/wp-content\/uploads\/2024\/02\/IMG-20240125-WA0060-768x519.jpg 768w\" sizes=\"auto, (max-width: 904px) 100vw, 904px\" \/><\/figure><\/div>\n\n\n\n<p>Li agrada molt pintar persones africanes, sobretot dones, i utilitza colors vius amb la finalitat que ella mateixa es pugui contagiar d\u2019aquesta alegria que plasma en els seus quadres i que anhela sentir.<\/p>\n\n\n\n<p>Al seg\u00fcent v\u00eddeo la Sandra ens explica els beneficis que li ha aportat l\u2019art i, en concret, el projecte \u2018Art al CAS\u2019:<\/p>\n\n\n\n<figure class=\"wp-block-image size-full\"><a href=\"https:\/\/youtu.be\/lcEC_9xAcUY\" target=\"_blank\" rel=\"noreferrer noopener\"><img loading=\"lazy\" decoding=\"async\" width=\"2560\" height=\"1827\" src=\"https:\/\/hospitalsagratcormartorell.org\/entre-tots\/wp-content\/uploads\/2024\/01\/Captura-de-pantalla-2024-02-01-a-les-17.00.22-scaled.jpg\" alt=\"\" class=\"wp-image-8048\" srcset=\"https:\/\/fundaciohospitalariesmartorell.org\/entre-tots\/wp-content\/uploads\/2024\/01\/Captura-de-pantalla-2024-02-01-a-les-17.00.22-scaled.jpg 2560w, https:\/\/fundaciohospitalariesmartorell.org\/entre-tots\/wp-content\/uploads\/2024\/01\/Captura-de-pantalla-2024-02-01-a-les-17.00.22-300x214.jpg 300w, https:\/\/fundaciohospitalariesmartorell.org\/entre-tots\/wp-content\/uploads\/2024\/01\/Captura-de-pantalla-2024-02-01-a-les-17.00.22-1024x731.jpg 1024w, https:\/\/fundaciohospitalariesmartorell.org\/entre-tots\/wp-content\/uploads\/2024\/01\/Captura-de-pantalla-2024-02-01-a-les-17.00.22-768x548.jpg 768w, https:\/\/fundaciohospitalariesmartorell.org\/entre-tots\/wp-content\/uploads\/2024\/01\/Captura-de-pantalla-2024-02-01-a-les-17.00.22-1536x1096.jpg 1536w, https:\/\/fundaciohospitalariesmartorell.org\/entre-tots\/wp-content\/uploads\/2024\/01\/Captura-de-pantalla-2024-02-01-a-les-17.00.22-2048x1462.jpg 2048w, https:\/\/fundaciohospitalariesmartorell.org\/entre-tots\/wp-content\/uploads\/2024\/01\/Captura-de-pantalla-2024-02-01-a-les-17.00.22-1320x942.jpg 1320w\" sizes=\"auto, (max-width: 2560px) 100vw, 2560px\" \/><\/a><\/figure>\n\n\n\n<p>Entre els mesos d\u2019octubre i novembre es demana als i les pacients que treballin en alguna obra art\u00edstica, que pot ser un dibuix, una pintura, una poesia, etc., i que la portin al CAS. \u201cAmb totes les creacions que ens arriben fem una exposici\u00f3, que es pot veure des del mes de desembre fins passat Reis a la sala d\u2019espera i als espais comuns del Centre\u201d, explica la Dra. Vallcanera. Acabat aquest per\u00edode les obres s\u00f3n retornades als seus creadors i creadores.<\/p>\n\n\n\n<figure data-wp-context=\"{&quot;imageId&quot;:&quot;69f19af16a0e6&quot;}\" data-wp-interactive=\"core\/image\" data-wp-key=\"69f19af16a0e6\" class=\"wp-block-image size-full wp-lightbox-container\"><img loading=\"lazy\" decoding=\"async\" width=\"1024\" height=\"381\" data-wp-class--hide=\"state.isContentHidden\" data-wp-class--show=\"state.isContentVisible\" data-wp-init=\"callbacks.setButtonStyles\" data-wp-on--click=\"actions.showLightbox\" data-wp-on--load=\"callbacks.setButtonStyles\" data-wp-on-window--resize=\"callbacks.setButtonStyles\" src=\"https:\/\/hospitalsagratcormartorell.org\/entre-tots\/wp-content\/uploads\/2024\/02\/Exposicio-12a-edicio-Art-al-CAS.jpg\" alt=\"\" class=\"wp-image-8033\" srcset=\"https:\/\/fundaciohospitalariesmartorell.org\/entre-tots\/wp-content\/uploads\/2024\/02\/Exposicio-12a-edicio-Art-al-CAS.jpg 1024w, https:\/\/fundaciohospitalariesmartorell.org\/entre-tots\/wp-content\/uploads\/2024\/02\/Exposicio-12a-edicio-Art-al-CAS-300x112.jpg 300w, https:\/\/fundaciohospitalariesmartorell.org\/entre-tots\/wp-content\/uploads\/2024\/02\/Exposicio-12a-edicio-Art-al-CAS-768x286.jpg 768w\" sizes=\"auto, (max-width: 1024px) 100vw, 1024px\" \/><button\n\t\t\tclass=\"lightbox-trigger\"\n\t\t\ttype=\"button\"\n\t\t\taria-haspopup=\"dialog\"\n\t\t\taria-label=\"Amplia\"\n\t\t\tdata-wp-init=\"callbacks.initTriggerButton\"\n\t\t\tdata-wp-on--click=\"actions.showLightbox\"\n\t\t\tdata-wp-style--right=\"state.imageButtonRight\"\n\t\t\tdata-wp-style--top=\"state.imageButtonTop\"\n\t\t>\n\t\t\t<svg xmlns=\"http:\/\/www.w3.org\/2000\/svg\" width=\"12\" height=\"12\" fill=\"none\" viewBox=\"0 0 12 12\">\n\t\t\t\t<path fill=\"#fff\" d=\"M2 0a2 2 0 0 0-2 2v2h1.5V2a.5.5 0 0 1 .5-.5h2V0H2Zm2 10.5H2a.5.5 0 0 1-.5-.5V8H0v2a2 2 0 0 0 2 2h2v-1.5ZM8 12v-1.5h2a.5.5 0 0 0 .5-.5V8H12v2a2 2 0 0 1-2 2H8Zm2-12a2 2 0 0 1 2 2v2h-1.5V2a.5.5 0 0 0-.5-.5H8V0h2Z\" \/>\n\t\t\t<\/svg>\n\t\t<\/button><\/figure>\n\n\n\n<p>Per anunciar una nova edici\u00f3 d\u2019aquesta iniciativa ja consolidada s\u2019agafa una obra de l\u2019any anterior. A la darrera edici\u00f3, la de 2023, han participat sis pacients, que han aportat un total de dotze peces.<\/p>\n\n\n\n<p>La professional destaca que l\u2019objectiu d\u2019aquest projecte, que nom\u00e9s es va aturar durant la pand\u00e8mia, \u00e9s tamb\u00e9 motivar altres pacients a buscar formes de cuidar-se. \u201cHi ha persones usu\u00e0ries que quan es troben b\u00e9, dibuixen, pinten\u2026 realment moltes obres mostren all\u00f2 que tenen dins seu\u201d, afirma.<\/p>\n\n\n\n<figure data-wp-context=\"{&quot;imageId&quot;:&quot;69f19af16a648&quot;}\" data-wp-interactive=\"core\/image\" data-wp-key=\"69f19af16a648\" class=\"wp-block-image size-large wp-lightbox-container\"><img loading=\"lazy\" decoding=\"async\" width=\"1024\" height=\"768\" data-wp-class--hide=\"state.isContentHidden\" data-wp-class--show=\"state.isContentVisible\" data-wp-init=\"callbacks.setButtonStyles\" data-wp-on--click=\"actions.showLightbox\" data-wp-on--load=\"callbacks.setButtonStyles\" data-wp-on-window--resize=\"callbacks.setButtonStyles\" src=\"https:\/\/hospitalsagratcormartorell.org\/entre-tots\/wp-content\/uploads\/2024\/02\/IMG-20240130-WA0036-1024x768.jpg\" alt=\"\" class=\"wp-image-8037\" srcset=\"https:\/\/fundaciohospitalariesmartorell.org\/entre-tots\/wp-content\/uploads\/2024\/02\/IMG-20240130-WA0036-1024x768.jpg 1024w, https:\/\/fundaciohospitalariesmartorell.org\/entre-tots\/wp-content\/uploads\/2024\/02\/IMG-20240130-WA0036-300x225.jpg 300w, https:\/\/fundaciohospitalariesmartorell.org\/entre-tots\/wp-content\/uploads\/2024\/02\/IMG-20240130-WA0036-768x576.jpg 768w, https:\/\/fundaciohospitalariesmartorell.org\/entre-tots\/wp-content\/uploads\/2024\/02\/IMG-20240130-WA0036-1536x1152.jpg 1536w, https:\/\/fundaciohospitalariesmartorell.org\/entre-tots\/wp-content\/uploads\/2024\/02\/IMG-20240130-WA0036-1320x990.jpg 1320w, https:\/\/fundaciohospitalariesmartorell.org\/entre-tots\/wp-content\/uploads\/2024\/02\/IMG-20240130-WA0036.jpg 2048w\" sizes=\"auto, (max-width: 1024px) 100vw, 1024px\" \/><button\n\t\t\tclass=\"lightbox-trigger\"\n\t\t\ttype=\"button\"\n\t\t\taria-haspopup=\"dialog\"\n\t\t\taria-label=\"Amplia\"\n\t\t\tdata-wp-init=\"callbacks.initTriggerButton\"\n\t\t\tdata-wp-on--click=\"actions.showLightbox\"\n\t\t\tdata-wp-style--right=\"state.imageButtonRight\"\n\t\t\tdata-wp-style--top=\"state.imageButtonTop\"\n\t\t>\n\t\t\t<svg xmlns=\"http:\/\/www.w3.org\/2000\/svg\" width=\"12\" height=\"12\" fill=\"none\" viewBox=\"0 0 12 12\">\n\t\t\t\t<path fill=\"#fff\" d=\"M2 0a2 2 0 0 0-2 2v2h1.5V2a.5.5 0 0 1 .5-.5h2V0H2Zm2 10.5H2a.5.5 0 0 1-.5-.5V8H0v2a2 2 0 0 0 2 2h2v-1.5ZM8 12v-1.5h2a.5.5 0 0 0 .5-.5V8H12v2a2 2 0 0 1-2 2H8Zm2-12a2 2 0 0 1 2 2v2h-1.5V2a.5.5 0 0 0-.5-.5H8V0h2Z\" \/>\n\t\t\t<\/svg>\n\t\t<\/button><\/figure>\n\n\n\n<p>Aquest 2023 la Sandra feia un any que no pintava, ja que no es podia concentrar, fins que el mes de novembre va rebre una trucada del CAS per animar-la a participar en la 12a edici\u00f3. Ho va fer i va aportar dos quadres, un d\u2019ells centrat en el conflicte entre Israel i Palestina. Des de llavors no ha deixat de pintar ni un sol dia.<\/p>\n\n\n\n<figure data-wp-context=\"{&quot;imageId&quot;:&quot;69f19af16ab76&quot;}\" data-wp-interactive=\"core\/image\" data-wp-key=\"69f19af16ab76\" class=\"wp-block-image size-full wp-lightbox-container\"><img loading=\"lazy\" decoding=\"async\" width=\"766\" height=\"436\" data-wp-class--hide=\"state.isContentHidden\" data-wp-class--show=\"state.isContentVisible\" data-wp-init=\"callbacks.setButtonStyles\" data-wp-on--click=\"actions.showLightbox\" data-wp-on--load=\"callbacks.setButtonStyles\" data-wp-on-window--resize=\"callbacks.setButtonStyles\" src=\"https:\/\/hospitalsagratcormartorell.org\/entre-tots\/wp-content\/uploads\/2024\/02\/IMG-20231205-WA0073.jpg\" alt=\"\" class=\"wp-image-8034\" srcset=\"https:\/\/fundaciohospitalariesmartorell.org\/entre-tots\/wp-content\/uploads\/2024\/02\/IMG-20231205-WA0073.jpg 766w, https:\/\/fundaciohospitalariesmartorell.org\/entre-tots\/wp-content\/uploads\/2024\/02\/IMG-20231205-WA0073-300x171.jpg 300w\" sizes=\"auto, (max-width: 766px) 100vw, 766px\" \/><button\n\t\t\tclass=\"lightbox-trigger\"\n\t\t\ttype=\"button\"\n\t\t\taria-haspopup=\"dialog\"\n\t\t\taria-label=\"Amplia\"\n\t\t\tdata-wp-init=\"callbacks.initTriggerButton\"\n\t\t\tdata-wp-on--click=\"actions.showLightbox\"\n\t\t\tdata-wp-style--right=\"state.imageButtonRight\"\n\t\t\tdata-wp-style--top=\"state.imageButtonTop\"\n\t\t>\n\t\t\t<svg xmlns=\"http:\/\/www.w3.org\/2000\/svg\" width=\"12\" height=\"12\" fill=\"none\" viewBox=\"0 0 12 12\">\n\t\t\t\t<path fill=\"#fff\" d=\"M2 0a2 2 0 0 0-2 2v2h1.5V2a.5.5 0 0 1 .5-.5h2V0H2Zm2 10.5H2a.5.5 0 0 1-.5-.5V8H0v2a2 2 0 0 0 2 2h2v-1.5ZM8 12v-1.5h2a.5.5 0 0 0 .5-.5V8H12v2a2 2 0 0 1-2 2H8Zm2-12a2 2 0 0 1 2 2v2h-1.5V2a.5.5 0 0 0-.5-.5H8V0h2Z\" \/>\n\t\t\t<\/svg>\n\t\t<\/button><\/figure>\n","protected":false},"excerpt":{"rendered":"<p>Aquest \u00e9s el segon Tot aix\u00f2 \u00e9s nostre que dediquem als beneficis que l\u2019art en persones amb un problema de salut mental o addiccions. El primer, publicat el mes de juny de 2023, aportava els testimonis de dos usuaris de l\u2019Hospital Sagrat Cor, l\u2019Aleix Mil\u00e0 i el Ramon Baleta. En aquesta ocasi\u00f3 volem parlar de [&hellip;]<\/p>\n","protected":false},"author":2,"featured_media":8041,"comment_status":"closed","ping_status":"closed","sticky":false,"template":"","format":"standard","meta":{"footnotes":""},"categories":[28],"tags":[],"class_list":["post-8031","post","type-post","status-publish","format-standard","has-post-thumbnail","hentry","category-tot-aixo-es-nostre"],"blocksy_meta":{"styles_descriptor":{"styles":{"desktop":"","tablet":"","mobile":""},"google_fonts":[],"version":6}},"featured_image_urls_v2":{"full":["https:\/\/fundaciohospitalariesmartorell.org\/entre-tots\/wp-content\/uploads\/2024\/02\/Captura-de-pantalla-2024-02-01-a-les-16.41.46-scaled.jpg",2560,1212,false],"thumbnail":["https:\/\/fundaciohospitalariesmartorell.org\/entre-tots\/wp-content\/uploads\/2024\/02\/Captura-de-pantalla-2024-02-01-a-les-16.41.46-150x150.jpg",150,150,true],"medium":["https:\/\/fundaciohospitalariesmartorell.org\/entre-tots\/wp-content\/uploads\/2024\/02\/Captura-de-pantalla-2024-02-01-a-les-16.41.46-300x142.jpg",300,142,true],"medium_large":["https:\/\/fundaciohospitalariesmartorell.org\/entre-tots\/wp-content\/uploads\/2024\/02\/Captura-de-pantalla-2024-02-01-a-les-16.41.46-768x363.jpg",768,363,true],"large":["https:\/\/fundaciohospitalariesmartorell.org\/entre-tots\/wp-content\/uploads\/2024\/02\/Captura-de-pantalla-2024-02-01-a-les-16.41.46-1024x485.jpg",1024,485,true],"1536x1536":["https:\/\/fundaciohospitalariesmartorell.org\/entre-tots\/wp-content\/uploads\/2024\/02\/Captura-de-pantalla-2024-02-01-a-les-16.41.46-1536x727.jpg",1536,727,true],"2048x2048":["https:\/\/fundaciohospitalariesmartorell.org\/entre-tots\/wp-content\/uploads\/2024\/02\/Captura-de-pantalla-2024-02-01-a-les-16.41.46-2048x969.jpg",2048,969,true],"mailpoet_newsletter_max":["https:\/\/fundaciohospitalariesmartorell.org\/entre-tots\/wp-content\/uploads\/2024\/02\/Captura-de-pantalla-2024-02-01-a-les-16.41.46-1320x625.jpg",1320,625,true]},"post_excerpt_stackable_v2":"<p>Aquest \u00e9s el segon Tot aix\u00f2 \u00e9s nostre que dediquem als beneficis que l\u2019art en persones amb un problema de salut mental o addiccions. El primer, publicat el mes de juny de 2023, aportava els testimonis de dos usuaris de l\u2019Hospital Sagrat Cor, l\u2019Aleix Mil\u00e0 i el Ramon Baleta. En aquesta ocasi\u00f3 volem parlar de la iniciativa \u2018Art al CAS\u2019, que es va posar en marxa l\u2019any 2011 al CAS Pened\u00e8s-Garraf, despr\u00e9s de comprovar de primera m\u00e0 com l\u2019art \u00e9s una via d&#8217;expressi\u00f3, d\u2019enriquiment personal i d\u2019oci per a moltes persones usu\u00e0ries d\u2019aquest recurs assistencial. La majoria de vegades, aquesta&hellip;<\/p>\n","category_list_v2":"<a href=\"https:\/\/fundaciohospitalariesmartorell.org\/entre-tots\/category\/tot-aixo-es-nostre\/\" rel=\"category tag\">TOT AIX\u00d2 \u00c9S NOSTRE<\/a>","author_info_v2":{"name":"Sagrat Cor","url":"https:\/\/fundaciohospitalariesmartorell.org\/entre-tots\/author\/daniel\/"},"comments_num_v2":"0 comments","_links":{"self":[{"href":"https:\/\/fundaciohospitalariesmartorell.org\/entre-tots\/wp-json\/wp\/v2\/posts\/8031","targetHints":{"allow":["GET"]}}],"collection":[{"href":"https:\/\/fundaciohospitalariesmartorell.org\/entre-tots\/wp-json\/wp\/v2\/posts"}],"about":[{"href":"https:\/\/fundaciohospitalariesmartorell.org\/entre-tots\/wp-json\/wp\/v2\/types\/post"}],"author":[{"embeddable":true,"href":"https:\/\/fundaciohospitalariesmartorell.org\/entre-tots\/wp-json\/wp\/v2\/users\/2"}],"replies":[{"embeddable":true,"href":"https:\/\/fundaciohospitalariesmartorell.org\/entre-tots\/wp-json\/wp\/v2\/comments?post=8031"}],"version-history":[{"count":12,"href":"https:\/\/fundaciohospitalariesmartorell.org\/entre-tots\/wp-json\/wp\/v2\/posts\/8031\/revisions"}],"predecessor-version":[{"id":8074,"href":"https:\/\/fundaciohospitalariesmartorell.org\/entre-tots\/wp-json\/wp\/v2\/posts\/8031\/revisions\/8074"}],"wp:featuredmedia":[{"embeddable":true,"href":"https:\/\/fundaciohospitalariesmartorell.org\/entre-tots\/wp-json\/wp\/v2\/media\/8041"}],"wp:attachment":[{"href":"https:\/\/fundaciohospitalariesmartorell.org\/entre-tots\/wp-json\/wp\/v2\/media?parent=8031"}],"wp:term":[{"taxonomy":"category","embeddable":true,"href":"https:\/\/fundaciohospitalariesmartorell.org\/entre-tots\/wp-json\/wp\/v2\/categories?post=8031"},{"taxonomy":"post_tag","embeddable":true,"href":"https:\/\/fundaciohospitalariesmartorell.org\/entre-tots\/wp-json\/wp\/v2\/tags?post=8031"}],"curies":[{"name":"wp","href":"https:\/\/api.w.org\/{rel}","templated":true}]}}