{"id":8090,"date":"2024-02-28T23:28:27","date_gmt":"2024-02-28T21:28:27","guid":{"rendered":"https:\/\/hospitalsagratcormartorell.org\/entre-tots\/?p=8090"},"modified":"2024-02-28T23:37:46","modified_gmt":"2024-02-28T21:37:46","slug":"el-seminari-de-supervisio-clinica-arriba-a-la-majoria-dedat","status":"publish","type":"post","link":"https:\/\/fundaciohospitalariesmartorell.org\/entre-tots\/2024\/02\/el-seminari-de-supervisio-clinica-arriba-a-la-majoria-dedat\/","title":{"rendered":"El seminari de Supervisi\u00f3 Cl\u00ednica arriba a la majoria d\u2019edat"},"content":{"rendered":"<figure class=\"wp-block-post-featured-image\"><img loading=\"lazy\" decoding=\"async\" width=\"1024\" height=\"768\" src=\"https:\/\/fundaciohospitalariesmartorell.org\/entre-tots\/wp-content\/uploads\/2024\/02\/a8b369af-fc78-4b52-9bc5-4daa848a245e.jpeg\" class=\"attachment-post-thumbnail size-post-thumbnail wp-post-image\" alt=\"\" style=\"object-fit:cover;\" srcset=\"https:\/\/fundaciohospitalariesmartorell.org\/entre-tots\/wp-content\/uploads\/2024\/02\/a8b369af-fc78-4b52-9bc5-4daa848a245e.jpeg 1024w, https:\/\/fundaciohospitalariesmartorell.org\/entre-tots\/wp-content\/uploads\/2024\/02\/a8b369af-fc78-4b52-9bc5-4daa848a245e-300x225.jpeg 300w, https:\/\/fundaciohospitalariesmartorell.org\/entre-tots\/wp-content\/uploads\/2024\/02\/a8b369af-fc78-4b52-9bc5-4daa848a245e-768x576.jpeg 768w\" sizes=\"auto, (max-width: 1024px) 100vw, 1024px\" \/><\/figure>\n\n\n<p>L\u2019any 2006, es va iniciar un seminari de Supervisi\u00f3 Cl\u00ednica, en el qual s&#8217;abordava l\u2019alian\u00e7a terap\u00e8utica, un proc\u00e9s que estableix relacions i vincles i que comporta tant la construcci\u00f3 de la identitat de la persona atesa com la de la persona terapeuta. Amb motiu dels divuit anys que fa que es va posar en marxa, el dia 31 de gener es va celebrar una sessi\u00f3 molt especial d\u2019aquest seminari, en la qual van participar, tant de manera presencial com en l\u00ednia, 40 persones, la majoria residents del doctor Pedro Yscadar, psiquiatre de la Unitat d\u2019Aguts de l\u2019Hospital Sagrat Cor, que s\u2019encarrega de dirigir aquesta activitat.<\/p>\n\n\n\n<p>L\u2019alian\u00e7a terap\u00e8utica \u00e9s b\u00e0sica en totes les \u00e0rees de les cures i, en particular, en les intervencions que estan centrades en la persona atesa. En diversos estudis, s\u2019ha demostrat que l\u2019alian\u00e7a terap\u00e8utica \u00e9s curativa per si sola, principalment en salut mental. No obstant aix\u00f2, en l&#8217;actualitat, la pr\u00e0ctica de l&#8217;alian\u00e7a terap\u00e8utica s&#8217;enfronta amb nous reptes. Els aven\u00e7os tecnol\u00f2gics, els canvis socioculturals i les demandes cada vegada m\u00e9s complexes dels pacients posen a prova la capacitat de les persones terapeutes per establir i mantenir una alian\u00e7a terap\u00e8utica s\u00f2lida.<\/p>\n\n\n\n<p>\u201cEl seminari suposa un punt de trobada per als professionals de psiquiatria, psicologia i infermeria, perqu\u00e8 ajuda a crear din\u00e0miques de grup importants i fomenta un enfocament interactiu, en el qual es presenten casos que no se saben resoldre i es proposen solucions col\u00b7lectives\u201d, explica el Dr. Yscadar. L\u2019objectiu final de l\u2019activitat formativa \u00e9s oferir eines psicoterap\u00e8utiques per tal d\u2019establir una alian\u00e7a terap\u00e8utica m\u00e9s consolidada que suposi una millora per a la persona atesa.<\/p>\n\n\n\n<p>Alguns dels i les residents del Dr. Yscadar que han participat en el seminari destaquen el fet que suposa un espai de reflexi\u00f3 que permet al personal resident&nbsp;donar nous enfocaments a la seva professi\u00f3, i entendre i ajudar de manera diferent la persona atesa. Tamb\u00e9, que es tracta d\u2019un espai de trobada i de suport entre companys i companyes. Consideren que \u00e9s un privilegi poder fer formaci\u00f3 de manera setmanal, ja que hi ha molt pocs hospitals que ho facin, i una eina molt \u00fatil en el seu proc\u00e9s d\u2019aprenentatge.<\/p>\n","protected":false},"excerpt":{"rendered":"<p>L\u2019any 2006, es va iniciar un seminari de Supervisi\u00f3 Cl\u00ednica, en el qual s&#8217;abordava l\u2019alian\u00e7a terap\u00e8utica, un proc\u00e9s que estableix relacions i vincles i que comporta tant la construcci\u00f3 de la identitat de la persona atesa com la de la persona terapeuta. Amb motiu dels divuit anys que fa que es va posar en marxa, [&hellip;]<\/p>\n","protected":false},"author":2,"featured_media":8092,"comment_status":"closed","ping_status":"closed","sticky":false,"template":"","format":"standard","meta":{"footnotes":""},"categories":[27],"tags":[],"class_list":["post-8090","post","type-post","status-publish","format-standard","has-post-thumbnail","hentry","category-actualitat"],"blocksy_meta":{"styles_descriptor":{"styles":{"desktop":"","tablet":"","mobile":""},"google_fonts":[],"version":6}},"featured_image_urls_v2":{"full":["https:\/\/fundaciohospitalariesmartorell.org\/entre-tots\/wp-content\/uploads\/2024\/02\/a8b369af-fc78-4b52-9bc5-4daa848a245e.jpeg",1024,768,false],"thumbnail":["https:\/\/fundaciohospitalariesmartorell.org\/entre-tots\/wp-content\/uploads\/2024\/02\/a8b369af-fc78-4b52-9bc5-4daa848a245e-150x150.jpeg",150,150,true],"medium":["https:\/\/fundaciohospitalariesmartorell.org\/entre-tots\/wp-content\/uploads\/2024\/02\/a8b369af-fc78-4b52-9bc5-4daa848a245e-300x225.jpeg",300,225,true],"medium_large":["https:\/\/fundaciohospitalariesmartorell.org\/entre-tots\/wp-content\/uploads\/2024\/02\/a8b369af-fc78-4b52-9bc5-4daa848a245e-768x576.jpeg",768,576,true],"large":["https:\/\/fundaciohospitalariesmartorell.org\/entre-tots\/wp-content\/uploads\/2024\/02\/a8b369af-fc78-4b52-9bc5-4daa848a245e.jpeg",1024,768,false],"1536x1536":["https:\/\/fundaciohospitalariesmartorell.org\/entre-tots\/wp-content\/uploads\/2024\/02\/a8b369af-fc78-4b52-9bc5-4daa848a245e.jpeg",1024,768,false],"2048x2048":["https:\/\/fundaciohospitalariesmartorell.org\/entre-tots\/wp-content\/uploads\/2024\/02\/a8b369af-fc78-4b52-9bc5-4daa848a245e.jpeg",1024,768,false],"mailpoet_newsletter_max":["https:\/\/fundaciohospitalariesmartorell.org\/entre-tots\/wp-content\/uploads\/2024\/02\/a8b369af-fc78-4b52-9bc5-4daa848a245e.jpeg",1024,768,false]},"post_excerpt_stackable_v2":"<p>L\u2019any 2006, es va iniciar un seminari de Supervisi\u00f3 Cl\u00ednica, en el qual s&#8217;abordava l\u2019alian\u00e7a terap\u00e8utica, un proc\u00e9s que estableix relacions i vincles i que comporta tant la construcci\u00f3 de la identitat de la persona atesa com la de la persona terapeuta. Amb motiu dels divuit anys que fa que es va posar en marxa, el dia 31 de gener es va celebrar una sessi\u00f3 molt especial d\u2019aquest seminari, en la qual van participar, tant de manera presencial com en l\u00ednia, 40 persones, la majoria residents del doctor Pedro Yscadar, psiquiatre de la Unitat d\u2019Aguts de l\u2019Hospital Sagrat Cor, que&hellip;<\/p>\n","category_list_v2":"<a href=\"https:\/\/fundaciohospitalariesmartorell.org\/entre-tots\/category\/actualitat\/\" rel=\"category tag\">ACTUALITAT<\/a>","author_info_v2":{"name":"Sagrat Cor","url":"https:\/\/fundaciohospitalariesmartorell.org\/entre-tots\/author\/daniel\/"},"comments_num_v2":"0 comments","_links":{"self":[{"href":"https:\/\/fundaciohospitalariesmartorell.org\/entre-tots\/wp-json\/wp\/v2\/posts\/8090","targetHints":{"allow":["GET"]}}],"collection":[{"href":"https:\/\/fundaciohospitalariesmartorell.org\/entre-tots\/wp-json\/wp\/v2\/posts"}],"about":[{"href":"https:\/\/fundaciohospitalariesmartorell.org\/entre-tots\/wp-json\/wp\/v2\/types\/post"}],"author":[{"embeddable":true,"href":"https:\/\/fundaciohospitalariesmartorell.org\/entre-tots\/wp-json\/wp\/v2\/users\/2"}],"replies":[{"embeddable":true,"href":"https:\/\/fundaciohospitalariesmartorell.org\/entre-tots\/wp-json\/wp\/v2\/comments?post=8090"}],"version-history":[{"count":3,"href":"https:\/\/fundaciohospitalariesmartorell.org\/entre-tots\/wp-json\/wp\/v2\/posts\/8090\/revisions"}],"predecessor-version":[{"id":8113,"href":"https:\/\/fundaciohospitalariesmartorell.org\/entre-tots\/wp-json\/wp\/v2\/posts\/8090\/revisions\/8113"}],"wp:featuredmedia":[{"embeddable":true,"href":"https:\/\/fundaciohospitalariesmartorell.org\/entre-tots\/wp-json\/wp\/v2\/media\/8092"}],"wp:attachment":[{"href":"https:\/\/fundaciohospitalariesmartorell.org\/entre-tots\/wp-json\/wp\/v2\/media?parent=8090"}],"wp:term":[{"taxonomy":"category","embeddable":true,"href":"https:\/\/fundaciohospitalariesmartorell.org\/entre-tots\/wp-json\/wp\/v2\/categories?post=8090"},{"taxonomy":"post_tag","embeddable":true,"href":"https:\/\/fundaciohospitalariesmartorell.org\/entre-tots\/wp-json\/wp\/v2\/tags?post=8090"}],"curies":[{"name":"wp","href":"https:\/\/api.w.org\/{rel}","templated":true}]}}