{"id":8116,"date":"2024-02-28T23:47:48","date_gmt":"2024-02-28T21:47:48","guid":{"rendered":"https:\/\/hospitalsagratcormartorell.org\/entre-tots\/?p=8116"},"modified":"2024-02-29T19:15:35","modified_gmt":"2024-02-29T17:15:35","slug":"roger-ballesca-imparteix-una-xerrada-sobre-el-concepte-be-to-care","status":"publish","type":"post","link":"https:\/\/fundaciohospitalariesmartorell.org\/entre-tots\/2024\/02\/roger-ballesca-imparteix-una-xerrada-sobre-el-concepte-be-to-care\/","title":{"rendered":"Roger Ballesc\u00e0 imparteix una xerrada sobre el concepte <i>be to care<\/i>"},"content":{"rendered":"<figure class=\"wp-block-post-featured-image\"><img loading=\"lazy\" decoding=\"async\" width=\"1600\" height=\"1200\" src=\"https:\/\/fundaciohospitalariesmartorell.org\/entre-tots\/wp-content\/uploads\/2024\/02\/7e8c8f97-25fb-4b98-9c47-55dd21f8bdc8.jpeg\" class=\"attachment-post-thumbnail size-post-thumbnail wp-post-image\" alt=\"\" style=\"object-fit:cover;\" srcset=\"https:\/\/fundaciohospitalariesmartorell.org\/entre-tots\/wp-content\/uploads\/2024\/02\/7e8c8f97-25fb-4b98-9c47-55dd21f8bdc8.jpeg 1600w, https:\/\/fundaciohospitalariesmartorell.org\/entre-tots\/wp-content\/uploads\/2024\/02\/7e8c8f97-25fb-4b98-9c47-55dd21f8bdc8-300x225.jpeg 300w, https:\/\/fundaciohospitalariesmartorell.org\/entre-tots\/wp-content\/uploads\/2024\/02\/7e8c8f97-25fb-4b98-9c47-55dd21f8bdc8-1024x768.jpeg 1024w, https:\/\/fundaciohospitalariesmartorell.org\/entre-tots\/wp-content\/uploads\/2024\/02\/7e8c8f97-25fb-4b98-9c47-55dd21f8bdc8-768x576.jpeg 768w, https:\/\/fundaciohospitalariesmartorell.org\/entre-tots\/wp-content\/uploads\/2024\/02\/7e8c8f97-25fb-4b98-9c47-55dd21f8bdc8-1536x1152.jpeg 1536w, https:\/\/fundaciohospitalariesmartorell.org\/entre-tots\/wp-content\/uploads\/2024\/02\/7e8c8f97-25fb-4b98-9c47-55dd21f8bdc8-1320x990.jpeg 1320w\" sizes=\"auto, (max-width: 1600px) 100vw, 1600px\" \/><\/figure>\n\n\n<p>El 27 de febrer, Roger Ballesc\u00e0, coordinador de l\u2019\u00c0rea de Salut Mental Infantil i Juvenil de l\u2019Hospital Sagrat Cor, es va encarregar d\u2019impartir la sessi\u00f3 <em>BE TO CARE Ser per cuidar<\/em>, a l\u2019aula de formaci\u00f3 1 de l\u2019edifici 9, en qu\u00e8 es va aprofundir en aquesta filosofia de cures que se centra en l\u2019\u00e9sser hum\u00e0 com a agent fonamental en el proc\u00e9s d\u2019assist\u00e8ncia i atenci\u00f3. La xerrada va ser organitzada de forma conjunta per les comissions d\u2019Identitat Hospital\u00e0ria i del Cuida\u2019t x Cuidar.<\/p>\n\n\n\n<p>A difer\u00e8ncia d\u2019altres enfocaments tradicionals que posen l\u2019\u00e8mfasi en els procediments t\u00e8cnics i els protocols establerts, <em>be to care<\/em> destaca la import\u00e0ncia de la connexi\u00f3 humana, l\u2019empatia i la comprensi\u00f3 entre els prove\u00efdors de cures i la persona atesa. L\u2019Hospital Sagrat Cor ja fa temps que aplica aquesta filosofia de cures, la qual est\u00e0 totalment alineada amb els principis i valors del nostre Centre.<\/p>\n\n\n\n<p>El cor de <em>be to care<\/em> es troba en tres pilars fonamentals: la t\u00e8cnica, la comunicaci\u00f3 i la relaci\u00f3. \u201cA vegades, subestimem la import\u00e0ncia de la comunicaci\u00f3 i la relaci\u00f3 en l\u2019\u00e0mbit assistencial, i nom\u00e9s ens centrem en la part t\u00e8cnica\u201d, explica Ballesc\u00e0, i afegeix: \u201cPer\u00f2 som conscients que la nostra eina principal no s\u00f3n els instruments quir\u00fargics, sin\u00f3 les pr\u00f2pies emocions, percepcions i habilitats de relaci\u00f3\u201d.<\/p>\n\n\n\n<figure class=\"wp-block-image size-large\"><img loading=\"lazy\" decoding=\"async\" width=\"768\" height=\"1024\" src=\"https:\/\/hospitalsagratcormartorell.org\/entre-tots\/wp-content\/uploads\/2024\/02\/338e903c-ea08-4a2b-8807-c095aab1763b-768x1024.jpeg\" alt=\"\" class=\"wp-image-8121\" srcset=\"https:\/\/fundaciohospitalariesmartorell.org\/entre-tots\/wp-content\/uploads\/2024\/02\/338e903c-ea08-4a2b-8807-c095aab1763b-768x1024.jpeg 768w, https:\/\/fundaciohospitalariesmartorell.org\/entre-tots\/wp-content\/uploads\/2024\/02\/338e903c-ea08-4a2b-8807-c095aab1763b-225x300.jpeg 225w, https:\/\/fundaciohospitalariesmartorell.org\/entre-tots\/wp-content\/uploads\/2024\/02\/338e903c-ea08-4a2b-8807-c095aab1763b-1152x1536.jpeg 1152w, https:\/\/fundaciohospitalariesmartorell.org\/entre-tots\/wp-content\/uploads\/2024\/02\/338e903c-ea08-4a2b-8807-c095aab1763b.jpeg 1200w\" sizes=\"auto, (max-width: 768px) 100vw, 768px\" \/><\/figure>\n\n\n\n<p>\u201cEn el nostre dia a dia hem de fer front a la tasca de tenir cura d\u2019una cosa intangible: les emocions i el malestar de les persones que atenem\u201d, destaca Ballesc\u00e0. Per aix\u00f2, l\u2019autoconeixement i l\u2019autocura esdevenen elements essencials. Con\u00e8ixer la nostra pr\u00f2pia eina de treball i vetllar-hi ens permet oferir una atenci\u00f3 de qualitat. Durant la seva pon\u00e8ncia, l\u2019expert es va endinsar en els processos emocionals interpersonals que caracteritzen la relaci\u00f3 assistencial. D\u2019altra banda, va destacar la import\u00e0ncia de sintonitzar amb les necessitats de l\u2019altre, respectant la seva l\u00f2gica i els seus temps, per tal de garantir un acompanyament efectiu en el seu proc\u00e9s de canvi.<\/p>\n\n\n\n<p>Ballesc\u00e0, durant la xerrada, tamb\u00e9 va convidar les m\u00e9s de trenta persones participants a explorar els passos clau per fer un acompanyament adequat: entendre, sintonitzar i guiar. I va emfatitzar que sovint oblidem el segon pas, la sintonitzaci\u00f3, que \u00e9s crucial perqu\u00e8 l\u2019individu se senti veritablement compr\u00e8s. La xerrada va finalitzar amb un temps per a comentaris, reflexions i preguntes per part del p\u00fablic assistent.<\/p>\n","protected":false},"excerpt":{"rendered":"<p>El 27 de febrer, Roger Ballesc\u00e0, coordinador de l\u2019\u00c0rea de Salut Mental Infantil i Juvenil de l\u2019Hospital Sagrat Cor, es va encarregar d\u2019impartir la sessi\u00f3 BE TO CARE Ser per cuidar, a l\u2019aula de formaci\u00f3 1 de l\u2019edifici 9, en qu\u00e8 es va aprofundir en aquesta filosofia de cures que se centra en l\u2019\u00e9sser hum\u00e0 [&hellip;]<\/p>\n","protected":false},"author":2,"featured_media":8120,"comment_status":"closed","ping_status":"closed","sticky":false,"template":"","format":"standard","meta":{"footnotes":""},"categories":[27],"tags":[],"class_list":["post-8116","post","type-post","status-publish","format-standard","has-post-thumbnail","hentry","category-actualitat"],"blocksy_meta":{"styles_descriptor":{"styles":{"desktop":"","tablet":"","mobile":""},"google_fonts":[],"version":6}},"featured_image_urls_v2":{"full":["https:\/\/fundaciohospitalariesmartorell.org\/entre-tots\/wp-content\/uploads\/2024\/02\/7e8c8f97-25fb-4b98-9c47-55dd21f8bdc8.jpeg",1600,1200,false],"thumbnail":["https:\/\/fundaciohospitalariesmartorell.org\/entre-tots\/wp-content\/uploads\/2024\/02\/7e8c8f97-25fb-4b98-9c47-55dd21f8bdc8-150x150.jpeg",150,150,true],"medium":["https:\/\/fundaciohospitalariesmartorell.org\/entre-tots\/wp-content\/uploads\/2024\/02\/7e8c8f97-25fb-4b98-9c47-55dd21f8bdc8-300x225.jpeg",300,225,true],"medium_large":["https:\/\/fundaciohospitalariesmartorell.org\/entre-tots\/wp-content\/uploads\/2024\/02\/7e8c8f97-25fb-4b98-9c47-55dd21f8bdc8-768x576.jpeg",768,576,true],"large":["https:\/\/fundaciohospitalariesmartorell.org\/entre-tots\/wp-content\/uploads\/2024\/02\/7e8c8f97-25fb-4b98-9c47-55dd21f8bdc8-1024x768.jpeg",1024,768,true],"1536x1536":["https:\/\/fundaciohospitalariesmartorell.org\/entre-tots\/wp-content\/uploads\/2024\/02\/7e8c8f97-25fb-4b98-9c47-55dd21f8bdc8-1536x1152.jpeg",1536,1152,true],"2048x2048":["https:\/\/fundaciohospitalariesmartorell.org\/entre-tots\/wp-content\/uploads\/2024\/02\/7e8c8f97-25fb-4b98-9c47-55dd21f8bdc8.jpeg",1600,1200,false],"mailpoet_newsletter_max":["https:\/\/fundaciohospitalariesmartorell.org\/entre-tots\/wp-content\/uploads\/2024\/02\/7e8c8f97-25fb-4b98-9c47-55dd21f8bdc8-1320x990.jpeg",1320,990,true]},"post_excerpt_stackable_v2":"<p>El 27 de febrer, Roger Ballesc\u00e0, coordinador de l\u2019\u00c0rea de Salut Mental Infantil i Juvenil de l\u2019Hospital Sagrat Cor, es va encarregar d\u2019impartir la sessi\u00f3 BE TO CARE Ser per cuidar, a l\u2019aula de formaci\u00f3 1 de l\u2019edifici 9, en qu\u00e8 es va aprofundir en aquesta filosofia de cures que se centra en l\u2019\u00e9sser hum\u00e0 com a agent fonamental en el proc\u00e9s d\u2019assist\u00e8ncia i atenci\u00f3. La xerrada va ser organitzada de forma conjunta per les comissions d\u2019Identitat Hospital\u00e0ria i del Cuida\u2019t x Cuidar. A difer\u00e8ncia d\u2019altres enfocaments tradicionals que posen l\u2019\u00e8mfasi en els procediments t\u00e8cnics i els protocols establerts, be&hellip;<\/p>\n","category_list_v2":"<a href=\"https:\/\/fundaciohospitalariesmartorell.org\/entre-tots\/category\/actualitat\/\" rel=\"category tag\">ACTUALITAT<\/a>","author_info_v2":{"name":"Sagrat Cor","url":"https:\/\/fundaciohospitalariesmartorell.org\/entre-tots\/author\/daniel\/"},"comments_num_v2":"0 comments","_links":{"self":[{"href":"https:\/\/fundaciohospitalariesmartorell.org\/entre-tots\/wp-json\/wp\/v2\/posts\/8116","targetHints":{"allow":["GET"]}}],"collection":[{"href":"https:\/\/fundaciohospitalariesmartorell.org\/entre-tots\/wp-json\/wp\/v2\/posts"}],"about":[{"href":"https:\/\/fundaciohospitalariesmartorell.org\/entre-tots\/wp-json\/wp\/v2\/types\/post"}],"author":[{"embeddable":true,"href":"https:\/\/fundaciohospitalariesmartorell.org\/entre-tots\/wp-json\/wp\/v2\/users\/2"}],"replies":[{"embeddable":true,"href":"https:\/\/fundaciohospitalariesmartorell.org\/entre-tots\/wp-json\/wp\/v2\/comments?post=8116"}],"version-history":[{"count":9,"href":"https:\/\/fundaciohospitalariesmartorell.org\/entre-tots\/wp-json\/wp\/v2\/posts\/8116\/revisions"}],"predecessor-version":[{"id":8226,"href":"https:\/\/fundaciohospitalariesmartorell.org\/entre-tots\/wp-json\/wp\/v2\/posts\/8116\/revisions\/8226"}],"wp:featuredmedia":[{"embeddable":true,"href":"https:\/\/fundaciohospitalariesmartorell.org\/entre-tots\/wp-json\/wp\/v2\/media\/8120"}],"wp:attachment":[{"href":"https:\/\/fundaciohospitalariesmartorell.org\/entre-tots\/wp-json\/wp\/v2\/media?parent=8116"}],"wp:term":[{"taxonomy":"category","embeddable":true,"href":"https:\/\/fundaciohospitalariesmartorell.org\/entre-tots\/wp-json\/wp\/v2\/categories?post=8116"},{"taxonomy":"post_tag","embeddable":true,"href":"https:\/\/fundaciohospitalariesmartorell.org\/entre-tots\/wp-json\/wp\/v2\/tags?post=8116"}],"curies":[{"name":"wp","href":"https:\/\/api.w.org\/{rel}","templated":true}]}}