{"id":8139,"date":"2024-02-29T00:08:58","date_gmt":"2024-02-28T22:08:58","guid":{"rendered":"https:\/\/hospitalsagratcormartorell.org\/entre-tots\/?p=8139"},"modified":"2024-02-29T13:08:34","modified_gmt":"2024-02-29T11:08:34","slug":"nova-comissio-de-marc-didentitat-de-lhospital-sagrat-cor","status":"publish","type":"post","link":"https:\/\/fundaciohospitalariesmartorell.org\/entre-tots\/2024\/02\/nova-comissio-de-marc-didentitat-de-lhospital-sagrat-cor\/","title":{"rendered":"Nova Comissi\u00f3 de Marc d&#8217;Identitat de l&#8217;Hospital Sagrat Cor"},"content":{"rendered":"<figure class=\"wp-block-post-featured-image\"><img loading=\"lazy\" decoding=\"async\" width=\"2048\" height=\"910\" src=\"https:\/\/fundaciohospitalariesmartorell.org\/entre-tots\/wp-content\/uploads\/2024\/02\/IMG-20240124-WA0088.jpg\" class=\"attachment-post-thumbnail size-post-thumbnail wp-post-image\" alt=\"\" style=\"object-fit:cover;\" srcset=\"https:\/\/fundaciohospitalariesmartorell.org\/entre-tots\/wp-content\/uploads\/2024\/02\/IMG-20240124-WA0088.jpg 2048w, https:\/\/fundaciohospitalariesmartorell.org\/entre-tots\/wp-content\/uploads\/2024\/02\/IMG-20240124-WA0088-300x133.jpg 300w, https:\/\/fundaciohospitalariesmartorell.org\/entre-tots\/wp-content\/uploads\/2024\/02\/IMG-20240124-WA0088-1024x455.jpg 1024w, https:\/\/fundaciohospitalariesmartorell.org\/entre-tots\/wp-content\/uploads\/2024\/02\/IMG-20240124-WA0088-768x341.jpg 768w, https:\/\/fundaciohospitalariesmartorell.org\/entre-tots\/wp-content\/uploads\/2024\/02\/IMG-20240124-WA0088-1536x683.jpg 1536w, https:\/\/fundaciohospitalariesmartorell.org\/entre-tots\/wp-content\/uploads\/2024\/02\/IMG-20240124-WA0088-1320x587.jpg 1320w\" sizes=\"auto, (max-width: 2048px) 100vw, 2048px\" \/><\/figure>\n\n\n<p>El gener del 2024, es va posar en marxa la nova Comissi\u00f3 de Marc d&#8217;Identitat de l&#8217;Hospital Sagrat Cor, amb l&#8217;objectiu de programar i desenvolupar tota la formaci\u00f3 en marc d&#8217;identitat del Centre, en relaci\u00f3 amb el protocol formatiu desenvolupat per Prov\u00edncia d&#8217;Espanya.<\/p>\n\n\n\n<p>La Comissi\u00f3 est\u00e0 constitu\u00efda per professionals que han rebut la formaci\u00f3 en marc d&#8217;identitat, aix\u00ed com una representant de l&#8217;\u00c0rea de Persones de l&#8217;Hospital, i dona continu\u00eftat, de manera m\u00e9s estructurada, a la tasca que s\u2019havia fet anteriorment en aquest \u00e0mbit.<\/p>\n\n\n\n<p>L&#8217;objectiu principal de la\u00a0Comissi\u00f3 de Marc d&#8217;Identitat\u00a0\u00e9s que el personal col\u00b7laborador del Centre sigui coneixedor de la Cultura Hospital\u00e0ria. La primera acci\u00f3 formativa que s\u2019ha dut a terme, organitzada de forma conjunta amb la comissi\u00f3 del Cuida&#8217;t x Cuidar, va ser la xerrada <em><a href=\"https:\/\/hospitalsagratcormartorell.org\/entre-tots\/2024\/02\/roger-ballesca-imparteix-una-xerrada-sobre-el-concepte-be-to-care\/\" target=\"_blank\" rel=\"noreferrer noopener\">Be to care<\/a><\/em>, impartida per Roger Ballesc\u00e0,\u00a0coordinador de l\u2019\u00c0rea de Salut Mental Infantil i Juvenil de l&#8217;Hospital,\u00a0el 27 de febrer.<\/p>\n\n\n\n<figure class=\"wp-block-image\"><img loading=\"lazy\" decoding=\"async\" width=\"1660\" height=\"2560\" src=\"https:\/\/hospitalsagratcormartorell.org\/entre-tots\/wp-content\/uploads\/2024\/02\/Captura-de-pantalla-2024-02-28-a-les-23.07.19-scaled.jpg\" alt=\"\" class=\"wp-image-8142\" srcset=\"https:\/\/fundaciohospitalariesmartorell.org\/entre-tots\/wp-content\/uploads\/2024\/02\/Captura-de-pantalla-2024-02-28-a-les-23.07.19-scaled.jpg 1660w, https:\/\/fundaciohospitalariesmartorell.org\/entre-tots\/wp-content\/uploads\/2024\/02\/Captura-de-pantalla-2024-02-28-a-les-23.07.19-195x300.jpg 195w, https:\/\/fundaciohospitalariesmartorell.org\/entre-tots\/wp-content\/uploads\/2024\/02\/Captura-de-pantalla-2024-02-28-a-les-23.07.19-664x1024.jpg 664w, https:\/\/fundaciohospitalariesmartorell.org\/entre-tots\/wp-content\/uploads\/2024\/02\/Captura-de-pantalla-2024-02-28-a-les-23.07.19-768x1184.jpg 768w, https:\/\/fundaciohospitalariesmartorell.org\/entre-tots\/wp-content\/uploads\/2024\/02\/Captura-de-pantalla-2024-02-28-a-les-23.07.19-996x1536.jpg 996w, https:\/\/fundaciohospitalariesmartorell.org\/entre-tots\/wp-content\/uploads\/2024\/02\/Captura-de-pantalla-2024-02-28-a-les-23.07.19-1328x2048.jpg 1328w, https:\/\/fundaciohospitalariesmartorell.org\/entre-tots\/wp-content\/uploads\/2024\/02\/Captura-de-pantalla-2024-02-28-a-les-23.07.19-1320x2035.jpg 1320w\" sizes=\"auto, (max-width: 1660px) 100vw, 1660px\" \/><\/figure>\n\n\n\n<p><\/p>\n","protected":false},"excerpt":{"rendered":"<p>El gener del 2024, es va posar en marxa la nova Comissi\u00f3 de Marc d&#8217;Identitat de l&#8217;Hospital Sagrat Cor, amb l&#8217;objectiu de programar i desenvolupar tota la formaci\u00f3 en marc d&#8217;identitat del Centre, en relaci\u00f3 amb el protocol formatiu desenvolupat per Prov\u00edncia d&#8217;Espanya. La Comissi\u00f3 est\u00e0 constitu\u00efda per professionals que han rebut la formaci\u00f3 en [&hellip;]<\/p>\n","protected":false},"author":2,"featured_media":8141,"comment_status":"closed","ping_status":"closed","sticky":false,"template":"","format":"standard","meta":{"footnotes":""},"categories":[27],"tags":[],"class_list":["post-8139","post","type-post","status-publish","format-standard","has-post-thumbnail","hentry","category-actualitat"],"blocksy_meta":{"styles_descriptor":{"styles":{"desktop":"","tablet":"","mobile":""},"google_fonts":[],"version":6}},"featured_image_urls_v2":{"full":["https:\/\/fundaciohospitalariesmartorell.org\/entre-tots\/wp-content\/uploads\/2024\/02\/IMG-20240124-WA0088.jpg",2048,910,false],"thumbnail":["https:\/\/fundaciohospitalariesmartorell.org\/entre-tots\/wp-content\/uploads\/2024\/02\/IMG-20240124-WA0088-150x150.jpg",150,150,true],"medium":["https:\/\/fundaciohospitalariesmartorell.org\/entre-tots\/wp-content\/uploads\/2024\/02\/IMG-20240124-WA0088-300x133.jpg",300,133,true],"medium_large":["https:\/\/fundaciohospitalariesmartorell.org\/entre-tots\/wp-content\/uploads\/2024\/02\/IMG-20240124-WA0088-768x341.jpg",768,341,true],"large":["https:\/\/fundaciohospitalariesmartorell.org\/entre-tots\/wp-content\/uploads\/2024\/02\/IMG-20240124-WA0088-1024x455.jpg",1024,455,true],"1536x1536":["https:\/\/fundaciohospitalariesmartorell.org\/entre-tots\/wp-content\/uploads\/2024\/02\/IMG-20240124-WA0088-1536x683.jpg",1536,683,true],"2048x2048":["https:\/\/fundaciohospitalariesmartorell.org\/entre-tots\/wp-content\/uploads\/2024\/02\/IMG-20240124-WA0088.jpg",2048,910,false],"mailpoet_newsletter_max":["https:\/\/fundaciohospitalariesmartorell.org\/entre-tots\/wp-content\/uploads\/2024\/02\/IMG-20240124-WA0088-1320x587.jpg",1320,587,true]},"post_excerpt_stackable_v2":"<p>El gener del 2024, es va posar en marxa la nova Comissi\u00f3 de Marc d&#8217;Identitat de l&#8217;Hospital Sagrat Cor, amb l&#8217;objectiu de programar i desenvolupar tota la formaci\u00f3 en marc d&#8217;identitat del Centre, en relaci\u00f3 amb el protocol formatiu desenvolupat per Prov\u00edncia d&#8217;Espanya. La Comissi\u00f3 est\u00e0 constitu\u00efda per professionals que han rebut la formaci\u00f3 en marc d&#8217;identitat, aix\u00ed com una representant de l&#8217;\u00c0rea de Persones de l&#8217;Hospital, i dona continu\u00eftat, de manera m\u00e9s estructurada, a la tasca que s\u2019havia fet anteriorment en aquest \u00e0mbit. L&#8217;objectiu principal de la\u00a0Comissi\u00f3 de Marc d&#8217;Identitat\u00a0\u00e9s que el personal col\u00b7laborador del Centre sigui coneixedor de&hellip;<\/p>\n","category_list_v2":"<a href=\"https:\/\/fundaciohospitalariesmartorell.org\/entre-tots\/category\/actualitat\/\" rel=\"category tag\">ACTUALITAT<\/a>","author_info_v2":{"name":"Sagrat Cor","url":"https:\/\/fundaciohospitalariesmartorell.org\/entre-tots\/author\/daniel\/"},"comments_num_v2":"0 comments","_links":{"self":[{"href":"https:\/\/fundaciohospitalariesmartorell.org\/entre-tots\/wp-json\/wp\/v2\/posts\/8139","targetHints":{"allow":["GET"]}}],"collection":[{"href":"https:\/\/fundaciohospitalariesmartorell.org\/entre-tots\/wp-json\/wp\/v2\/posts"}],"about":[{"href":"https:\/\/fundaciohospitalariesmartorell.org\/entre-tots\/wp-json\/wp\/v2\/types\/post"}],"author":[{"embeddable":true,"href":"https:\/\/fundaciohospitalariesmartorell.org\/entre-tots\/wp-json\/wp\/v2\/users\/2"}],"replies":[{"embeddable":true,"href":"https:\/\/fundaciohospitalariesmartorell.org\/entre-tots\/wp-json\/wp\/v2\/comments?post=8139"}],"version-history":[{"count":5,"href":"https:\/\/fundaciohospitalariesmartorell.org\/entre-tots\/wp-json\/wp\/v2\/posts\/8139\/revisions"}],"predecessor-version":[{"id":8208,"href":"https:\/\/fundaciohospitalariesmartorell.org\/entre-tots\/wp-json\/wp\/v2\/posts\/8139\/revisions\/8208"}],"wp:featuredmedia":[{"embeddable":true,"href":"https:\/\/fundaciohospitalariesmartorell.org\/entre-tots\/wp-json\/wp\/v2\/media\/8141"}],"wp:attachment":[{"href":"https:\/\/fundaciohospitalariesmartorell.org\/entre-tots\/wp-json\/wp\/v2\/media?parent=8139"}],"wp:term":[{"taxonomy":"category","embeddable":true,"href":"https:\/\/fundaciohospitalariesmartorell.org\/entre-tots\/wp-json\/wp\/v2\/categories?post=8139"},{"taxonomy":"post_tag","embeddable":true,"href":"https:\/\/fundaciohospitalariesmartorell.org\/entre-tots\/wp-json\/wp\/v2\/tags?post=8139"}],"curies":[{"name":"wp","href":"https:\/\/api.w.org\/{rel}","templated":true}]}}