{"id":8145,"date":"2024-02-29T00:12:59","date_gmt":"2024-02-28T22:12:59","guid":{"rendered":"https:\/\/hospitalsagratcormartorell.org\/entre-tots\/?p=8145"},"modified":"2025-02-04T08:19:38","modified_gmt":"2025-02-04T07:19:38","slug":"montse-mas-guanya-el-concurs-de-disseny-del-logotip-del-projecte-libera-care","status":"publish","type":"post","link":"https:\/\/fundaciohospitalariesmartorell.org\/entre-tots\/2024\/02\/montse-mas-guanya-el-concurs-de-disseny-del-logotip-del-projecte-libera-care\/","title":{"rendered":"Montse Mas guanya el concurs de disseny del logotip del Projecte Libera-Care"},"content":{"rendered":"<figure class=\"wp-block-post-featured-image\"><img loading=\"lazy\" decoding=\"async\" width=\"848\" height=\"1035\" src=\"https:\/\/fundaciohospitalariesmartorell.org\/entre-tots\/wp-content\/uploads\/2024\/02\/Montse-Mas-amb-el-logotiu-guanyador.jpg\" class=\"attachment-post-thumbnail size-post-thumbnail wp-post-image\" alt=\"\" style=\"object-fit:cover;\" srcset=\"https:\/\/fundaciohospitalariesmartorell.org\/entre-tots\/wp-content\/uploads\/2024\/02\/Montse-Mas-amb-el-logotiu-guanyador.jpg 848w, https:\/\/fundaciohospitalariesmartorell.org\/entre-tots\/wp-content\/uploads\/2024\/02\/Montse-Mas-amb-el-logotiu-guanyador-246x300.jpg 246w, https:\/\/fundaciohospitalariesmartorell.org\/entre-tots\/wp-content\/uploads\/2024\/02\/Montse-Mas-amb-el-logotiu-guanyador-839x1024.jpg 839w, https:\/\/fundaciohospitalariesmartorell.org\/entre-tots\/wp-content\/uploads\/2024\/02\/Montse-Mas-amb-el-logotiu-guanyador-768x937.jpg 768w\" sizes=\"auto, (max-width: 848px) 100vw, 848px\" \/><\/figure>\n\n\n<p>En el marc del projecte iniciat el mes de desembre del 2023 per l&#8217;Hospital Sagrat Cor amb l\u2019objectiu de consolidar el Model de Cures Centrat en la Persona Sense Subjeccions F\u00edsiques ni Qu\u00edmiques, es va convocar, a principis de gener del 2024, un concurs entre el personal col\u00b7laborador del Centre per dissenyar un logotip que representi tota l&#8217;activitat que es fa a l&#8217;Hospital per implantar la Norma Libera-Care.<\/p>\n\n\n\n<p>Aquest concurs s&#8217;emmarca en el cronograma d&#8217;activitats de sensibilitzaci\u00f3, capacitaci\u00f3 i assessorament que est\u00e0 desenvolupant l&#8217;equip multidisciplinari de la Unitat de Psicogeriatria de l&#8217;Hospital, sota la supervisi\u00f3 de la Fundaci\u00f3n Cuidados Dignos, per tal d&#8217;aplicar la que \u00e9s la primera norma de treball que aconsegueix mesurar la qualitat de vida, des de la gesti\u00f3 de la qualitat de vida a les organitzacions que es dediquen a cuidar i un model de cures creat al voltant de la dignitat de la persona cuidada.<\/p>\n\n\n\n<p>El jurat es va reunir l&#8217;1 de febrer del 2024 i va seleccionar el disseny de Montse Mas, educadora social de l&#8217;SRC de Berga, com a guanyador del concurs. Podeu veure el logotip <a href=\"https:\/\/hospitalsagratcormartorell.org\/entre-tots\/wp-content\/uploads\/2024\/02\/logotip-del-Projecte-Libera-Care.png\" target=\"_blank\" rel=\"noreferrer noopener\">aqu\u00ed<\/a>.<\/p>\n\n\n\n<figure class=\"wp-block-gallery has-nested-images columns-default is-cropped wp-block-gallery-1 is-layout-flex wp-block-gallery-is-layout-flex\">\n<figure class=\"wp-block-image size-full\"><img loading=\"lazy\" decoding=\"async\" width=\"508\" height=\"333\" data-id=\"8184\" src=\"https:\/\/hospitalsagratcormartorell.org\/entre-tots\/wp-content\/uploads\/2024\/02\/logotip-del-Projecte-Libera-Care.jpg\" alt=\"\" class=\"wp-image-8184\" srcset=\"https:\/\/fundaciohospitalariesmartorell.org\/entre-tots\/wp-content\/uploads\/2024\/02\/logotip-del-Projecte-Libera-Care.jpg 508w, https:\/\/fundaciohospitalariesmartorell.org\/entre-tots\/wp-content\/uploads\/2024\/02\/logotip-del-Projecte-Libera-Care-300x197.jpg 300w\" sizes=\"auto, (max-width: 508px) 100vw, 508px\" \/><\/figure>\n\n\n\n<figure class=\"wp-block-image size-large\"><img loading=\"lazy\" decoding=\"async\" width=\"1024\" height=\"844\" data-id=\"8183\" src=\"https:\/\/hospitalsagratcormartorell.org\/entre-tots\/wp-content\/uploads\/2024\/02\/logo-centre-dia-LOreneta-1024x844.jpg\" alt=\"\" class=\"wp-image-8183\" srcset=\"https:\/\/fundaciohospitalariesmartorell.org\/entre-tots\/wp-content\/uploads\/2024\/02\/logo-centre-dia-LOreneta-1024x844.jpg 1024w, https:\/\/fundaciohospitalariesmartorell.org\/entre-tots\/wp-content\/uploads\/2024\/02\/logo-centre-dia-LOreneta-300x247.jpg 300w, https:\/\/fundaciohospitalariesmartorell.org\/entre-tots\/wp-content\/uploads\/2024\/02\/logo-centre-dia-LOreneta-768x633.jpg 768w, https:\/\/fundaciohospitalariesmartorell.org\/entre-tots\/wp-content\/uploads\/2024\/02\/logo-centre-dia-LOreneta-1320x1088.jpg 1320w, https:\/\/fundaciohospitalariesmartorell.org\/entre-tots\/wp-content\/uploads\/2024\/02\/logo-centre-dia-LOreneta.jpg 1405w\" sizes=\"auto, (max-width: 1024px) 100vw, 1024px\" \/><\/figure>\n<\/figure>\n\n\n\n<p>La Montse recorda com, despr\u00e9s d&#8217;estudiar Belles Arts, mentre treballava de monitora al que llavors era el Centre de Dia L&#8217;Oreneta, de Berga, se li va demanar si volia fer el logotip del recurs assistencial, que es va inaugurar el 1995. &#8220;\u00c9s el logotip en el qual m&#8217;he inspirat per fer el del Projecte Libera-Care, ja que sempre hem \u2013i he\u2013 defensat cuidar amb llibertat de moviment\u201d, explica.<\/p>\n","protected":false},"excerpt":{"rendered":"<p>En el marc del projecte iniciat el mes de desembre del 2023 per l&#8217;Hospital Sagrat Cor amb l\u2019objectiu de consolidar el Model de Cures Centrat en la Persona Sense Subjeccions F\u00edsiques ni Qu\u00edmiques, es va convocar, a principis de gener del 2024, un concurs entre el personal col\u00b7laborador del Centre per dissenyar un logotip que [&hellip;]<\/p>\n","protected":false},"author":2,"featured_media":8185,"comment_status":"closed","ping_status":"closed","sticky":false,"template":"","format":"standard","meta":{"footnotes":""},"categories":[27],"tags":[],"class_list":["post-8145","post","type-post","status-publish","format-standard","has-post-thumbnail","hentry","category-actualitat"],"blocksy_meta":{"styles_descriptor":{"styles":{"desktop":"","tablet":"","mobile":""},"google_fonts":[],"version":6}},"featured_image_urls_v2":{"full":["https:\/\/fundaciohospitalariesmartorell.org\/entre-tots\/wp-content\/uploads\/2024\/02\/Montse-Mas-amb-el-logotiu-guanyador.jpg",848,1035,false],"thumbnail":["https:\/\/fundaciohospitalariesmartorell.org\/entre-tots\/wp-content\/uploads\/2024\/02\/Montse-Mas-amb-el-logotiu-guanyador-150x150.jpg",150,150,true],"medium":["https:\/\/fundaciohospitalariesmartorell.org\/entre-tots\/wp-content\/uploads\/2024\/02\/Montse-Mas-amb-el-logotiu-guanyador-246x300.jpg",246,300,true],"medium_large":["https:\/\/fundaciohospitalariesmartorell.org\/entre-tots\/wp-content\/uploads\/2024\/02\/Montse-Mas-amb-el-logotiu-guanyador-768x937.jpg",768,937,true],"large":["https:\/\/fundaciohospitalariesmartorell.org\/entre-tots\/wp-content\/uploads\/2024\/02\/Montse-Mas-amb-el-logotiu-guanyador-839x1024.jpg",839,1024,true],"1536x1536":["https:\/\/fundaciohospitalariesmartorell.org\/entre-tots\/wp-content\/uploads\/2024\/02\/Montse-Mas-amb-el-logotiu-guanyador.jpg",848,1035,false],"2048x2048":["https:\/\/fundaciohospitalariesmartorell.org\/entre-tots\/wp-content\/uploads\/2024\/02\/Montse-Mas-amb-el-logotiu-guanyador.jpg",848,1035,false],"mailpoet_newsletter_max":["https:\/\/fundaciohospitalariesmartorell.org\/entre-tots\/wp-content\/uploads\/2024\/02\/Montse-Mas-amb-el-logotiu-guanyador.jpg",848,1035,false]},"post_excerpt_stackable_v2":"<p>En el marc del projecte iniciat el mes de desembre del 2023 per l&#8217;Hospital Sagrat Cor amb l\u2019objectiu de consolidar el Model de Cures Centrat en la Persona Sense Subjeccions F\u00edsiques ni Qu\u00edmiques, es va convocar, a principis de gener del 2024, un concurs entre el personal col\u00b7laborador del Centre per dissenyar un logotip que representi tota l&#8217;activitat que es fa a l&#8217;Hospital per implantar la Norma Libera-Care. Aquest concurs s&#8217;emmarca en el cronograma d&#8217;activitats de sensibilitzaci\u00f3, capacitaci\u00f3 i assessorament que est\u00e0 desenvolupant l&#8217;equip multidisciplinari de la Unitat de Psicogeriatria de l&#8217;Hospital, sota la supervisi\u00f3 de la Fundaci\u00f3n Cuidados Dignos,&hellip;<\/p>\n","category_list_v2":"<a href=\"https:\/\/fundaciohospitalariesmartorell.org\/entre-tots\/category\/actualitat\/\" rel=\"category tag\">ACTUALITAT<\/a>","author_info_v2":{"name":"Sagrat Cor","url":"https:\/\/fundaciohospitalariesmartorell.org\/entre-tots\/author\/daniel\/"},"comments_num_v2":"0 comments","_links":{"self":[{"href":"https:\/\/fundaciohospitalariesmartorell.org\/entre-tots\/wp-json\/wp\/v2\/posts\/8145","targetHints":{"allow":["GET"]}}],"collection":[{"href":"https:\/\/fundaciohospitalariesmartorell.org\/entre-tots\/wp-json\/wp\/v2\/posts"}],"about":[{"href":"https:\/\/fundaciohospitalariesmartorell.org\/entre-tots\/wp-json\/wp\/v2\/types\/post"}],"author":[{"embeddable":true,"href":"https:\/\/fundaciohospitalariesmartorell.org\/entre-tots\/wp-json\/wp\/v2\/users\/2"}],"replies":[{"embeddable":true,"href":"https:\/\/fundaciohospitalariesmartorell.org\/entre-tots\/wp-json\/wp\/v2\/comments?post=8145"}],"version-history":[{"count":9,"href":"https:\/\/fundaciohospitalariesmartorell.org\/entre-tots\/wp-json\/wp\/v2\/posts\/8145\/revisions"}],"predecessor-version":[{"id":8913,"href":"https:\/\/fundaciohospitalariesmartorell.org\/entre-tots\/wp-json\/wp\/v2\/posts\/8145\/revisions\/8913"}],"wp:featuredmedia":[{"embeddable":true,"href":"https:\/\/fundaciohospitalariesmartorell.org\/entre-tots\/wp-json\/wp\/v2\/media\/8185"}],"wp:attachment":[{"href":"https:\/\/fundaciohospitalariesmartorell.org\/entre-tots\/wp-json\/wp\/v2\/media?parent=8145"}],"wp:term":[{"taxonomy":"category","embeddable":true,"href":"https:\/\/fundaciohospitalariesmartorell.org\/entre-tots\/wp-json\/wp\/v2\/categories?post=8145"},{"taxonomy":"post_tag","embeddable":true,"href":"https:\/\/fundaciohospitalariesmartorell.org\/entre-tots\/wp-json\/wp\/v2\/tags?post=8145"}],"curies":[{"name":"wp","href":"https:\/\/api.w.org\/{rel}","templated":true}]}}