{"id":8158,"date":"2024-02-29T00:29:45","date_gmt":"2024-02-28T22:29:45","guid":{"rendered":"https:\/\/hospitalsagratcormartorell.org\/entre-tots\/?p=8158"},"modified":"2024-02-29T16:31:51","modified_gmt":"2024-02-29T14:31:51","slug":"lhospital-sagrat-cor-se-solidaritza-amb-dones-amb-malaltia-mental-a-lindia","status":"publish","type":"post","link":"https:\/\/fundaciohospitalariesmartorell.org\/entre-tots\/2024\/02\/lhospital-sagrat-cor-se-solidaritza-amb-dones-amb-malaltia-mental-a-lindia\/","title":{"rendered":"El Far: L\u2019Hospital Sagrat Cor se solidaritza amb dones amb malaltia mental a l\u2019\u00cdndia"},"content":{"rendered":"\n<figure data-wp-context=\"{&quot;imageId&quot;:&quot;69f1b12653c18&quot;}\" data-wp-interactive=\"core\/image\" data-wp-key=\"69f1b12653c18\" class=\"wp-block-image size-full wp-lightbox-container\"><img loading=\"lazy\" decoding=\"async\" width=\"2008\" height=\"1264\" data-wp-class--hide=\"state.isContentHidden\" data-wp-class--show=\"state.isContentVisible\" data-wp-init=\"callbacks.setButtonStyles\" data-wp-on--click=\"actions.showLightbox\" data-wp-on--load=\"callbacks.setButtonStyles\" data-wp-on-window--resize=\"callbacks.setButtonStyles\" src=\"https:\/\/hospitalsagratcormartorell.org\/entre-tots\/wp-content\/uploads\/2024\/02\/EL-FAR.png\" alt=\"\" class=\"wp-image-8160\" srcset=\"https:\/\/fundaciohospitalariesmartorell.org\/entre-tots\/wp-content\/uploads\/2024\/02\/EL-FAR.png 2008w, https:\/\/fundaciohospitalariesmartorell.org\/entre-tots\/wp-content\/uploads\/2024\/02\/EL-FAR-300x189.png 300w, https:\/\/fundaciohospitalariesmartorell.org\/entre-tots\/wp-content\/uploads\/2024\/02\/EL-FAR-1024x645.png 1024w, https:\/\/fundaciohospitalariesmartorell.org\/entre-tots\/wp-content\/uploads\/2024\/02\/EL-FAR-768x483.png 768w, https:\/\/fundaciohospitalariesmartorell.org\/entre-tots\/wp-content\/uploads\/2024\/02\/EL-FAR-1536x967.png 1536w, https:\/\/fundaciohospitalariesmartorell.org\/entre-tots\/wp-content\/uploads\/2024\/02\/EL-FAR-1320x831.png 1320w\" sizes=\"auto, (max-width: 2008px) 100vw, 2008px\" \/><button\n\t\t\tclass=\"lightbox-trigger\"\n\t\t\ttype=\"button\"\n\t\t\taria-haspopup=\"dialog\"\n\t\t\taria-label=\"Amplia\"\n\t\t\tdata-wp-init=\"callbacks.initTriggerButton\"\n\t\t\tdata-wp-on--click=\"actions.showLightbox\"\n\t\t\tdata-wp-style--right=\"state.imageButtonRight\"\n\t\t\tdata-wp-style--top=\"state.imageButtonTop\"\n\t\t>\n\t\t\t<svg xmlns=\"http:\/\/www.w3.org\/2000\/svg\" width=\"12\" height=\"12\" fill=\"none\" viewBox=\"0 0 12 12\">\n\t\t\t\t<path fill=\"#fff\" d=\"M2 0a2 2 0 0 0-2 2v2h1.5V2a.5.5 0 0 1 .5-.5h2V0H2Zm2 10.5H2a.5.5 0 0 1-.5-.5V8H0v2a2 2 0 0 0 2 2h2v-1.5ZM8 12v-1.5h2a.5.5 0 0 0 .5-.5V8H12v2a2 2 0 0 1-2 2H8Zm2-12a2 2 0 0 1 2 2v2h-1.5V2a.5.5 0 0 0-.5-.5H8V0h2Z\" \/>\n\t\t\t<\/svg>\n\t\t<\/button><\/figure>\n\n\n\n<p>Com cada any, l\u2019Hospital dona suport a un projecte de la Fundaci\u00f3 Benito Menni recaptant fons mitjan\u00e7ant diverses accions solid\u00e0ries. <em>El Far<\/em> es va fer ress\u00f2 del projecte escollit aquest any, que est\u00e0 adre\u00e7at a dones amb malaltia mental altament vulnerables a l\u2019\u00cdndia.<\/p>\n\n\n\n<p><a href=\"https:\/\/elfar.cat\/art\/48048\/lhospital-sagrat-cor-se-solidaritza-amb-dones-amb-malaltia-mental-a-lindia\">https:\/\/elfar.cat\/art\/48048\/lhospital-sagrat-cor-se-solidaritza-amb-dones-amb-malaltia-mental-a-lindia<\/a><\/p>\n","protected":false},"excerpt":{"rendered":"<p>Com cada any, l\u2019Hospital dona suport a un projecte de la Fundaci\u00f3 Benito Menni recaptant fons mitjan\u00e7ant diverses accions solid\u00e0ries. El Far es va fer ress\u00f2 del projecte escollit aquest any, que est\u00e0 adre\u00e7at a dones amb malaltia mental altament vulnerables a l\u2019\u00cdndia. https:\/\/elfar.cat\/art\/48048\/lhospital-sagrat-cor-se-solidaritza-amb-dones-amb-malaltia-mental-a-lindia<\/p>\n","protected":false},"author":2,"featured_media":0,"comment_status":"closed","ping_status":"closed","sticky":false,"template":"","format":"standard","meta":{"footnotes":""},"categories":[44],"tags":[],"class_list":["post-8158","post","type-post","status-publish","format-standard","hentry","category-entre-noticies"],"blocksy_meta":{"styles_descriptor":{"styles":{"desktop":"","tablet":"","mobile":""},"google_fonts":[],"version":6}},"featured_image_urls_v2":{"full":"","thumbnail":"","medium":"","medium_large":"","large":"","1536x1536":"","2048x2048":"","mailpoet_newsletter_max":""},"post_excerpt_stackable_v2":"<p>Com cada any, l\u2019Hospital dona suport a un projecte de la Fundaci\u00f3 Benito Menni recaptant fons mitjan\u00e7ant diverses accions solid\u00e0ries. El Far es va fer ress\u00f2 del projecte escollit aquest any, que est\u00e0 adre\u00e7at a dones amb malaltia mental altament vulnerables a l\u2019\u00cdndia. https:\/\/elfar.cat\/art\/48048\/lhospital-sagrat-cor-se-solidaritza-amb-dones-amb-malaltia-mental-a-lindia<\/p>\n","category_list_v2":"<a href=\"https:\/\/fundaciohospitalariesmartorell.org\/entre-tots\/category\/entre-noticies\/\" rel=\"category tag\">ENTRE NOT\u00cdCIES<\/a>","author_info_v2":{"name":"Sagrat Cor","url":"https:\/\/fundaciohospitalariesmartorell.org\/entre-tots\/author\/daniel\/"},"comments_num_v2":"0 comments","_links":{"self":[{"href":"https:\/\/fundaciohospitalariesmartorell.org\/entre-tots\/wp-json\/wp\/v2\/posts\/8158","targetHints":{"allow":["GET"]}}],"collection":[{"href":"https:\/\/fundaciohospitalariesmartorell.org\/entre-tots\/wp-json\/wp\/v2\/posts"}],"about":[{"href":"https:\/\/fundaciohospitalariesmartorell.org\/entre-tots\/wp-json\/wp\/v2\/types\/post"}],"author":[{"embeddable":true,"href":"https:\/\/fundaciohospitalariesmartorell.org\/entre-tots\/wp-json\/wp\/v2\/users\/2"}],"replies":[{"embeddable":true,"href":"https:\/\/fundaciohospitalariesmartorell.org\/entre-tots\/wp-json\/wp\/v2\/comments?post=8158"}],"version-history":[{"count":4,"href":"https:\/\/fundaciohospitalariesmartorell.org\/entre-tots\/wp-json\/wp\/v2\/posts\/8158\/revisions"}],"predecessor-version":[{"id":8217,"href":"https:\/\/fundaciohospitalariesmartorell.org\/entre-tots\/wp-json\/wp\/v2\/posts\/8158\/revisions\/8217"}],"wp:attachment":[{"href":"https:\/\/fundaciohospitalariesmartorell.org\/entre-tots\/wp-json\/wp\/v2\/media?parent=8158"}],"wp:term":[{"taxonomy":"category","embeddable":true,"href":"https:\/\/fundaciohospitalariesmartorell.org\/entre-tots\/wp-json\/wp\/v2\/categories?post=8158"},{"taxonomy":"post_tag","embeddable":true,"href":"https:\/\/fundaciohospitalariesmartorell.org\/entre-tots\/wp-json\/wp\/v2\/tags?post=8158"}],"curies":[{"name":"wp","href":"https:\/\/api.w.org\/{rel}","templated":true}]}}