{"id":8191,"date":"2024-02-29T00:01:31","date_gmt":"2024-02-28T22:01:31","guid":{"rendered":"https:\/\/hospitalsagratcormartorell.org\/entre-tots\/?p=8191"},"modified":"2024-02-29T19:20:14","modified_gmt":"2024-02-29T17:20:14","slug":"pla-de-formacio-2024","status":"publish","type":"post","link":"https:\/\/fundaciohospitalariesmartorell.org\/entre-tots\/2024\/02\/pla-de-formacio-2024\/","title":{"rendered":"Pla de Formaci\u00f3 2024"},"content":{"rendered":"<figure class=\"wp-block-post-featured-image\"><img loading=\"lazy\" decoding=\"async\" width=\"1300\" height=\"1832\" src=\"https:\/\/fundaciohospitalariesmartorell.org\/entre-tots\/wp-content\/uploads\/2024\/02\/Captura-de-pantalla-2024-02-29-a-las-8.49.09.png\" class=\"attachment-post-thumbnail size-post-thumbnail wp-post-image\" alt=\"\" style=\"object-fit:cover;\" srcset=\"https:\/\/fundaciohospitalariesmartorell.org\/entre-tots\/wp-content\/uploads\/2024\/02\/Captura-de-pantalla-2024-02-29-a-las-8.49.09.png 1300w, https:\/\/fundaciohospitalariesmartorell.org\/entre-tots\/wp-content\/uploads\/2024\/02\/Captura-de-pantalla-2024-02-29-a-las-8.49.09-213x300.png 213w, https:\/\/fundaciohospitalariesmartorell.org\/entre-tots\/wp-content\/uploads\/2024\/02\/Captura-de-pantalla-2024-02-29-a-las-8.49.09-727x1024.png 727w, https:\/\/fundaciohospitalariesmartorell.org\/entre-tots\/wp-content\/uploads\/2024\/02\/Captura-de-pantalla-2024-02-29-a-las-8.49.09-768x1082.png 768w, https:\/\/fundaciohospitalariesmartorell.org\/entre-tots\/wp-content\/uploads\/2024\/02\/Captura-de-pantalla-2024-02-29-a-las-8.49.09-1090x1536.png 1090w\" sizes=\"auto, (max-width: 1300px) 100vw, 1300px\" \/><\/figure>\n\n\n<p>Ja est\u00e0 disponible el Pla de Formaci\u00f3 de l&#8217;Hospital per a l&#8217;exercici 2024, on integrem el programa d\u2019activitats formatives amb les de l\u2019Aula Docent. El programa est\u00e0 dissenyat per tal d\u2019oferir una formaci\u00f3 continuada diversa, actualitzada i, el m\u00e9s important, de qualitat.<\/p>\n\n\n\n<p>Aquesta programaci\u00f3 ha estat elaborada a partir de les propostes dels i les professionals, arran dels resultats d\u2019un q\u00fcestionari dif\u00f3s al personal col\u00b7laborador al mes d\u2019octubre de 2023, que va servir per identificar les activitats que m\u00e9s s\u2019ajusten a les necessitats i motivacions dels i les treballadores de l\u2019Hospital Sagrat Cor. Tamb\u00e9, a partir de les propostes aportades pels i les representants sindicals, en relaci\u00f3 amb les necessitats de formaci\u00f3 lligades a les demandes de l\u2019Administraci\u00f3 Sanit\u00e0ria, del nostre Pla estrat\u00e8gic i d\u2019acord amb el nostre Marc d\u2019Identitat.<\/p>\n\n\n\n<p>Per tal de donar coher\u00e8ncia i un sentit integral a la formaci\u00f3, s\u2019ha dut a terme una recollida \u00fanica de les necessitats formatives de tots els \u00e0mbits i un treball posterior de coordinaci\u00f3 entre l\u2019\u00c0rea de Persones i la Comissi\u00f3 de Doc\u00e8ncia i Investigaci\u00f3 per tal d\u2019oferir aquest Pla integral de formaci\u00f3. El pla est\u00e0 estructurat per \u00e0rees, per tal de recollir tot el ventall d\u2019activitats formatives i docents: \u00c0rea institucional, \u00c0rea normativa, \u00c0rea de desenvolupament d\u2019habilitats, \u00c0rea de formaci\u00f3 t\u00e8cnica i \u00c0rea de formaci\u00f3 continuada.<\/p>\n\n\n\n<p>Podeu trobar aquest Pla de Formaci\u00f3 <a href=\"https:\/\/hospitalsagratcormartorell.org\/entre-tots\/wp-content\/uploads\/2024\/02\/INDICEPrograma-formatiu_2024_copia.pdf\">aqu\u00ed<\/a>.<\/p>\n","protected":false},"excerpt":{"rendered":"<p>Ja est\u00e0 disponible el Pla de Formaci\u00f3 de l&#8217;Hospital per a l&#8217;exercici 2024, on integrem el programa d\u2019activitats formatives amb les de l\u2019Aula Docent. El programa est\u00e0 dissenyat per tal d\u2019oferir una formaci\u00f3 continuada diversa, actualitzada i, el m\u00e9s important, de qualitat. Aquesta programaci\u00f3 ha estat elaborada a partir de les propostes dels i les [&hellip;]<\/p>\n","protected":false},"author":2,"featured_media":8193,"comment_status":"closed","ping_status":"closed","sticky":false,"template":"","format":"standard","meta":{"footnotes":""},"categories":[27],"tags":[],"class_list":["post-8191","post","type-post","status-publish","format-standard","has-post-thumbnail","hentry","category-actualitat"],"blocksy_meta":{"styles_descriptor":{"styles":{"desktop":"","tablet":"","mobile":""},"google_fonts":[],"version":6}},"featured_image_urls_v2":{"full":["https:\/\/fundaciohospitalariesmartorell.org\/entre-tots\/wp-content\/uploads\/2024\/02\/Captura-de-pantalla-2024-02-29-a-las-8.49.09.png",1300,1832,false],"thumbnail":["https:\/\/fundaciohospitalariesmartorell.org\/entre-tots\/wp-content\/uploads\/2024\/02\/Captura-de-pantalla-2024-02-29-a-las-8.49.09-150x150.png",150,150,true],"medium":["https:\/\/fundaciohospitalariesmartorell.org\/entre-tots\/wp-content\/uploads\/2024\/02\/Captura-de-pantalla-2024-02-29-a-las-8.49.09-213x300.png",213,300,true],"medium_large":["https:\/\/fundaciohospitalariesmartorell.org\/entre-tots\/wp-content\/uploads\/2024\/02\/Captura-de-pantalla-2024-02-29-a-las-8.49.09-768x1082.png",768,1082,true],"large":["https:\/\/fundaciohospitalariesmartorell.org\/entre-tots\/wp-content\/uploads\/2024\/02\/Captura-de-pantalla-2024-02-29-a-las-8.49.09-727x1024.png",727,1024,true],"1536x1536":["https:\/\/fundaciohospitalariesmartorell.org\/entre-tots\/wp-content\/uploads\/2024\/02\/Captura-de-pantalla-2024-02-29-a-las-8.49.09-1090x1536.png",1090,1536,true],"2048x2048":["https:\/\/fundaciohospitalariesmartorell.org\/entre-tots\/wp-content\/uploads\/2024\/02\/Captura-de-pantalla-2024-02-29-a-las-8.49.09.png",1300,1832,false],"mailpoet_newsletter_max":["https:\/\/fundaciohospitalariesmartorell.org\/entre-tots\/wp-content\/uploads\/2024\/02\/Captura-de-pantalla-2024-02-29-a-las-8.49.09.png",1300,1832,false]},"post_excerpt_stackable_v2":"<p>Ja est\u00e0 disponible el Pla de Formaci\u00f3 de l&#8217;Hospital per a l&#8217;exercici 2024, on integrem el programa d\u2019activitats formatives amb les de l\u2019Aula Docent. El programa est\u00e0 dissenyat per tal d\u2019oferir una formaci\u00f3 continuada diversa, actualitzada i, el m\u00e9s important, de qualitat. Aquesta programaci\u00f3 ha estat elaborada a partir de les propostes dels i les professionals, arran dels resultats d\u2019un q\u00fcestionari dif\u00f3s al personal col\u00b7laborador al mes d\u2019octubre de 2023, que va servir per identificar les activitats que m\u00e9s s\u2019ajusten a les necessitats i motivacions dels i les treballadores de l\u2019Hospital Sagrat Cor. Tamb\u00e9, a partir de les propostes aportades&hellip;<\/p>\n","category_list_v2":"<a href=\"https:\/\/fundaciohospitalariesmartorell.org\/entre-tots\/category\/actualitat\/\" rel=\"category tag\">ACTUALITAT<\/a>","author_info_v2":{"name":"Sagrat Cor","url":"https:\/\/fundaciohospitalariesmartorell.org\/entre-tots\/author\/daniel\/"},"comments_num_v2":"0 comments","_links":{"self":[{"href":"https:\/\/fundaciohospitalariesmartorell.org\/entre-tots\/wp-json\/wp\/v2\/posts\/8191","targetHints":{"allow":["GET"]}}],"collection":[{"href":"https:\/\/fundaciohospitalariesmartorell.org\/entre-tots\/wp-json\/wp\/v2\/posts"}],"about":[{"href":"https:\/\/fundaciohospitalariesmartorell.org\/entre-tots\/wp-json\/wp\/v2\/types\/post"}],"author":[{"embeddable":true,"href":"https:\/\/fundaciohospitalariesmartorell.org\/entre-tots\/wp-json\/wp\/v2\/users\/2"}],"replies":[{"embeddable":true,"href":"https:\/\/fundaciohospitalariesmartorell.org\/entre-tots\/wp-json\/wp\/v2\/comments?post=8191"}],"version-history":[{"count":5,"href":"https:\/\/fundaciohospitalariesmartorell.org\/entre-tots\/wp-json\/wp\/v2\/posts\/8191\/revisions"}],"predecessor-version":[{"id":8228,"href":"https:\/\/fundaciohospitalariesmartorell.org\/entre-tots\/wp-json\/wp\/v2\/posts\/8191\/revisions\/8228"}],"wp:featuredmedia":[{"embeddable":true,"href":"https:\/\/fundaciohospitalariesmartorell.org\/entre-tots\/wp-json\/wp\/v2\/media\/8193"}],"wp:attachment":[{"href":"https:\/\/fundaciohospitalariesmartorell.org\/entre-tots\/wp-json\/wp\/v2\/media?parent=8191"}],"wp:term":[{"taxonomy":"category","embeddable":true,"href":"https:\/\/fundaciohospitalariesmartorell.org\/entre-tots\/wp-json\/wp\/v2\/categories?post=8191"},{"taxonomy":"post_tag","embeddable":true,"href":"https:\/\/fundaciohospitalariesmartorell.org\/entre-tots\/wp-json\/wp\/v2\/tags?post=8191"}],"curies":[{"name":"wp","href":"https:\/\/api.w.org\/{rel}","templated":true}]}}