{"id":8274,"date":"2024-03-26T23:59:45","date_gmt":"2024-03-26T21:59:45","guid":{"rendered":"https:\/\/hospitalsagratcormartorell.org\/entre-tots\/?p=8274"},"modified":"2024-03-28T09:33:21","modified_gmt":"2024-03-28T07:33:21","slug":"assistencia-de-membres-del-cea-de-lhospital-sant-rafael-al-seminari-de-bioetica-de-lhospital-sagrat-cor","status":"publish","type":"post","link":"https:\/\/fundaciohospitalariesmartorell.org\/entre-tots\/2024\/03\/assistencia-de-membres-del-cea-de-lhospital-sant-rafael-al-seminari-de-bioetica-de-lhospital-sagrat-cor\/","title":{"rendered":"Rebem al Seminari de Bio\u00e8tica de l&#8217;Hospital Sagrat Cor l&#8217;assist\u00e8ncia de membres del CEA de l&#8217;Hospital Sant Rafael\u00a0"},"content":{"rendered":"<figure class=\"wp-block-post-featured-image\"><img loading=\"lazy\" decoding=\"async\" width=\"1536\" height=\"2040\" src=\"https:\/\/fundaciohospitalariesmartorell.org\/entre-tots\/wp-content\/uploads\/2024\/03\/HSR_alSeminariBioeticaHSCOR_12marc2024.jpg\" class=\"attachment-post-thumbnail size-post-thumbnail wp-post-image\" alt=\"\" style=\"object-fit:cover;\" srcset=\"https:\/\/fundaciohospitalariesmartorell.org\/entre-tots\/wp-content\/uploads\/2024\/03\/HSR_alSeminariBioeticaHSCOR_12marc2024.jpg 1536w, https:\/\/fundaciohospitalariesmartorell.org\/entre-tots\/wp-content\/uploads\/2024\/03\/HSR_alSeminariBioeticaHSCOR_12marc2024-226x300.jpg 226w, https:\/\/fundaciohospitalariesmartorell.org\/entre-tots\/wp-content\/uploads\/2024\/03\/HSR_alSeminariBioeticaHSCOR_12marc2024-771x1024.jpg 771w, https:\/\/fundaciohospitalariesmartorell.org\/entre-tots\/wp-content\/uploads\/2024\/03\/HSR_alSeminariBioeticaHSCOR_12marc2024-768x1020.jpg 768w, https:\/\/fundaciohospitalariesmartorell.org\/entre-tots\/wp-content\/uploads\/2024\/03\/HSR_alSeminariBioeticaHSCOR_12marc2024-1157x1536.jpg 1157w, https:\/\/fundaciohospitalariesmartorell.org\/entre-tots\/wp-content\/uploads\/2024\/03\/HSR_alSeminariBioeticaHSCOR_12marc2024-1320x1753.jpg 1320w\" sizes=\"auto, (max-width: 1536px) 100vw, 1536px\" \/><\/figure>\n\n\n<p>En el marc dels projectes transversals entre l\u2019Hospital Sagrat Cor i l\u2019Hospital Sant Rafael que hem estat desenvolupant, la relaci\u00f3&nbsp;entre els Comit\u00e8s d&#8217;\u00c8tica Assistencial (CEA) \u00e9s&nbsp;un dels \u00e0mbits de coordinaci\u00f3.<\/p>\n\n\n\n<p>Una de les iniciatives que es van identificar va ser la de compartir l\u2019experi\u00e8ncia docent de l&#8217;Hospital Sagrat Cor per incorporar una proposta similar a l&#8217;Hospital Sant Rafael i obrir la col\u00b7laboraci\u00f3 entre ambd\u00f3s centres en properes edicions. Aix\u00ed, doncs, el 12 de mar\u00e7, membres del CEA de l&#8217;Hospital Sant Rafael van participar en l&#8217;edici\u00f3 d&#8217;enguany del Seminari de Bio\u00e8tica de l&#8217;Hospital Sagrat Cor.<\/p>\n\n\n\n<p>El Seminari de Bio\u00e8tica de Sagrat Cor es du a terme des de fa m\u00e9s de vint anys. \u201c\u00c9s un format excel\u00b7lent, molt pr\u00e0ctic, adre\u00e7at als i les professionals del Centre, noves incorporacions i personal en pr\u00e0ctiques per difondre els elements conceptuals i d&#8217;an\u00e0lisi de la bio\u00e8tica aplicada a la pr\u00e0ctica di\u00e0ria, i promoure la reflexi\u00f3 i la mirada \u00e8tica, aix\u00ed com canals de comunicaci\u00f3, per fer consultes al CEA\u201d, explica la Dra. P\u00e9rez. Segons la directora de Projectes Assistencials, va ser una experi\u00e8ncia molt interessant i \u00fatil dins del treball de&nbsp;col\u00b7laboraci\u00f3 mutu que s\u2019est\u00e0 duent a terme.<\/p>\n","protected":false},"excerpt":{"rendered":"<p>En el marc dels projectes transversals entre l\u2019Hospital Sagrat Cor i l\u2019Hospital Sant Rafael que hem estat desenvolupant, la relaci\u00f3&nbsp;entre els Comit\u00e8s d&#8217;\u00c8tica Assistencial (CEA) \u00e9s&nbsp;un dels \u00e0mbits de coordinaci\u00f3. Una de les iniciatives que es van identificar va ser la de compartir l\u2019experi\u00e8ncia docent de l&#8217;Hospital Sagrat Cor per incorporar una proposta similar a [&hellip;]<\/p>\n","protected":false},"author":2,"featured_media":8276,"comment_status":"closed","ping_status":"closed","sticky":false,"template":"","format":"standard","meta":{"footnotes":""},"categories":[27],"tags":[],"class_list":["post-8274","post","type-post","status-publish","format-standard","has-post-thumbnail","hentry","category-actualitat"],"blocksy_meta":{"styles_descriptor":{"styles":{"desktop":"","tablet":"","mobile":""},"google_fonts":[],"version":6}},"featured_image_urls_v2":{"full":["https:\/\/fundaciohospitalariesmartorell.org\/entre-tots\/wp-content\/uploads\/2024\/03\/HSR_alSeminariBioeticaHSCOR_12marc2024.jpg",1536,2040,false],"thumbnail":["https:\/\/fundaciohospitalariesmartorell.org\/entre-tots\/wp-content\/uploads\/2024\/03\/HSR_alSeminariBioeticaHSCOR_12marc2024-150x150.jpg",150,150,true],"medium":["https:\/\/fundaciohospitalariesmartorell.org\/entre-tots\/wp-content\/uploads\/2024\/03\/HSR_alSeminariBioeticaHSCOR_12marc2024-226x300.jpg",226,300,true],"medium_large":["https:\/\/fundaciohospitalariesmartorell.org\/entre-tots\/wp-content\/uploads\/2024\/03\/HSR_alSeminariBioeticaHSCOR_12marc2024-768x1020.jpg",768,1020,true],"large":["https:\/\/fundaciohospitalariesmartorell.org\/entre-tots\/wp-content\/uploads\/2024\/03\/HSR_alSeminariBioeticaHSCOR_12marc2024-771x1024.jpg",771,1024,true],"1536x1536":["https:\/\/fundaciohospitalariesmartorell.org\/entre-tots\/wp-content\/uploads\/2024\/03\/HSR_alSeminariBioeticaHSCOR_12marc2024-1157x1536.jpg",1157,1536,true],"2048x2048":["https:\/\/fundaciohospitalariesmartorell.org\/entre-tots\/wp-content\/uploads\/2024\/03\/HSR_alSeminariBioeticaHSCOR_12marc2024.jpg",1536,2040,false],"mailpoet_newsletter_max":["https:\/\/fundaciohospitalariesmartorell.org\/entre-tots\/wp-content\/uploads\/2024\/03\/HSR_alSeminariBioeticaHSCOR_12marc2024-1320x1753.jpg",1320,1753,true]},"post_excerpt_stackable_v2":"<p>En el marc dels projectes transversals entre l\u2019Hospital Sagrat Cor i l\u2019Hospital Sant Rafael que hem estat desenvolupant, la relaci\u00f3&nbsp;entre els Comit\u00e8s d&#8217;\u00c8tica Assistencial (CEA) \u00e9s&nbsp;un dels \u00e0mbits de coordinaci\u00f3. Una de les iniciatives que es van identificar va ser la de compartir l\u2019experi\u00e8ncia docent de l&#8217;Hospital Sagrat Cor per incorporar una proposta similar a l&#8217;Hospital Sant Rafael i obrir la col\u00b7laboraci\u00f3 entre ambd\u00f3s centres en properes edicions. Aix\u00ed, doncs, el 12 de mar\u00e7, membres del CEA de l&#8217;Hospital Sant Rafael van participar en l&#8217;edici\u00f3 d&#8217;enguany del Seminari de Bio\u00e8tica de l&#8217;Hospital Sagrat Cor. El Seminari de Bio\u00e8tica de Sagrat&hellip;<\/p>\n","category_list_v2":"<a href=\"https:\/\/fundaciohospitalariesmartorell.org\/entre-tots\/category\/actualitat\/\" rel=\"category tag\">ACTUALITAT<\/a>","author_info_v2":{"name":"Sagrat Cor","url":"https:\/\/fundaciohospitalariesmartorell.org\/entre-tots\/author\/daniel\/"},"comments_num_v2":"0 comments","_links":{"self":[{"href":"https:\/\/fundaciohospitalariesmartorell.org\/entre-tots\/wp-json\/wp\/v2\/posts\/8274","targetHints":{"allow":["GET"]}}],"collection":[{"href":"https:\/\/fundaciohospitalariesmartorell.org\/entre-tots\/wp-json\/wp\/v2\/posts"}],"about":[{"href":"https:\/\/fundaciohospitalariesmartorell.org\/entre-tots\/wp-json\/wp\/v2\/types\/post"}],"author":[{"embeddable":true,"href":"https:\/\/fundaciohospitalariesmartorell.org\/entre-tots\/wp-json\/wp\/v2\/users\/2"}],"replies":[{"embeddable":true,"href":"https:\/\/fundaciohospitalariesmartorell.org\/entre-tots\/wp-json\/wp\/v2\/comments?post=8274"}],"version-history":[{"count":4,"href":"https:\/\/fundaciohospitalariesmartorell.org\/entre-tots\/wp-json\/wp\/v2\/posts\/8274\/revisions"}],"predecessor-version":[{"id":8421,"href":"https:\/\/fundaciohospitalariesmartorell.org\/entre-tots\/wp-json\/wp\/v2\/posts\/8274\/revisions\/8421"}],"wp:featuredmedia":[{"embeddable":true,"href":"https:\/\/fundaciohospitalariesmartorell.org\/entre-tots\/wp-json\/wp\/v2\/media\/8276"}],"wp:attachment":[{"href":"https:\/\/fundaciohospitalariesmartorell.org\/entre-tots\/wp-json\/wp\/v2\/media?parent=8274"}],"wp:term":[{"taxonomy":"category","embeddable":true,"href":"https:\/\/fundaciohospitalariesmartorell.org\/entre-tots\/wp-json\/wp\/v2\/categories?post=8274"},{"taxonomy":"post_tag","embeddable":true,"href":"https:\/\/fundaciohospitalariesmartorell.org\/entre-tots\/wp-json\/wp\/v2\/tags?post=8274"}],"curies":[{"name":"wp","href":"https:\/\/api.w.org\/{rel}","templated":true}]}}