{"id":8278,"date":"2024-03-27T00:02:54","date_gmt":"2024-03-26T22:02:54","guid":{"rendered":"https:\/\/hospitalsagratcormartorell.org\/entre-tots\/?p=8278"},"modified":"2024-03-27T00:02:55","modified_gmt":"2024-03-26T22:02:55","slug":"sessio-de-treball-hsc-hsr-sobre-gestio-de-les-unitats-dhospitalitzacio-daguts","status":"publish","type":"post","link":"https:\/\/fundaciohospitalariesmartorell.org\/entre-tots\/2024\/03\/sessio-de-treball-hsc-hsr-sobre-gestio-de-les-unitats-dhospitalitzacio-daguts\/","title":{"rendered":"Sessi\u00f3 de treball HSC-HSR sobre gesti\u00f3 de les Unitats d&#8217;Hospitalitzaci\u00f3 d\u2019Aguts"},"content":{"rendered":"<figure class=\"wp-block-post-featured-image\"><img loading=\"lazy\" decoding=\"async\" width=\"1104\" height=\"600\" src=\"https:\/\/fundaciohospitalariesmartorell.org\/entre-tots\/wp-content\/uploads\/2024\/03\/Captura-de-pantalla-2024-03-17-a-las-18.31.04.png\" class=\"attachment-post-thumbnail size-post-thumbnail wp-post-image\" alt=\"\" style=\"object-fit:cover;\" srcset=\"https:\/\/fundaciohospitalariesmartorell.org\/entre-tots\/wp-content\/uploads\/2024\/03\/Captura-de-pantalla-2024-03-17-a-las-18.31.04.png 1104w, https:\/\/fundaciohospitalariesmartorell.org\/entre-tots\/wp-content\/uploads\/2024\/03\/Captura-de-pantalla-2024-03-17-a-las-18.31.04-300x163.png 300w, https:\/\/fundaciohospitalariesmartorell.org\/entre-tots\/wp-content\/uploads\/2024\/03\/Captura-de-pantalla-2024-03-17-a-las-18.31.04-1024x557.png 1024w, https:\/\/fundaciohospitalariesmartorell.org\/entre-tots\/wp-content\/uploads\/2024\/03\/Captura-de-pantalla-2024-03-17-a-las-18.31.04-768x417.png 768w\" sizes=\"auto, (max-width: 1104px) 100vw, 1104px\" \/><\/figure>\n\n\n<p>Seguint amb les accions del projecte transversal de Salut Mental d&#8217;Adults entre l\u2019Hospital Sagrat Cor i l\u2019Hospital Sant Rafael, les direccions M\u00e8dica i Infermera d\u2019ambd\u00f3s centres i la de Projectes Assistencials Transversals van promoure una trobada conjunta amb els coordinadors i els supervisors de les Unitats d&#8217;Hospitalitzaci\u00f3 d&#8217;Aguts per tractar espec\u00edficament aspectes de&nbsp;gesti\u00f3, accions, resultats i efici\u00e8ncia de les unitats.<\/p>\n\n\n\n<p>Durant la sessi\u00f3 de treball, que va tenir lloc l\u201911 de mar\u00e7 a l\u2019Hospital Sant Rafael, es va compartir&nbsp;la situaci\u00f3 actual i de partida&nbsp;dels dos hospitals,&nbsp;els objectius de gesti\u00f3 i les accions fetes, en marxa o previstes, amb l\u2019exposici\u00f3 de les experi\u00e8ncies i les actuacions de cada un dels centres, tant les que han estat \u00fatils com les que no, per tal de fer una reflexi\u00f3 conjunta i promoure bones pr\u00e0ctiques de gesti\u00f3 organitzativa.<\/p>\n\n\n\n<p>Va ser una trobada molt enriquidora per als dos equips, els quals van compartir un espai d&#8217;intercanvi i aprenentatge que redunda en\u00a0la millora dels serveis i en el desenvolupament de models assistencials adaptats a donar resposta a les necessitats actuals.<\/p>\n\n\n\n<figure data-wp-context=\"{&quot;imageId&quot;:&quot;69f23f6d62f22&quot;}\" data-wp-interactive=\"core\/image\" data-wp-key=\"69f23f6d62f22\" class=\"wp-block-image size-large wp-lightbox-container\"><img loading=\"lazy\" decoding=\"async\" width=\"1024\" height=\"564\" data-wp-class--hide=\"state.isContentHidden\" data-wp-class--show=\"state.isContentVisible\" data-wp-init=\"callbacks.setButtonStyles\" data-wp-on--click=\"actions.showLightbox\" data-wp-on--load=\"callbacks.setButtonStyles\" data-wp-on-window--resize=\"callbacks.setButtonStyles\" src=\"https:\/\/hospitalsagratcormartorell.org\/entre-tots\/wp-content\/uploads\/2024\/03\/Captura-de-pantalla-2024-03-17-a-las-18.28.14-1024x564.png\" alt=\"\" class=\"wp-image-8280\" srcset=\"https:\/\/fundaciohospitalariesmartorell.org\/entre-tots\/wp-content\/uploads\/2024\/03\/Captura-de-pantalla-2024-03-17-a-las-18.28.14-1024x564.png 1024w, https:\/\/fundaciohospitalariesmartorell.org\/entre-tots\/wp-content\/uploads\/2024\/03\/Captura-de-pantalla-2024-03-17-a-las-18.28.14-300x165.png 300w, https:\/\/fundaciohospitalariesmartorell.org\/entre-tots\/wp-content\/uploads\/2024\/03\/Captura-de-pantalla-2024-03-17-a-las-18.28.14-768x423.png 768w, https:\/\/fundaciohospitalariesmartorell.org\/entre-tots\/wp-content\/uploads\/2024\/03\/Captura-de-pantalla-2024-03-17-a-las-18.28.14.png 1067w\" sizes=\"auto, (max-width: 1024px) 100vw, 1024px\" \/><button\n\t\t\tclass=\"lightbox-trigger\"\n\t\t\ttype=\"button\"\n\t\t\taria-haspopup=\"dialog\"\n\t\t\taria-label=\"Amplia\"\n\t\t\tdata-wp-init=\"callbacks.initTriggerButton\"\n\t\t\tdata-wp-on--click=\"actions.showLightbox\"\n\t\t\tdata-wp-style--right=\"state.imageButtonRight\"\n\t\t\tdata-wp-style--top=\"state.imageButtonTop\"\n\t\t>\n\t\t\t<svg xmlns=\"http:\/\/www.w3.org\/2000\/svg\" width=\"12\" height=\"12\" fill=\"none\" viewBox=\"0 0 12 12\">\n\t\t\t\t<path fill=\"#fff\" d=\"M2 0a2 2 0 0 0-2 2v2h1.5V2a.5.5 0 0 1 .5-.5h2V0H2Zm2 10.5H2a.5.5 0 0 1-.5-.5V8H0v2a2 2 0 0 0 2 2h2v-1.5ZM8 12v-1.5h2a.5.5 0 0 0 .5-.5V8H12v2a2 2 0 0 1-2 2H8Zm2-12a2 2 0 0 1 2 2v2h-1.5V2a.5.5 0 0 0-.5-.5H8V0h2Z\" \/>\n\t\t\t<\/svg>\n\t\t<\/button><\/figure>\n","protected":false},"excerpt":{"rendered":"<p>Seguint amb les accions del projecte transversal de Salut Mental d&#8217;Adults entre l\u2019Hospital Sagrat Cor i l\u2019Hospital Sant Rafael, les direccions M\u00e8dica i Infermera d\u2019ambd\u00f3s centres i la de Projectes Assistencials Transversals van promoure una trobada conjunta amb els coordinadors i els supervisors de les Unitats d&#8217;Hospitalitzaci\u00f3 d&#8217;Aguts per tractar espec\u00edficament aspectes de&nbsp;gesti\u00f3, accions, resultats [&hellip;]<\/p>\n","protected":false},"author":2,"featured_media":8281,"comment_status":"closed","ping_status":"closed","sticky":false,"template":"","format":"standard","meta":{"footnotes":""},"categories":[27],"tags":[],"class_list":["post-8278","post","type-post","status-publish","format-standard","has-post-thumbnail","hentry","category-actualitat"],"blocksy_meta":{"styles_descriptor":{"styles":{"desktop":"","tablet":"","mobile":""},"google_fonts":[],"version":6}},"featured_image_urls_v2":{"full":["https:\/\/fundaciohospitalariesmartorell.org\/entre-tots\/wp-content\/uploads\/2024\/03\/Captura-de-pantalla-2024-03-17-a-las-18.31.04.png",1104,600,false],"thumbnail":["https:\/\/fundaciohospitalariesmartorell.org\/entre-tots\/wp-content\/uploads\/2024\/03\/Captura-de-pantalla-2024-03-17-a-las-18.31.04-150x150.png",150,150,true],"medium":["https:\/\/fundaciohospitalariesmartorell.org\/entre-tots\/wp-content\/uploads\/2024\/03\/Captura-de-pantalla-2024-03-17-a-las-18.31.04-300x163.png",300,163,true],"medium_large":["https:\/\/fundaciohospitalariesmartorell.org\/entre-tots\/wp-content\/uploads\/2024\/03\/Captura-de-pantalla-2024-03-17-a-las-18.31.04-768x417.png",768,417,true],"large":["https:\/\/fundaciohospitalariesmartorell.org\/entre-tots\/wp-content\/uploads\/2024\/03\/Captura-de-pantalla-2024-03-17-a-las-18.31.04-1024x557.png",1024,557,true],"1536x1536":["https:\/\/fundaciohospitalariesmartorell.org\/entre-tots\/wp-content\/uploads\/2024\/03\/Captura-de-pantalla-2024-03-17-a-las-18.31.04.png",1104,600,false],"2048x2048":["https:\/\/fundaciohospitalariesmartorell.org\/entre-tots\/wp-content\/uploads\/2024\/03\/Captura-de-pantalla-2024-03-17-a-las-18.31.04.png",1104,600,false],"mailpoet_newsletter_max":["https:\/\/fundaciohospitalariesmartorell.org\/entre-tots\/wp-content\/uploads\/2024\/03\/Captura-de-pantalla-2024-03-17-a-las-18.31.04.png",1104,600,false]},"post_excerpt_stackable_v2":"<p>Seguint amb les accions del projecte transversal de Salut Mental d&#8217;Adults entre l\u2019Hospital Sagrat Cor i l\u2019Hospital Sant Rafael, les direccions M\u00e8dica i Infermera d\u2019ambd\u00f3s centres i la de Projectes Assistencials Transversals van promoure una trobada conjunta amb els coordinadors i els supervisors de les Unitats d&#8217;Hospitalitzaci\u00f3 d&#8217;Aguts per tractar espec\u00edficament aspectes de&nbsp;gesti\u00f3, accions, resultats i efici\u00e8ncia de les unitats. Durant la sessi\u00f3 de treball, que va tenir lloc l\u201911 de mar\u00e7 a l\u2019Hospital Sant Rafael, es va compartir&nbsp;la situaci\u00f3 actual i de partida&nbsp;dels dos hospitals,&nbsp;els objectius de gesti\u00f3 i les accions fetes, en marxa o previstes, amb l\u2019exposici\u00f3 de&hellip;<\/p>\n","category_list_v2":"<a href=\"https:\/\/fundaciohospitalariesmartorell.org\/entre-tots\/category\/actualitat\/\" rel=\"category tag\">ACTUALITAT<\/a>","author_info_v2":{"name":"Sagrat Cor","url":"https:\/\/fundaciohospitalariesmartorell.org\/entre-tots\/author\/daniel\/"},"comments_num_v2":"0 comments","_links":{"self":[{"href":"https:\/\/fundaciohospitalariesmartorell.org\/entre-tots\/wp-json\/wp\/v2\/posts\/8278","targetHints":{"allow":["GET"]}}],"collection":[{"href":"https:\/\/fundaciohospitalariesmartorell.org\/entre-tots\/wp-json\/wp\/v2\/posts"}],"about":[{"href":"https:\/\/fundaciohospitalariesmartorell.org\/entre-tots\/wp-json\/wp\/v2\/types\/post"}],"author":[{"embeddable":true,"href":"https:\/\/fundaciohospitalariesmartorell.org\/entre-tots\/wp-json\/wp\/v2\/users\/2"}],"replies":[{"embeddable":true,"href":"https:\/\/fundaciohospitalariesmartorell.org\/entre-tots\/wp-json\/wp\/v2\/comments?post=8278"}],"version-history":[{"count":2,"href":"https:\/\/fundaciohospitalariesmartorell.org\/entre-tots\/wp-json\/wp\/v2\/posts\/8278\/revisions"}],"predecessor-version":[{"id":8282,"href":"https:\/\/fundaciohospitalariesmartorell.org\/entre-tots\/wp-json\/wp\/v2\/posts\/8278\/revisions\/8282"}],"wp:featuredmedia":[{"embeddable":true,"href":"https:\/\/fundaciohospitalariesmartorell.org\/entre-tots\/wp-json\/wp\/v2\/media\/8281"}],"wp:attachment":[{"href":"https:\/\/fundaciohospitalariesmartorell.org\/entre-tots\/wp-json\/wp\/v2\/media?parent=8278"}],"wp:term":[{"taxonomy":"category","embeddable":true,"href":"https:\/\/fundaciohospitalariesmartorell.org\/entre-tots\/wp-json\/wp\/v2\/categories?post=8278"},{"taxonomy":"post_tag","embeddable":true,"href":"https:\/\/fundaciohospitalariesmartorell.org\/entre-tots\/wp-json\/wp\/v2\/tags?post=8278"}],"curies":[{"name":"wp","href":"https:\/\/api.w.org\/{rel}","templated":true}]}}