{"id":8283,"date":"2024-03-27T00:06:25","date_gmt":"2024-03-26T22:06:25","guid":{"rendered":"https:\/\/hospitalsagratcormartorell.org\/entre-tots\/?p=8283"},"modified":"2024-03-28T11:33:25","modified_gmt":"2024-03-28T09:33:25","slug":"participem-a-lacte-de-celebracio-del-dia-mundial-del-treball-social-al-baix-llobregat-nord","status":"publish","type":"post","link":"https:\/\/fundaciohospitalariesmartorell.org\/entre-tots\/2024\/03\/participem-a-lacte-de-celebracio-del-dia-mundial-del-treball-social-al-baix-llobregat-nord\/","title":{"rendered":"Participem a l\u2019acte de celebraci\u00f3 del Dia Mundial del Treball Social al Baix Llobregat Nord"},"content":{"rendered":"<figure class=\"wp-block-post-featured-image\"><img loading=\"lazy\" decoding=\"async\" width=\"1769\" height=\"1068\" src=\"https:\/\/fundaciohospitalariesmartorell.org\/entre-tots\/wp-content\/uploads\/2024\/03\/PRINCIPAL.jpeg\" class=\"attachment-post-thumbnail size-post-thumbnail wp-post-image\" alt=\"\" style=\"object-fit:cover;\" srcset=\"https:\/\/fundaciohospitalariesmartorell.org\/entre-tots\/wp-content\/uploads\/2024\/03\/PRINCIPAL.jpeg 1769w, https:\/\/fundaciohospitalariesmartorell.org\/entre-tots\/wp-content\/uploads\/2024\/03\/PRINCIPAL-300x181.jpeg 300w, https:\/\/fundaciohospitalariesmartorell.org\/entre-tots\/wp-content\/uploads\/2024\/03\/PRINCIPAL-1024x618.jpeg 1024w, https:\/\/fundaciohospitalariesmartorell.org\/entre-tots\/wp-content\/uploads\/2024\/03\/PRINCIPAL-768x464.jpeg 768w, https:\/\/fundaciohospitalariesmartorell.org\/entre-tots\/wp-content\/uploads\/2024\/03\/PRINCIPAL-1536x927.jpeg 1536w, https:\/\/fundaciohospitalariesmartorell.org\/entre-tots\/wp-content\/uploads\/2024\/03\/PRINCIPAL-1320x797.jpeg 1320w\" sizes=\"auto, (max-width: 1769px) 100vw, 1769px\" \/><\/figure>\n\n\n<p>El 19 de mar\u00e7, amb motiu de la celebraci\u00f3 del Dia Mundial del Treball Social, la Comissi\u00f3 de Treballadores Socials del Baix Llobregat Nord, de la qual formen part professionals de l\u2019Hospital Sagrat Cor, va organitzar el primer acte commemoratiu d\u2019aquesta data tan assenyalada.<\/p>\n\n\n\n<p>El lema d\u2019enguany del Dia Mundial del Treball Social va ser <em>Bon Viure: futur compartit per al canvi transformador<\/em>, a fi de reivindicar el paper transformador que tenen els i les professionals de Treball Social per impulsar el canvi positiu i fomentar comunitats que es desenvolupin en el respecte mutu i la sostenibilitat.&nbsp;<\/p>\n\n\n\n<p>Aix\u00ed, amb l\u2019objectiu de compartir i reflexionar de forma conjunta sobre la tasca di\u00e0ria de treballadores i treballadors socials es va congregar, al Teatre N\u00faria Espert de Sant Andreu de la Barca, una quarantena de professionals del Treball Social de la zona del Baix Llobregat Nord.&nbsp;<\/p>\n\n\n\n<figure class=\"wp-block-gallery has-nested-images columns-default is-cropped wp-block-gallery-1 is-layout-flex wp-block-gallery-is-layout-flex\">\n<figure data-wp-context=\"{&quot;imageId&quot;:&quot;69f23f2fb914b&quot;}\" data-wp-interactive=\"core\/image\" data-wp-key=\"69f23f2fb914b\" class=\"wp-block-image size-large wp-lightbox-container\"><img loading=\"lazy\" decoding=\"async\" width=\"771\" height=\"1024\" data-wp-class--hide=\"state.isContentHidden\" data-wp-class--show=\"state.isContentVisible\" data-wp-init=\"callbacks.setButtonStyles\" data-wp-on--click=\"actions.showLightbox\" data-wp-on--load=\"callbacks.setButtonStyles\" data-wp-on-window--resize=\"callbacks.setButtonStyles\" data-id=\"8286\" src=\"https:\/\/hospitalsagratcormartorell.org\/entre-tots\/wp-content\/uploads\/2024\/03\/08de2265-14ad-43fc-9819-b3fe2f0a2369-771x1024.jpeg\" alt=\"\" class=\"wp-image-8286\" srcset=\"https:\/\/fundaciohospitalariesmartorell.org\/entre-tots\/wp-content\/uploads\/2024\/03\/08de2265-14ad-43fc-9819-b3fe2f0a2369-771x1024.jpeg 771w, https:\/\/fundaciohospitalariesmartorell.org\/entre-tots\/wp-content\/uploads\/2024\/03\/08de2265-14ad-43fc-9819-b3fe2f0a2369-226x300.jpeg 226w, https:\/\/fundaciohospitalariesmartorell.org\/entre-tots\/wp-content\/uploads\/2024\/03\/08de2265-14ad-43fc-9819-b3fe2f0a2369-768x1021.jpeg 768w, https:\/\/fundaciohospitalariesmartorell.org\/entre-tots\/wp-content\/uploads\/2024\/03\/08de2265-14ad-43fc-9819-b3fe2f0a2369-1156x1536.jpeg 1156w, https:\/\/fundaciohospitalariesmartorell.org\/entre-tots\/wp-content\/uploads\/2024\/03\/08de2265-14ad-43fc-9819-b3fe2f0a2369.jpeg 1204w\" sizes=\"auto, (max-width: 771px) 100vw, 771px\" \/><button\n\t\t\tclass=\"lightbox-trigger\"\n\t\t\ttype=\"button\"\n\t\t\taria-haspopup=\"dialog\"\n\t\t\taria-label=\"Amplia\"\n\t\t\tdata-wp-init=\"callbacks.initTriggerButton\"\n\t\t\tdata-wp-on--click=\"actions.showLightbox\"\n\t\t\tdata-wp-style--right=\"state.imageButtonRight\"\n\t\t\tdata-wp-style--top=\"state.imageButtonTop\"\n\t\t>\n\t\t\t<svg xmlns=\"http:\/\/www.w3.org\/2000\/svg\" width=\"12\" height=\"12\" fill=\"none\" viewBox=\"0 0 12 12\">\n\t\t\t\t<path fill=\"#fff\" d=\"M2 0a2 2 0 0 0-2 2v2h1.5V2a.5.5 0 0 1 .5-.5h2V0H2Zm2 10.5H2a.5.5 0 0 1-.5-.5V8H0v2a2 2 0 0 0 2 2h2v-1.5ZM8 12v-1.5h2a.5.5 0 0 0 .5-.5V8H12v2a2 2 0 0 1-2 2H8Zm2-12a2 2 0 0 1 2 2v2h-1.5V2a.5.5 0 0 0-.5-.5H8V0h2Z\" \/>\n\t\t\t<\/svg>\n\t\t<\/button><\/figure>\n\n\n\n<figure data-wp-context=\"{&quot;imageId&quot;:&quot;69f23f2fb94cf&quot;}\" data-wp-interactive=\"core\/image\" data-wp-key=\"69f23f2fb94cf\" class=\"wp-block-image size-large wp-lightbox-container\"><img loading=\"lazy\" decoding=\"async\" width=\"1024\" height=\"683\" data-wp-class--hide=\"state.isContentHidden\" data-wp-class--show=\"state.isContentVisible\" data-wp-init=\"callbacks.setButtonStyles\" data-wp-on--click=\"actions.showLightbox\" data-wp-on--load=\"callbacks.setButtonStyles\" data-wp-on-window--resize=\"callbacks.setButtonStyles\" data-id=\"8288\" src=\"https:\/\/hospitalsagratcormartorell.org\/entre-tots\/wp-content\/uploads\/2024\/03\/e200bc5d-4ee2-4ff8-8957-88cc9ac7957e.jpeg\" alt=\"\" class=\"wp-image-8288\" srcset=\"https:\/\/fundaciohospitalariesmartorell.org\/entre-tots\/wp-content\/uploads\/2024\/03\/e200bc5d-4ee2-4ff8-8957-88cc9ac7957e.jpeg 1024w, https:\/\/fundaciohospitalariesmartorell.org\/entre-tots\/wp-content\/uploads\/2024\/03\/e200bc5d-4ee2-4ff8-8957-88cc9ac7957e-300x200.jpeg 300w, https:\/\/fundaciohospitalariesmartorell.org\/entre-tots\/wp-content\/uploads\/2024\/03\/e200bc5d-4ee2-4ff8-8957-88cc9ac7957e-768x512.jpeg 768w\" sizes=\"auto, (max-width: 1024px) 100vw, 1024px\" \/><button\n\t\t\tclass=\"lightbox-trigger\"\n\t\t\ttype=\"button\"\n\t\t\taria-haspopup=\"dialog\"\n\t\t\taria-label=\"Amplia\"\n\t\t\tdata-wp-init=\"callbacks.initTriggerButton\"\n\t\t\tdata-wp-on--click=\"actions.showLightbox\"\n\t\t\tdata-wp-style--right=\"state.imageButtonRight\"\n\t\t\tdata-wp-style--top=\"state.imageButtonTop\"\n\t\t>\n\t\t\t<svg xmlns=\"http:\/\/www.w3.org\/2000\/svg\" width=\"12\" height=\"12\" fill=\"none\" viewBox=\"0 0 12 12\">\n\t\t\t\t<path fill=\"#fff\" d=\"M2 0a2 2 0 0 0-2 2v2h1.5V2a.5.5 0 0 1 .5-.5h2V0H2Zm2 10.5H2a.5.5 0 0 1-.5-.5V8H0v2a2 2 0 0 0 2 2h2v-1.5ZM8 12v-1.5h2a.5.5 0 0 0 .5-.5V8H12v2a2 2 0 0 1-2 2H8Zm2-12a2 2 0 0 1 2 2v2h-1.5V2a.5.5 0 0 0-.5-.5H8V0h2Z\" \/>\n\t\t\t<\/svg>\n\t\t<\/button><\/figure>\n\n\n\n<figure data-wp-context=\"{&quot;imageId&quot;:&quot;69f23f2fb981a&quot;}\" data-wp-interactive=\"core\/image\" data-wp-key=\"69f23f2fb981a\" class=\"wp-block-image size-large wp-lightbox-container\"><img loading=\"lazy\" decoding=\"async\" width=\"1024\" height=\"683\" data-wp-class--hide=\"state.isContentHidden\" data-wp-class--show=\"state.isContentVisible\" data-wp-init=\"callbacks.setButtonStyles\" data-wp-on--click=\"actions.showLightbox\" data-wp-on--load=\"callbacks.setButtonStyles\" data-wp-on-window--resize=\"callbacks.setButtonStyles\" data-id=\"8287\" src=\"https:\/\/hospitalsagratcormartorell.org\/entre-tots\/wp-content\/uploads\/2024\/03\/46fe3cdf-36a8-406a-8f56-f1c0da669f01.jpeg\" alt=\"\" class=\"wp-image-8287\" srcset=\"https:\/\/fundaciohospitalariesmartorell.org\/entre-tots\/wp-content\/uploads\/2024\/03\/46fe3cdf-36a8-406a-8f56-f1c0da669f01.jpeg 1024w, https:\/\/fundaciohospitalariesmartorell.org\/entre-tots\/wp-content\/uploads\/2024\/03\/46fe3cdf-36a8-406a-8f56-f1c0da669f01-300x200.jpeg 300w, https:\/\/fundaciohospitalariesmartorell.org\/entre-tots\/wp-content\/uploads\/2024\/03\/46fe3cdf-36a8-406a-8f56-f1c0da669f01-768x512.jpeg 768w\" sizes=\"auto, (max-width: 1024px) 100vw, 1024px\" \/><button\n\t\t\tclass=\"lightbox-trigger\"\n\t\t\ttype=\"button\"\n\t\t\taria-haspopup=\"dialog\"\n\t\t\taria-label=\"Amplia\"\n\t\t\tdata-wp-init=\"callbacks.initTriggerButton\"\n\t\t\tdata-wp-on--click=\"actions.showLightbox\"\n\t\t\tdata-wp-style--right=\"state.imageButtonRight\"\n\t\t\tdata-wp-style--top=\"state.imageButtonTop\"\n\t\t>\n\t\t\t<svg xmlns=\"http:\/\/www.w3.org\/2000\/svg\" width=\"12\" height=\"12\" fill=\"none\" viewBox=\"0 0 12 12\">\n\t\t\t\t<path fill=\"#fff\" d=\"M2 0a2 2 0 0 0-2 2v2h1.5V2a.5.5 0 0 1 .5-.5h2V0H2Zm2 10.5H2a.5.5 0 0 1-.5-.5V8H0v2a2 2 0 0 0 2 2h2v-1.5ZM8 12v-1.5h2a.5.5 0 0 0 .5-.5V8H12v2a2 2 0 0 1-2 2H8Zm2-12a2 2 0 0 1 2 2v2h-1.5V2a.5.5 0 0 0-.5-.5H8V0h2Z\" \/>\n\t\t\t<\/svg>\n\t\t<\/button><\/figure>\n<\/figure>\n\n\n\n<p>En el marc de la trobada, inaugurada per Eunice Martin, regidora de Serveis Socials de l\u2019Ajuntament de Sant Andreu de la Barca, va tenir lloc una taula rodona on van intervenir dues treballadores socials amb una traject\u00f2ria laboral destacada, com Conxita Vila i Olalla Mont\u00f3n, i que va ser moderada per Beatriz Vieito, treballadora social de l\u2019Hospital Sagrat Cor i membre de la Comissi\u00f3 de Treballadores Socials del Baix Llobregat Nord.&nbsp;<\/p>\n\n\n\n<p>A partir d\u2019un q\u00fcestionari que es va repartir entre el p\u00fablic assistent, es van analitzar i debatre, amb l\u2019ajuda de les dues ponents, diverses q\u00fcestions relacionades amb el paper de la professi\u00f3 en la societat. Una de les principals conclusions obtingudes va ser la necessitat de fer valer la figura del treballador o treballadora social en els equips assistencials, destacant l\u2019acompanyament individualitzat i diferencial que realitza.<\/p>\n\n\n\n<p>D\u2019aquesta manera, es dona continu\u00eftat a la primera trobada, que es va celebrar el 19 de novembre del 2022 al nostre Centre, i amb la qual es recuperava l\u2019espai de trobada de personal professional del Treball Social, que es va iniciar als anys vuitanta i es va anar consolidant durant el per\u00edode del 1995 al 2005. Tamb\u00e9, el 10 de febrer del 2023 es va organitzar una jornada amb el lema <em>Fem Xarxa<\/em>. En aquesta ocasi\u00f3, la representaci\u00f3 del nostre Hospital va explicar els recursos de salut mental que t\u00e9 el Centre al Baix Llobregat Nord.<\/p>\n\n\n\n<figure class=\"wp-block-image size-large\"><img loading=\"lazy\" decoding=\"async\" width=\"1024\" height=\"768\" src=\"https:\/\/hospitalsagratcormartorell.org\/entre-tots\/wp-content\/uploads\/2024\/03\/1b50947a-3db0-40f1-9f63-c66bff7c8f88-1024x768.jpeg\" alt=\"\" class=\"wp-image-8285\" srcset=\"https:\/\/fundaciohospitalariesmartorell.org\/entre-tots\/wp-content\/uploads\/2024\/03\/1b50947a-3db0-40f1-9f63-c66bff7c8f88-1024x768.jpeg 1024w, https:\/\/fundaciohospitalariesmartorell.org\/entre-tots\/wp-content\/uploads\/2024\/03\/1b50947a-3db0-40f1-9f63-c66bff7c8f88-300x225.jpeg 300w, https:\/\/fundaciohospitalariesmartorell.org\/entre-tots\/wp-content\/uploads\/2024\/03\/1b50947a-3db0-40f1-9f63-c66bff7c8f88-768x576.jpeg 768w, https:\/\/fundaciohospitalariesmartorell.org\/entre-tots\/wp-content\/uploads\/2024\/03\/1b50947a-3db0-40f1-9f63-c66bff7c8f88-1536x1152.jpeg 1536w, https:\/\/fundaciohospitalariesmartorell.org\/entre-tots\/wp-content\/uploads\/2024\/03\/1b50947a-3db0-40f1-9f63-c66bff7c8f88-1320x990.jpeg 1320w, https:\/\/fundaciohospitalariesmartorell.org\/entre-tots\/wp-content\/uploads\/2024\/03\/1b50947a-3db0-40f1-9f63-c66bff7c8f88.jpeg 1600w\" sizes=\"auto, (max-width: 1024px) 100vw, 1024px\" \/><\/figure>\n","protected":false},"excerpt":{"rendered":"<p>El 19 de mar\u00e7, amb motiu de la celebraci\u00f3 del Dia Mundial del Treball Social, la Comissi\u00f3 de Treballadores Socials del Baix Llobregat Nord, de la qual formen part professionals de l\u2019Hospital Sagrat Cor, va organitzar el primer acte commemoratiu d\u2019aquesta data tan assenyalada. El lema d\u2019enguany del Dia Mundial del Treball Social va ser [&hellip;]<\/p>\n","protected":false},"author":2,"featured_media":8289,"comment_status":"closed","ping_status":"closed","sticky":false,"template":"","format":"standard","meta":{"footnotes":""},"categories":[27],"tags":[],"class_list":["post-8283","post","type-post","status-publish","format-standard","has-post-thumbnail","hentry","category-actualitat"],"blocksy_meta":{"styles_descriptor":{"styles":{"desktop":"","tablet":"","mobile":""},"google_fonts":[],"version":6}},"featured_image_urls_v2":{"full":["https:\/\/fundaciohospitalariesmartorell.org\/entre-tots\/wp-content\/uploads\/2024\/03\/PRINCIPAL.jpeg",1769,1068,false],"thumbnail":["https:\/\/fundaciohospitalariesmartorell.org\/entre-tots\/wp-content\/uploads\/2024\/03\/PRINCIPAL-150x150.jpeg",150,150,true],"medium":["https:\/\/fundaciohospitalariesmartorell.org\/entre-tots\/wp-content\/uploads\/2024\/03\/PRINCIPAL-300x181.jpeg",300,181,true],"medium_large":["https:\/\/fundaciohospitalariesmartorell.org\/entre-tots\/wp-content\/uploads\/2024\/03\/PRINCIPAL-768x464.jpeg",768,464,true],"large":["https:\/\/fundaciohospitalariesmartorell.org\/entre-tots\/wp-content\/uploads\/2024\/03\/PRINCIPAL-1024x618.jpeg",1024,618,true],"1536x1536":["https:\/\/fundaciohospitalariesmartorell.org\/entre-tots\/wp-content\/uploads\/2024\/03\/PRINCIPAL-1536x927.jpeg",1536,927,true],"2048x2048":["https:\/\/fundaciohospitalariesmartorell.org\/entre-tots\/wp-content\/uploads\/2024\/03\/PRINCIPAL.jpeg",1769,1068,false],"mailpoet_newsletter_max":["https:\/\/fundaciohospitalariesmartorell.org\/entre-tots\/wp-content\/uploads\/2024\/03\/PRINCIPAL-1320x797.jpeg",1320,797,true]},"post_excerpt_stackable_v2":"<p>El 19 de mar\u00e7, amb motiu de la celebraci\u00f3 del Dia Mundial del Treball Social, la Comissi\u00f3 de Treballadores Socials del Baix Llobregat Nord, de la qual formen part professionals de l\u2019Hospital Sagrat Cor, va organitzar el primer acte commemoratiu d\u2019aquesta data tan assenyalada. El lema d\u2019enguany del Dia Mundial del Treball Social va ser Bon Viure: futur compartit per al canvi transformador, a fi de reivindicar el paper transformador que tenen els i les professionals de Treball Social per impulsar el canvi positiu i fomentar comunitats que es desenvolupin en el respecte mutu i la sostenibilitat.&nbsp; Aix\u00ed, amb l\u2019objectiu&hellip;<\/p>\n","category_list_v2":"<a href=\"https:\/\/fundaciohospitalariesmartorell.org\/entre-tots\/category\/actualitat\/\" rel=\"category tag\">ACTUALITAT<\/a>","author_info_v2":{"name":"Sagrat Cor","url":"https:\/\/fundaciohospitalariesmartorell.org\/entre-tots\/author\/daniel\/"},"comments_num_v2":"0 comments","_links":{"self":[{"href":"https:\/\/fundaciohospitalariesmartorell.org\/entre-tots\/wp-json\/wp\/v2\/posts\/8283","targetHints":{"allow":["GET"]}}],"collection":[{"href":"https:\/\/fundaciohospitalariesmartorell.org\/entre-tots\/wp-json\/wp\/v2\/posts"}],"about":[{"href":"https:\/\/fundaciohospitalariesmartorell.org\/entre-tots\/wp-json\/wp\/v2\/types\/post"}],"author":[{"embeddable":true,"href":"https:\/\/fundaciohospitalariesmartorell.org\/entre-tots\/wp-json\/wp\/v2\/users\/2"}],"replies":[{"embeddable":true,"href":"https:\/\/fundaciohospitalariesmartorell.org\/entre-tots\/wp-json\/wp\/v2\/comments?post=8283"}],"version-history":[{"count":3,"href":"https:\/\/fundaciohospitalariesmartorell.org\/entre-tots\/wp-json\/wp\/v2\/posts\/8283\/revisions"}],"predecessor-version":[{"id":8460,"href":"https:\/\/fundaciohospitalariesmartorell.org\/entre-tots\/wp-json\/wp\/v2\/posts\/8283\/revisions\/8460"}],"wp:featuredmedia":[{"embeddable":true,"href":"https:\/\/fundaciohospitalariesmartorell.org\/entre-tots\/wp-json\/wp\/v2\/media\/8289"}],"wp:attachment":[{"href":"https:\/\/fundaciohospitalariesmartorell.org\/entre-tots\/wp-json\/wp\/v2\/media?parent=8283"}],"wp:term":[{"taxonomy":"category","embeddable":true,"href":"https:\/\/fundaciohospitalariesmartorell.org\/entre-tots\/wp-json\/wp\/v2\/categories?post=8283"},{"taxonomy":"post_tag","embeddable":true,"href":"https:\/\/fundaciohospitalariesmartorell.org\/entre-tots\/wp-json\/wp\/v2\/tags?post=8283"}],"curies":[{"name":"wp","href":"https:\/\/api.w.org\/{rel}","templated":true}]}}