{"id":8298,"date":"2024-03-27T00:16:06","date_gmt":"2024-03-26T22:16:06","guid":{"rendered":"https:\/\/hospitalsagratcormartorell.org\/entre-tots\/?p=8298"},"modified":"2024-03-28T21:07:23","modified_gmt":"2024-03-28T20:07:23","slug":"acollim-la-primera-jornada-dunitats-funcionals-de-recuperacio-i-projecte-de-vida-de-catalunya","status":"publish","type":"post","link":"https:\/\/fundaciohospitalariesmartorell.org\/entre-tots\/2024\/03\/acollim-la-primera-jornada-dunitats-funcionals-de-recuperacio-i-projecte-de-vida-de-catalunya\/","title":{"rendered":"Acollim la primera Jornada d\u2019Unitats Funcionals de Recuperaci\u00f3 i Projecte de Vida de Catalunya"},"content":{"rendered":"<figure class=\"wp-block-post-featured-image\"><img loading=\"lazy\" decoding=\"async\" width=\"1600\" height=\"1200\" src=\"https:\/\/fundaciohospitalariesmartorell.org\/entre-tots\/wp-content\/uploads\/2024\/03\/1711310264115.jpg\" class=\"attachment-post-thumbnail size-post-thumbnail wp-post-image\" alt=\"\" style=\"object-fit:cover;\" srcset=\"https:\/\/fundaciohospitalariesmartorell.org\/entre-tots\/wp-content\/uploads\/2024\/03\/1711310264115.jpg 1600w, https:\/\/fundaciohospitalariesmartorell.org\/entre-tots\/wp-content\/uploads\/2024\/03\/1711310264115-300x225.jpg 300w, https:\/\/fundaciohospitalariesmartorell.org\/entre-tots\/wp-content\/uploads\/2024\/03\/1711310264115-1024x768.jpg 1024w, https:\/\/fundaciohospitalariesmartorell.org\/entre-tots\/wp-content\/uploads\/2024\/03\/1711310264115-768x576.jpg 768w, https:\/\/fundaciohospitalariesmartorell.org\/entre-tots\/wp-content\/uploads\/2024\/03\/1711310264115-1536x1152.jpg 1536w, https:\/\/fundaciohospitalariesmartorell.org\/entre-tots\/wp-content\/uploads\/2024\/03\/1711310264115-1320x990.jpg 1320w\" sizes=\"auto, (max-width: 1600px) 100vw, 1600px\" \/><\/figure>\n\n\n<p><strong>Carlos M\u00e1rquez<br><\/strong><em>Coordinador d&#8217;Infermeria de l&#8217;Hospital Sagrat Cor<\/em><\/p>\n\n\n\n<p>El 29 de febrer, a les noves aules docents de l&#8217;Hospital, es va organitzar la primera Jornada d&#8217;Unitats Funcionals de Recuperaci\u00f3 i Projecte de Vida de Catalunya. Hi van assistir una quarantena de persones, i, a m\u00e9s de t\u00e8cnics i responsables del Departament de Salut i del CatSalut, hi vam ser presents una \u00e0mplia majoria dels i les professionals que actualment estan desenvolupant el projecte als cinc territoris de Catalunya, que s\u00f3n Sant Boi, Cornell\u00e0, Santa Coloma de Gramenet, Reus i Martorell.&nbsp;<\/p>\n\n\n\n<p>Durant la Jornada, els i les professionals vam rebre informaci\u00f3 del model de recuperaci\u00f3 i reconversi\u00f3 de la llarga estada, aix\u00ed com tamb\u00e9 formaci\u00f3 m\u00e9s t\u00e8cnica de la posada en marxa del projecte i de com avaluar-ne el funcionament. Tamb\u00e9 es va generar un espai per recollir les necessitats detectades aquests primers mesos de funcionament de les unitats funcionals, i per compartir dificultats i propostes de millora. La valoraci\u00f3 de la jornada va ser molt positiva, tant per part de les persones que hi vam assistir com dels organitzadors.<\/p>\n\n\n\n<figure data-wp-context=\"{&quot;imageId&quot;:&quot;69f23f5fd3c52&quot;}\" data-wp-interactive=\"core\/image\" data-wp-key=\"69f23f5fd3c52\" class=\"wp-block-image size-large wp-lightbox-container\"><img loading=\"lazy\" decoding=\"async\" width=\"1024\" height=\"768\" data-wp-class--hide=\"state.isContentHidden\" data-wp-class--show=\"state.isContentVisible\" data-wp-init=\"callbacks.setButtonStyles\" data-wp-on--click=\"actions.showLightbox\" data-wp-on--load=\"callbacks.setButtonStyles\" data-wp-on-window--resize=\"callbacks.setButtonStyles\" src=\"https:\/\/hospitalsagratcormartorell.org\/entre-tots\/wp-content\/uploads\/2024\/03\/1711310264043-1024x768.jpg\" alt=\"\" class=\"wp-image-8300\" srcset=\"https:\/\/fundaciohospitalariesmartorell.org\/entre-tots\/wp-content\/uploads\/2024\/03\/1711310264043-1024x768.jpg 1024w, https:\/\/fundaciohospitalariesmartorell.org\/entre-tots\/wp-content\/uploads\/2024\/03\/1711310264043-300x225.jpg 300w, https:\/\/fundaciohospitalariesmartorell.org\/entre-tots\/wp-content\/uploads\/2024\/03\/1711310264043-768x576.jpg 768w, https:\/\/fundaciohospitalariesmartorell.org\/entre-tots\/wp-content\/uploads\/2024\/03\/1711310264043-1536x1152.jpg 1536w, https:\/\/fundaciohospitalariesmartorell.org\/entre-tots\/wp-content\/uploads\/2024\/03\/1711310264043-1320x990.jpg 1320w, https:\/\/fundaciohospitalariesmartorell.org\/entre-tots\/wp-content\/uploads\/2024\/03\/1711310264043.jpg 1600w\" sizes=\"auto, (max-width: 1024px) 100vw, 1024px\" \/><button\n\t\t\tclass=\"lightbox-trigger\"\n\t\t\ttype=\"button\"\n\t\t\taria-haspopup=\"dialog\"\n\t\t\taria-label=\"Amplia\"\n\t\t\tdata-wp-init=\"callbacks.initTriggerButton\"\n\t\t\tdata-wp-on--click=\"actions.showLightbox\"\n\t\t\tdata-wp-style--right=\"state.imageButtonRight\"\n\t\t\tdata-wp-style--top=\"state.imageButtonTop\"\n\t\t>\n\t\t\t<svg xmlns=\"http:\/\/www.w3.org\/2000\/svg\" width=\"12\" height=\"12\" fill=\"none\" viewBox=\"0 0 12 12\">\n\t\t\t\t<path fill=\"#fff\" d=\"M2 0a2 2 0 0 0-2 2v2h1.5V2a.5.5 0 0 1 .5-.5h2V0H2Zm2 10.5H2a.5.5 0 0 1-.5-.5V8H0v2a2 2 0 0 0 2 2h2v-1.5ZM8 12v-1.5h2a.5.5 0 0 0 .5-.5V8H12v2a2 2 0 0 1-2 2H8Zm2-12a2 2 0 0 1 2 2v2h-1.5V2a.5.5 0 0 0-.5-.5H8V0h2Z\" \/>\n\t\t\t<\/svg>\n\t\t<\/button><\/figure>\n","protected":false},"excerpt":{"rendered":"<p>Carlos M\u00e1rquezCoordinador d&#8217;Infermeria de l&#8217;Hospital Sagrat Cor El 29 de febrer, a les noves aules docents de l&#8217;Hospital, es va organitzar la primera Jornada d&#8217;Unitats Funcionals de Recuperaci\u00f3 i Projecte de Vida de Catalunya. Hi van assistir una quarantena de persones, i, a m\u00e9s de t\u00e8cnics i responsables del Departament de Salut i del CatSalut, [&hellip;]<\/p>\n","protected":false},"author":2,"featured_media":8301,"comment_status":"closed","ping_status":"closed","sticky":false,"template":"","format":"standard","meta":{"footnotes":""},"categories":[27],"tags":[],"class_list":["post-8298","post","type-post","status-publish","format-standard","has-post-thumbnail","hentry","category-actualitat"],"blocksy_meta":{"styles_descriptor":{"styles":{"desktop":"","tablet":"","mobile":""},"google_fonts":[],"version":6}},"featured_image_urls_v2":{"full":["https:\/\/fundaciohospitalariesmartorell.org\/entre-tots\/wp-content\/uploads\/2024\/03\/1711310264115.jpg",1600,1200,false],"thumbnail":["https:\/\/fundaciohospitalariesmartorell.org\/entre-tots\/wp-content\/uploads\/2024\/03\/1711310264115-150x150.jpg",150,150,true],"medium":["https:\/\/fundaciohospitalariesmartorell.org\/entre-tots\/wp-content\/uploads\/2024\/03\/1711310264115-300x225.jpg",300,225,true],"medium_large":["https:\/\/fundaciohospitalariesmartorell.org\/entre-tots\/wp-content\/uploads\/2024\/03\/1711310264115-768x576.jpg",768,576,true],"large":["https:\/\/fundaciohospitalariesmartorell.org\/entre-tots\/wp-content\/uploads\/2024\/03\/1711310264115-1024x768.jpg",1024,768,true],"1536x1536":["https:\/\/fundaciohospitalariesmartorell.org\/entre-tots\/wp-content\/uploads\/2024\/03\/1711310264115-1536x1152.jpg",1536,1152,true],"2048x2048":["https:\/\/fundaciohospitalariesmartorell.org\/entre-tots\/wp-content\/uploads\/2024\/03\/1711310264115.jpg",1600,1200,false],"mailpoet_newsletter_max":["https:\/\/fundaciohospitalariesmartorell.org\/entre-tots\/wp-content\/uploads\/2024\/03\/1711310264115-1320x990.jpg",1320,990,true]},"post_excerpt_stackable_v2":"<p>Carlos M\u00e1rquezCoordinador d&#8217;Infermeria de l&#8217;Hospital Sagrat Cor El 29 de febrer, a les noves aules docents de l&#8217;Hospital, es va organitzar la primera Jornada d&#8217;Unitats Funcionals de Recuperaci\u00f3 i Projecte de Vida de Catalunya. Hi van assistir una quarantena de persones, i, a m\u00e9s de t\u00e8cnics i responsables del Departament de Salut i del CatSalut, hi vam ser presents una \u00e0mplia majoria dels i les professionals que actualment estan desenvolupant el projecte als cinc territoris de Catalunya, que s\u00f3n Sant Boi, Cornell\u00e0, Santa Coloma de Gramenet, Reus i Martorell.&nbsp; Durant la Jornada, els i les professionals vam rebre informaci\u00f3 del&hellip;<\/p>\n","category_list_v2":"<a href=\"https:\/\/fundaciohospitalariesmartorell.org\/entre-tots\/category\/actualitat\/\" rel=\"category tag\">ACTUALITAT<\/a>","author_info_v2":{"name":"Sagrat Cor","url":"https:\/\/fundaciohospitalariesmartorell.org\/entre-tots\/author\/daniel\/"},"comments_num_v2":"0 comments","_links":{"self":[{"href":"https:\/\/fundaciohospitalariesmartorell.org\/entre-tots\/wp-json\/wp\/v2\/posts\/8298","targetHints":{"allow":["GET"]}}],"collection":[{"href":"https:\/\/fundaciohospitalariesmartorell.org\/entre-tots\/wp-json\/wp\/v2\/posts"}],"about":[{"href":"https:\/\/fundaciohospitalariesmartorell.org\/entre-tots\/wp-json\/wp\/v2\/types\/post"}],"author":[{"embeddable":true,"href":"https:\/\/fundaciohospitalariesmartorell.org\/entre-tots\/wp-json\/wp\/v2\/users\/2"}],"replies":[{"embeddable":true,"href":"https:\/\/fundaciohospitalariesmartorell.org\/entre-tots\/wp-json\/wp\/v2\/comments?post=8298"}],"version-history":[{"count":4,"href":"https:\/\/fundaciohospitalariesmartorell.org\/entre-tots\/wp-json\/wp\/v2\/posts\/8298\/revisions"}],"predecessor-version":[{"id":8512,"href":"https:\/\/fundaciohospitalariesmartorell.org\/entre-tots\/wp-json\/wp\/v2\/posts\/8298\/revisions\/8512"}],"wp:featuredmedia":[{"embeddable":true,"href":"https:\/\/fundaciohospitalariesmartorell.org\/entre-tots\/wp-json\/wp\/v2\/media\/8301"}],"wp:attachment":[{"href":"https:\/\/fundaciohospitalariesmartorell.org\/entre-tots\/wp-json\/wp\/v2\/media?parent=8298"}],"wp:term":[{"taxonomy":"category","embeddable":true,"href":"https:\/\/fundaciohospitalariesmartorell.org\/entre-tots\/wp-json\/wp\/v2\/categories?post=8298"},{"taxonomy":"post_tag","embeddable":true,"href":"https:\/\/fundaciohospitalariesmartorell.org\/entre-tots\/wp-json\/wp\/v2\/tags?post=8298"}],"curies":[{"name":"wp","href":"https:\/\/api.w.org\/{rel}","templated":true}]}}