{"id":8303,"date":"2024-03-27T00:19:02","date_gmt":"2024-03-26T22:19:02","guid":{"rendered":"https:\/\/hospitalsagratcormartorell.org\/entre-tots\/?p=8303"},"modified":"2024-03-28T11:21:08","modified_gmt":"2024-03-28T09:21:08","slug":"rebem-la-visita-de-representants-institucionals-de-lajuntament-dabrera","status":"publish","type":"post","link":"https:\/\/fundaciohospitalariesmartorell.org\/entre-tots\/2024\/03\/rebem-la-visita-de-representants-institucionals-de-lajuntament-dabrera\/","title":{"rendered":"Rebem la visita de representants institucionals de l\u2019Ajuntament d\u2019Abrera"},"content":{"rendered":"<figure class=\"wp-block-post-featured-image\"><img loading=\"lazy\" decoding=\"async\" width=\"1200\" height=\"900\" src=\"https:\/\/fundaciohospitalariesmartorell.org\/entre-tots\/wp-content\/uploads\/2024\/03\/image-2024-03-01-at-153240-1.jpeg\" class=\"attachment-post-thumbnail size-post-thumbnail wp-post-image\" alt=\"\" style=\"object-fit:cover;\" srcset=\"https:\/\/fundaciohospitalariesmartorell.org\/entre-tots\/wp-content\/uploads\/2024\/03\/image-2024-03-01-at-153240-1.jpeg 1200w, https:\/\/fundaciohospitalariesmartorell.org\/entre-tots\/wp-content\/uploads\/2024\/03\/image-2024-03-01-at-153240-1-300x225.jpeg 300w, https:\/\/fundaciohospitalariesmartorell.org\/entre-tots\/wp-content\/uploads\/2024\/03\/image-2024-03-01-at-153240-1-1024x768.jpeg 1024w, https:\/\/fundaciohospitalariesmartorell.org\/entre-tots\/wp-content\/uploads\/2024\/03\/image-2024-03-01-at-153240-1-768x576.jpeg 768w\" sizes=\"auto, (max-width: 1200px) 100vw, 1200px\" \/><\/figure>\n\n\n<p>L\u20191 de mar\u00e7, l\u2019alcalde d\u2019Abrera, Jes\u00fas Naharro, juntament amb la regidora d\u2019Acci\u00f3 Social i Drets de la Ciutadania, Giuilia Mirto, el regidor de Salut P\u00fablica, Jos\u00e9 Antonio Zafra, i la coordinadora de l\u2019\u00c0rea de Serveis a les Persones de l\u2019Ajuntament, S\u00edlvia Ros, van visitar l\u2019Hospital Sagrat Cor. El doctor Jes\u00fas Ezquerra, director gerent, i el doctor Carles Franquelo, director m\u00e8dic, van ser els encarregats de rebre\u2019ls. Aquesta va ser la primera vegada que va tenir lloc una trobada entre l\u2019Hospital i representants institucionals d\u2019aquest ajuntament.<\/p>\n\n\n\n<p>L\u2019objectiu va ser establir sinergies entre ambdues entitats i millorar la col\u00b7laboraci\u00f3, essencialment en relaci\u00f3 amb les altes al Centre i la coordinaci\u00f3 per poder activar el Servei d\u2019Atenci\u00f3 Domicili\u00e0ria una vegada les persones ateses s\u00f3n a casa seva. I \u00e9s que l\u2019Hospital Sagrat Cor no deixa de ser el centre de refer\u00e8ncia en salut mental i atenci\u00f3 interm\u00e8dia per a la poblaci\u00f3 d\u2019Abrera. Aix\u00ed, doncs, des d\u2019aquest ajuntament van mostrar inter\u00e8s per veure com es gestiona el nostre Hospital i com treballa el personal col\u00b7laborador, a m\u00e9s de con\u00e8ixer el projecte d\u2019ampliaci\u00f3 assistencial que tenim.<\/p>\n","protected":false},"excerpt":{"rendered":"<p>L\u20191 de mar\u00e7, l\u2019alcalde d\u2019Abrera, Jes\u00fas Naharro, juntament amb la regidora d\u2019Acci\u00f3 Social i Drets de la Ciutadania, Giuilia Mirto, el regidor de Salut P\u00fablica, Jos\u00e9 Antonio Zafra, i la coordinadora de l\u2019\u00c0rea de Serveis a les Persones de l\u2019Ajuntament, S\u00edlvia Ros, van visitar l\u2019Hospital Sagrat Cor. El doctor Jes\u00fas Ezquerra, director gerent, i el [&hellip;]<\/p>\n","protected":false},"author":2,"featured_media":8305,"comment_status":"closed","ping_status":"closed","sticky":false,"template":"","format":"standard","meta":{"footnotes":""},"categories":[27],"tags":[],"class_list":["post-8303","post","type-post","status-publish","format-standard","has-post-thumbnail","hentry","category-actualitat"],"blocksy_meta":{"styles_descriptor":{"styles":{"desktop":"","tablet":"","mobile":""},"google_fonts":[],"version":6}},"featured_image_urls_v2":{"full":["https:\/\/fundaciohospitalariesmartorell.org\/entre-tots\/wp-content\/uploads\/2024\/03\/image-2024-03-01-at-153240-1.jpeg",1200,900,false],"thumbnail":["https:\/\/fundaciohospitalariesmartorell.org\/entre-tots\/wp-content\/uploads\/2024\/03\/image-2024-03-01-at-153240-1-150x150.jpeg",150,150,true],"medium":["https:\/\/fundaciohospitalariesmartorell.org\/entre-tots\/wp-content\/uploads\/2024\/03\/image-2024-03-01-at-153240-1-300x225.jpeg",300,225,true],"medium_large":["https:\/\/fundaciohospitalariesmartorell.org\/entre-tots\/wp-content\/uploads\/2024\/03\/image-2024-03-01-at-153240-1-768x576.jpeg",768,576,true],"large":["https:\/\/fundaciohospitalariesmartorell.org\/entre-tots\/wp-content\/uploads\/2024\/03\/image-2024-03-01-at-153240-1-1024x768.jpeg",1024,768,true],"1536x1536":["https:\/\/fundaciohospitalariesmartorell.org\/entre-tots\/wp-content\/uploads\/2024\/03\/image-2024-03-01-at-153240-1.jpeg",1200,900,false],"2048x2048":["https:\/\/fundaciohospitalariesmartorell.org\/entre-tots\/wp-content\/uploads\/2024\/03\/image-2024-03-01-at-153240-1.jpeg",1200,900,false],"mailpoet_newsletter_max":["https:\/\/fundaciohospitalariesmartorell.org\/entre-tots\/wp-content\/uploads\/2024\/03\/image-2024-03-01-at-153240-1.jpeg",1200,900,false]},"post_excerpt_stackable_v2":"<p>L\u20191 de mar\u00e7, l\u2019alcalde d\u2019Abrera, Jes\u00fas Naharro, juntament amb la regidora d\u2019Acci\u00f3 Social i Drets de la Ciutadania, Giuilia Mirto, el regidor de Salut P\u00fablica, Jos\u00e9 Antonio Zafra, i la coordinadora de l\u2019\u00c0rea de Serveis a les Persones de l\u2019Ajuntament, S\u00edlvia Ros, van visitar l\u2019Hospital Sagrat Cor. El doctor Jes\u00fas Ezquerra, director gerent, i el doctor Carles Franquelo, director m\u00e8dic, van ser els encarregats de rebre\u2019ls. Aquesta va ser la primera vegada que va tenir lloc una trobada entre l\u2019Hospital i representants institucionals d\u2019aquest ajuntament. L\u2019objectiu va ser establir sinergies entre ambdues entitats i millorar la col\u00b7laboraci\u00f3, essencialment en relaci\u00f3&hellip;<\/p>\n","category_list_v2":"<a href=\"https:\/\/fundaciohospitalariesmartorell.org\/entre-tots\/category\/actualitat\/\" rel=\"category tag\">ACTUALITAT<\/a>","author_info_v2":{"name":"Sagrat Cor","url":"https:\/\/fundaciohospitalariesmartorell.org\/entre-tots\/author\/daniel\/"},"comments_num_v2":"0 comments","_links":{"self":[{"href":"https:\/\/fundaciohospitalariesmartorell.org\/entre-tots\/wp-json\/wp\/v2\/posts\/8303","targetHints":{"allow":["GET"]}}],"collection":[{"href":"https:\/\/fundaciohospitalariesmartorell.org\/entre-tots\/wp-json\/wp\/v2\/posts"}],"about":[{"href":"https:\/\/fundaciohospitalariesmartorell.org\/entre-tots\/wp-json\/wp\/v2\/types\/post"}],"author":[{"embeddable":true,"href":"https:\/\/fundaciohospitalariesmartorell.org\/entre-tots\/wp-json\/wp\/v2\/users\/2"}],"replies":[{"embeddable":true,"href":"https:\/\/fundaciohospitalariesmartorell.org\/entre-tots\/wp-json\/wp\/v2\/comments?post=8303"}],"version-history":[{"count":3,"href":"https:\/\/fundaciohospitalariesmartorell.org\/entre-tots\/wp-json\/wp\/v2\/posts\/8303\/revisions"}],"predecessor-version":[{"id":8450,"href":"https:\/\/fundaciohospitalariesmartorell.org\/entre-tots\/wp-json\/wp\/v2\/posts\/8303\/revisions\/8450"}],"wp:featuredmedia":[{"embeddable":true,"href":"https:\/\/fundaciohospitalariesmartorell.org\/entre-tots\/wp-json\/wp\/v2\/media\/8305"}],"wp:attachment":[{"href":"https:\/\/fundaciohospitalariesmartorell.org\/entre-tots\/wp-json\/wp\/v2\/media?parent=8303"}],"wp:term":[{"taxonomy":"category","embeddable":true,"href":"https:\/\/fundaciohospitalariesmartorell.org\/entre-tots\/wp-json\/wp\/v2\/categories?post=8303"},{"taxonomy":"post_tag","embeddable":true,"href":"https:\/\/fundaciohospitalariesmartorell.org\/entre-tots\/wp-json\/wp\/v2\/tags?post=8303"}],"curies":[{"name":"wp","href":"https:\/\/api.w.org\/{rel}","templated":true}]}}