{"id":8307,"date":"2024-03-27T00:23:36","date_gmt":"2024-03-26T22:23:36","guid":{"rendered":"https:\/\/hospitalsagratcormartorell.org\/entre-tots\/?p=8307"},"modified":"2024-03-28T11:52:24","modified_gmt":"2024-03-28T09:52:24","slug":"actualitzem-els-preus-de-recarrega-de-vehicles-electrics-a-lhospital","status":"publish","type":"post","link":"https:\/\/fundaciohospitalariesmartorell.org\/entre-tots\/2024\/03\/actualitzem-els-preus-de-recarrega-de-vehicles-electrics-a-lhospital\/","title":{"rendered":"Actualitzem els preus de rec\u00e0rrega de vehicles el\u00e8ctrics a l\u2019Hospital"},"content":{"rendered":"<figure class=\"wp-block-post-featured-image\"><img loading=\"lazy\" decoding=\"async\" width=\"740\" height=\"693\" src=\"https:\/\/fundaciohospitalariesmartorell.org\/entre-tots\/wp-content\/uploads\/2024\/03\/Captura-de-Pantalla-2024-03-26-a-les-23.21.43.jpg\" class=\"attachment-post-thumbnail size-post-thumbnail wp-post-image\" alt=\"\" style=\"object-fit:cover;\" srcset=\"https:\/\/fundaciohospitalariesmartorell.org\/entre-tots\/wp-content\/uploads\/2024\/03\/Captura-de-Pantalla-2024-03-26-a-les-23.21.43.jpg 740w, https:\/\/fundaciohospitalariesmartorell.org\/entre-tots\/wp-content\/uploads\/2024\/03\/Captura-de-Pantalla-2024-03-26-a-les-23.21.43-300x281.jpg 300w\" sizes=\"auto, (max-width: 740px) 100vw, 740px\" \/><\/figure>\n\n\n<p>El mes de mar\u00e7 s\u2019han actualitzat els preus de rec\u00e0rrega de vehicles el\u00e8ctrics pel personal col\u00b7laborador, que funcionan amb un QR espec\u00edfic que trobareu <a href=\"https:\/\/hospitalsagratcormartorell.org\/entre-tots\/wp-content\/uploads\/2024\/03\/Captura-de-Pantalla-2024-03-26-a-les-23.21.43.jpg\" data-type=\"link\" data-id=\"https:\/\/hospitalsagratcormartorell.org\/entre-tots\/wp-content\/uploads\/2024\/03\/Captura-de-Pantalla-2024-03-26-a-les-23.21.43.jpg\" target=\"_blank\" rel=\"noreferrer noopener\">aqu\u00ed<\/a>. El preu \u00e9s de 0,25 euros\/kWH, mentre que la tarifa general \u00e9s de 0,35 euros\/kWh. En tots dos casos, a partir de les 5 hores, ser\u00e0 de 3,93 euros\/hora.<\/p>\n\n\n\n<figure class=\"wp-block-gallery has-nested-images columns-default is-cropped wp-block-gallery-1 is-layout-flex wp-block-gallery-is-layout-flex\">\n<figure data-wp-context=\"{&quot;imageId&quot;:&quot;69f23f598a285&quot;}\" data-wp-interactive=\"core\/image\" data-wp-key=\"69f23f598a285\" class=\"wp-block-image size-large wp-lightbox-container\"><img loading=\"lazy\" decoding=\"async\" width=\"989\" height=\"702\" data-wp-class--hide=\"state.isContentHidden\" data-wp-class--show=\"state.isContentVisible\" data-wp-init=\"callbacks.setButtonStyles\" data-wp-on--click=\"actions.showLightbox\" data-wp-on--load=\"callbacks.setButtonStyles\" data-wp-on-window--resize=\"callbacks.setButtonStyles\" data-id=\"8311\" src=\"https:\/\/hospitalsagratcormartorell.org\/entre-tots\/wp-content\/uploads\/2024\/03\/Captura-de-Pantalla-2024-03-26-a-les-23.21.23.jpg\" alt=\"\" class=\"wp-image-8311\" srcset=\"https:\/\/fundaciohospitalariesmartorell.org\/entre-tots\/wp-content\/uploads\/2024\/03\/Captura-de-Pantalla-2024-03-26-a-les-23.21.23.jpg 989w, https:\/\/fundaciohospitalariesmartorell.org\/entre-tots\/wp-content\/uploads\/2024\/03\/Captura-de-Pantalla-2024-03-26-a-les-23.21.23-300x213.jpg 300w, https:\/\/fundaciohospitalariesmartorell.org\/entre-tots\/wp-content\/uploads\/2024\/03\/Captura-de-Pantalla-2024-03-26-a-les-23.21.23-768x545.jpg 768w\" sizes=\"auto, (max-width: 989px) 100vw, 989px\" \/><button\n\t\t\tclass=\"lightbox-trigger\"\n\t\t\ttype=\"button\"\n\t\t\taria-haspopup=\"dialog\"\n\t\t\taria-label=\"Amplia\"\n\t\t\tdata-wp-init=\"callbacks.initTriggerButton\"\n\t\t\tdata-wp-on--click=\"actions.showLightbox\"\n\t\t\tdata-wp-style--right=\"state.imageButtonRight\"\n\t\t\tdata-wp-style--top=\"state.imageButtonTop\"\n\t\t>\n\t\t\t<svg xmlns=\"http:\/\/www.w3.org\/2000\/svg\" width=\"12\" height=\"12\" fill=\"none\" viewBox=\"0 0 12 12\">\n\t\t\t\t<path fill=\"#fff\" d=\"M2 0a2 2 0 0 0-2 2v2h1.5V2a.5.5 0 0 1 .5-.5h2V0H2Zm2 10.5H2a.5.5 0 0 1-.5-.5V8H0v2a2 2 0 0 0 2 2h2v-1.5ZM8 12v-1.5h2a.5.5 0 0 0 .5-.5V8H12v2a2 2 0 0 1-2 2H8Zm2-12a2 2 0 0 1 2 2v2h-1.5V2a.5.5 0 0 0-.5-.5H8V0h2Z\" \/>\n\t\t\t<\/svg>\n\t\t<\/button><\/figure>\n\n\n\n<figure data-wp-context=\"{&quot;imageId&quot;:&quot;69f23f598a657&quot;}\" data-wp-interactive=\"core\/image\" data-wp-key=\"69f23f598a657\" class=\"wp-block-image size-large wp-lightbox-container\"><img loading=\"lazy\" decoding=\"async\" width=\"985\" height=\"705\" data-wp-class--hide=\"state.isContentHidden\" data-wp-class--show=\"state.isContentVisible\" data-wp-init=\"callbacks.setButtonStyles\" data-wp-on--click=\"actions.showLightbox\" data-wp-on--load=\"callbacks.setButtonStyles\" data-wp-on-window--resize=\"callbacks.setButtonStyles\" data-id=\"8309\" src=\"https:\/\/hospitalsagratcormartorell.org\/entre-tots\/wp-content\/uploads\/2024\/03\/Captura-de-Pantalla-2024-03-26-a-les-23.21.11.jpg\" alt=\"\" class=\"wp-image-8309\" srcset=\"https:\/\/fundaciohospitalariesmartorell.org\/entre-tots\/wp-content\/uploads\/2024\/03\/Captura-de-Pantalla-2024-03-26-a-les-23.21.11.jpg 985w, https:\/\/fundaciohospitalariesmartorell.org\/entre-tots\/wp-content\/uploads\/2024\/03\/Captura-de-Pantalla-2024-03-26-a-les-23.21.11-300x215.jpg 300w, https:\/\/fundaciohospitalariesmartorell.org\/entre-tots\/wp-content\/uploads\/2024\/03\/Captura-de-Pantalla-2024-03-26-a-les-23.21.11-768x550.jpg 768w\" sizes=\"auto, (max-width: 985px) 100vw, 985px\" \/><button\n\t\t\tclass=\"lightbox-trigger\"\n\t\t\ttype=\"button\"\n\t\t\taria-haspopup=\"dialog\"\n\t\t\taria-label=\"Amplia\"\n\t\t\tdata-wp-init=\"callbacks.initTriggerButton\"\n\t\t\tdata-wp-on--click=\"actions.showLightbox\"\n\t\t\tdata-wp-style--right=\"state.imageButtonRight\"\n\t\t\tdata-wp-style--top=\"state.imageButtonTop\"\n\t\t>\n\t\t\t<svg xmlns=\"http:\/\/www.w3.org\/2000\/svg\" width=\"12\" height=\"12\" fill=\"none\" viewBox=\"0 0 12 12\">\n\t\t\t\t<path fill=\"#fff\" d=\"M2 0a2 2 0 0 0-2 2v2h1.5V2a.5.5 0 0 1 .5-.5h2V0H2Zm2 10.5H2a.5.5 0 0 1-.5-.5V8H0v2a2 2 0 0 0 2 2h2v-1.5ZM8 12v-1.5h2a.5.5 0 0 0 .5-.5V8H12v2a2 2 0 0 1-2 2H8Zm2-12a2 2 0 0 1 2 2v2h-1.5V2a.5.5 0 0 0-.5-.5H8V0h2Z\" \/>\n\t\t\t<\/svg>\n\t\t<\/button><\/figure>\n<\/figure>\n\n\n\n<p>Aix\u00ed mateix, a fi de recordar la import\u00e0ncia d&#8217;aparcar els vehicles de manera responsable i respectuosa amb les altres persones usu\u00e0ries de les instal\u00b7lacions de l&#8217;Hospital, tant personal col\u00b7laborador com persones ateses i els seus familiars i acompanyants, s\u2019han instal\u00b7lat uns senyals contra l&#8217;incivisme en punts del recinte hospitalari on es troben places reservades per a rec\u00e0rrega de vehicles el\u00e8ctrics i per a persones amb mobilitat redu\u00efda, entre d\u2019altres.<\/p>\n","protected":false},"excerpt":{"rendered":"<p>El mes de mar\u00e7 s\u2019han actualitzat els preus de rec\u00e0rrega de vehicles el\u00e8ctrics pel personal col\u00b7laborador, que funcionan amb un QR espec\u00edfic que trobareu aqu\u00ed. El preu \u00e9s de 0,25 euros\/kWH, mentre que la tarifa general \u00e9s de 0,35 euros\/kWh. En tots dos casos, a partir de les 5 hores, ser\u00e0 de 3,93 euros\/hora. Aix\u00ed [&hellip;]<\/p>\n","protected":false},"author":2,"featured_media":8310,"comment_status":"closed","ping_status":"closed","sticky":false,"template":"","format":"standard","meta":{"footnotes":""},"categories":[27],"tags":[],"class_list":["post-8307","post","type-post","status-publish","format-standard","has-post-thumbnail","hentry","category-actualitat"],"blocksy_meta":{"styles_descriptor":{"styles":{"desktop":"","tablet":"","mobile":""},"google_fonts":[],"version":6}},"featured_image_urls_v2":{"full":["https:\/\/fundaciohospitalariesmartorell.org\/entre-tots\/wp-content\/uploads\/2024\/03\/Captura-de-Pantalla-2024-03-26-a-les-23.21.43.jpg",740,693,false],"thumbnail":["https:\/\/fundaciohospitalariesmartorell.org\/entre-tots\/wp-content\/uploads\/2024\/03\/Captura-de-Pantalla-2024-03-26-a-les-23.21.43-150x150.jpg",150,150,true],"medium":["https:\/\/fundaciohospitalariesmartorell.org\/entre-tots\/wp-content\/uploads\/2024\/03\/Captura-de-Pantalla-2024-03-26-a-les-23.21.43-300x281.jpg",300,281,true],"medium_large":["https:\/\/fundaciohospitalariesmartorell.org\/entre-tots\/wp-content\/uploads\/2024\/03\/Captura-de-Pantalla-2024-03-26-a-les-23.21.43.jpg",740,693,false],"large":["https:\/\/fundaciohospitalariesmartorell.org\/entre-tots\/wp-content\/uploads\/2024\/03\/Captura-de-Pantalla-2024-03-26-a-les-23.21.43.jpg",740,693,false],"1536x1536":["https:\/\/fundaciohospitalariesmartorell.org\/entre-tots\/wp-content\/uploads\/2024\/03\/Captura-de-Pantalla-2024-03-26-a-les-23.21.43.jpg",740,693,false],"2048x2048":["https:\/\/fundaciohospitalariesmartorell.org\/entre-tots\/wp-content\/uploads\/2024\/03\/Captura-de-Pantalla-2024-03-26-a-les-23.21.43.jpg",740,693,false],"mailpoet_newsletter_max":["https:\/\/fundaciohospitalariesmartorell.org\/entre-tots\/wp-content\/uploads\/2024\/03\/Captura-de-Pantalla-2024-03-26-a-les-23.21.43.jpg",740,693,false]},"post_excerpt_stackable_v2":"<p>El mes de mar\u00e7 s\u2019han actualitzat els preus de rec\u00e0rrega de vehicles el\u00e8ctrics pel personal col\u00b7laborador, que funcionan amb un QR espec\u00edfic que trobareu aqu\u00ed. El preu \u00e9s de 0,25 euros\/kWH, mentre que la tarifa general \u00e9s de 0,35 euros\/kWh. En tots dos casos, a partir de les 5 hores, ser\u00e0 de 3,93 euros\/hora. Aix\u00ed mateix, a fi de recordar la import\u00e0ncia d&#8217;aparcar els vehicles de manera responsable i respectuosa amb les altres persones usu\u00e0ries de les instal\u00b7lacions de l&#8217;Hospital, tant personal col\u00b7laborador com persones ateses i els seus familiars i acompanyants, s\u2019han instal\u00b7lat uns senyals contra l&#8217;incivisme en punts&hellip;<\/p>\n","category_list_v2":"<a href=\"https:\/\/fundaciohospitalariesmartorell.org\/entre-tots\/category\/actualitat\/\" rel=\"category tag\">ACTUALITAT<\/a>","author_info_v2":{"name":"Sagrat Cor","url":"https:\/\/fundaciohospitalariesmartorell.org\/entre-tots\/author\/daniel\/"},"comments_num_v2":"0 comments","_links":{"self":[{"href":"https:\/\/fundaciohospitalariesmartorell.org\/entre-tots\/wp-json\/wp\/v2\/posts\/8307","targetHints":{"allow":["GET"]}}],"collection":[{"href":"https:\/\/fundaciohospitalariesmartorell.org\/entre-tots\/wp-json\/wp\/v2\/posts"}],"about":[{"href":"https:\/\/fundaciohospitalariesmartorell.org\/entre-tots\/wp-json\/wp\/v2\/types\/post"}],"author":[{"embeddable":true,"href":"https:\/\/fundaciohospitalariesmartorell.org\/entre-tots\/wp-json\/wp\/v2\/users\/2"}],"replies":[{"embeddable":true,"href":"https:\/\/fundaciohospitalariesmartorell.org\/entre-tots\/wp-json\/wp\/v2\/comments?post=8307"}],"version-history":[{"count":3,"href":"https:\/\/fundaciohospitalariesmartorell.org\/entre-tots\/wp-json\/wp\/v2\/posts\/8307\/revisions"}],"predecessor-version":[{"id":8467,"href":"https:\/\/fundaciohospitalariesmartorell.org\/entre-tots\/wp-json\/wp\/v2\/posts\/8307\/revisions\/8467"}],"wp:featuredmedia":[{"embeddable":true,"href":"https:\/\/fundaciohospitalariesmartorell.org\/entre-tots\/wp-json\/wp\/v2\/media\/8310"}],"wp:attachment":[{"href":"https:\/\/fundaciohospitalariesmartorell.org\/entre-tots\/wp-json\/wp\/v2\/media?parent=8307"}],"wp:term":[{"taxonomy":"category","embeddable":true,"href":"https:\/\/fundaciohospitalariesmartorell.org\/entre-tots\/wp-json\/wp\/v2\/categories?post=8307"},{"taxonomy":"post_tag","embeddable":true,"href":"https:\/\/fundaciohospitalariesmartorell.org\/entre-tots\/wp-json\/wp\/v2\/tags?post=8307"}],"curies":[{"name":"wp","href":"https:\/\/api.w.org\/{rel}","templated":true}]}}