{"id":8313,"date":"2024-03-27T00:28:41","date_gmt":"2024-03-26T22:28:41","guid":{"rendered":"https:\/\/hospitalsagratcormartorell.org\/entre-tots\/?p=8313"},"modified":"2024-03-28T11:20:37","modified_gmt":"2024-03-28T09:20:37","slug":"pilar-herrero-participa-en-una-xerrada-sobre-lideratges-diversos-amb-motiu-del-8-m","status":"publish","type":"post","link":"https:\/\/fundaciohospitalariesmartorell.org\/entre-tots\/2024\/03\/pilar-herrero-participa-en-una-xerrada-sobre-lideratges-diversos-amb-motiu-del-8-m\/","title":{"rendered":"Pilar Herrero participa en una xerrada sobre lideratges diversos amb motiu del 8-M"},"content":{"rendered":"<figure class=\"wp-block-post-featured-image\"><img loading=\"lazy\" decoding=\"async\" width=\"1920\" height=\"1080\" src=\"https:\/\/fundaciohospitalariesmartorell.org\/entre-tots\/wp-content\/uploads\/2024\/03\/Dia-Internacional-de-la-Mujer.jpg\" class=\"attachment-post-thumbnail size-post-thumbnail wp-post-image\" alt=\"\" style=\"object-fit:cover;\" srcset=\"https:\/\/fundaciohospitalariesmartorell.org\/entre-tots\/wp-content\/uploads\/2024\/03\/Dia-Internacional-de-la-Mujer.jpg 1920w, https:\/\/fundaciohospitalariesmartorell.org\/entre-tots\/wp-content\/uploads\/2024\/03\/Dia-Internacional-de-la-Mujer-300x169.jpg 300w, https:\/\/fundaciohospitalariesmartorell.org\/entre-tots\/wp-content\/uploads\/2024\/03\/Dia-Internacional-de-la-Mujer-1024x576.jpg 1024w, https:\/\/fundaciohospitalariesmartorell.org\/entre-tots\/wp-content\/uploads\/2024\/03\/Dia-Internacional-de-la-Mujer-768x432.jpg 768w, https:\/\/fundaciohospitalariesmartorell.org\/entre-tots\/wp-content\/uploads\/2024\/03\/Dia-Internacional-de-la-Mujer-1536x864.jpg 1536w, https:\/\/fundaciohospitalariesmartorell.org\/entre-tots\/wp-content\/uploads\/2024\/03\/Dia-Internacional-de-la-Mujer-1320x743.jpg 1320w\" sizes=\"auto, (max-width: 1920px) 100vw, 1920px\" \/><\/figure>\n\n\n<p>El dia 8 de mar\u00e7, Dia Internacional de les Dones, Germanes Hospital\u00e0ries Prov\u00edncia d\u2019Espanya va organitzar el col\u00b7loqui virtual <em>Lideratges diversos<\/em>, en qu\u00e8 va participar Pilar Herrero, directora d\u2019Infermeria de l\u2019Hospital Sagrat Cor, juntament amb Marta Garc\u00eda-Valenzuela, s\u00f2cia de la consultora Talengo, firma referent en gesti\u00f3 estrat\u00e8gica de la diversitat, consultoria de lideratge i assessorament a consells.<\/p>\n\n\n\n<p>Durant la xerrada, es va destacar la necessitat d\u2019invertir en les dones com un factor necessari per poder accelerar el proc\u00e9s i Pilar Herrero va ressaltar la necessitat de tirar endavant noves formes de lideratge que ajudin a continuar progressant en el m\u00f3n de les cures. \u201cAix\u00f2 al final tamb\u00e9 es tradueix en millorar l\u2019atenci\u00f3 de les persones m\u00e9s vulnerables, i per aquest motiu \u00e9s important reflexionar sobre el lideratge\u201d, va assenyalar.<\/p>\n\n\n\n<p>Per a la directora d\u2019Infermeria del nostre Hospital, el lideratge s\u2019ha de fonamentar en tres pilars: honestedat, generositat i senzillesa. D\u2019aquesta manera, Herrero va subratllar la rellev\u00e0ncia de ser honestos tant amb nosaltres mateixos com amb les altres persones, un punt imprescindible per poder liderar equips. Tamb\u00e9, com cal con\u00e8ixer les persones que formen aquests equips i saber entendre les seves necessitats per poder potenciar-ne el creixement.&nbsp;<\/p>\n\n\n\n<p>Aix\u00ed mateix, va ressaltar com en l\u2019\u00e0mbit assistencial \u00e9s crucial per a un bon lideratge tenir la capacitat de poder gestionar de manera adequada les emocions de les persones que formen els equips, i va assenyalar que no sempre \u00e9s possible establir normes de control total.&nbsp;<\/p>\n\n\n\n<p>Per la seva banda, Marta Garc\u00eda-Valenzuela va voler recalcar la necessitat de cuidar de nosaltres mateixos per poder cuidar els altres, cosa que no sempre es t\u00e9 en compte, i va posar l\u2019accent en la import\u00e0ncia de fomentar l\u2019ajuda i col\u00b7laboraci\u00f3 entre les dones. Tamb\u00e9 va remarcar el fet de poder comptar amb els homes com a aliats en la lluita per la igualtat. Aix\u00ed, doncs, la consultora va apel\u00b7lar per liderar el moviment de forma conjunta per poder avan\u00e7ar.<\/p>\n","protected":false},"excerpt":{"rendered":"<p>El dia 8 de mar\u00e7, Dia Internacional de les Dones, Germanes Hospital\u00e0ries Prov\u00edncia d\u2019Espanya va organitzar el col\u00b7loqui virtual Lideratges diversos, en qu\u00e8 va participar Pilar Herrero, directora d\u2019Infermeria de l\u2019Hospital Sagrat Cor, juntament amb Marta Garc\u00eda-Valenzuela, s\u00f2cia de la consultora Talengo, firma referent en gesti\u00f3 estrat\u00e8gica de la diversitat, consultoria de lideratge i assessorament [&hellip;]<\/p>\n","protected":false},"author":2,"featured_media":8315,"comment_status":"closed","ping_status":"closed","sticky":false,"template":"","format":"standard","meta":{"footnotes":""},"categories":[27],"tags":[],"class_list":["post-8313","post","type-post","status-publish","format-standard","has-post-thumbnail","hentry","category-actualitat"],"blocksy_meta":{"styles_descriptor":{"styles":{"desktop":"","tablet":"","mobile":""},"google_fonts":[],"version":6}},"featured_image_urls_v2":{"full":["https:\/\/fundaciohospitalariesmartorell.org\/entre-tots\/wp-content\/uploads\/2024\/03\/Dia-Internacional-de-la-Mujer.jpg",1920,1080,false],"thumbnail":["https:\/\/fundaciohospitalariesmartorell.org\/entre-tots\/wp-content\/uploads\/2024\/03\/Dia-Internacional-de-la-Mujer-150x150.jpg",150,150,true],"medium":["https:\/\/fundaciohospitalariesmartorell.org\/entre-tots\/wp-content\/uploads\/2024\/03\/Dia-Internacional-de-la-Mujer-300x169.jpg",300,169,true],"medium_large":["https:\/\/fundaciohospitalariesmartorell.org\/entre-tots\/wp-content\/uploads\/2024\/03\/Dia-Internacional-de-la-Mujer-768x432.jpg",768,432,true],"large":["https:\/\/fundaciohospitalariesmartorell.org\/entre-tots\/wp-content\/uploads\/2024\/03\/Dia-Internacional-de-la-Mujer-1024x576.jpg",1024,576,true],"1536x1536":["https:\/\/fundaciohospitalariesmartorell.org\/entre-tots\/wp-content\/uploads\/2024\/03\/Dia-Internacional-de-la-Mujer-1536x864.jpg",1536,864,true],"2048x2048":["https:\/\/fundaciohospitalariesmartorell.org\/entre-tots\/wp-content\/uploads\/2024\/03\/Dia-Internacional-de-la-Mujer.jpg",1920,1080,false],"mailpoet_newsletter_max":["https:\/\/fundaciohospitalariesmartorell.org\/entre-tots\/wp-content\/uploads\/2024\/03\/Dia-Internacional-de-la-Mujer-1320x743.jpg",1320,743,true]},"post_excerpt_stackable_v2":"<p>El dia 8 de mar\u00e7, Dia Internacional de les Dones, Germanes Hospital\u00e0ries Prov\u00edncia d\u2019Espanya va organitzar el col\u00b7loqui virtual Lideratges diversos, en qu\u00e8 va participar Pilar Herrero, directora d\u2019Infermeria de l\u2019Hospital Sagrat Cor, juntament amb Marta Garc\u00eda-Valenzuela, s\u00f2cia de la consultora Talengo, firma referent en gesti\u00f3 estrat\u00e8gica de la diversitat, consultoria de lideratge i assessorament a consells. Durant la xerrada, es va destacar la necessitat d\u2019invertir en les dones com un factor necessari per poder accelerar el proc\u00e9s i Pilar Herrero va ressaltar la necessitat de tirar endavant noves formes de lideratge que ajudin a continuar progressant en el m\u00f3n&hellip;<\/p>\n","category_list_v2":"<a href=\"https:\/\/fundaciohospitalariesmartorell.org\/entre-tots\/category\/actualitat\/\" rel=\"category tag\">ACTUALITAT<\/a>","author_info_v2":{"name":"Sagrat Cor","url":"https:\/\/fundaciohospitalariesmartorell.org\/entre-tots\/author\/daniel\/"},"comments_num_v2":"0 comments","_links":{"self":[{"href":"https:\/\/fundaciohospitalariesmartorell.org\/entre-tots\/wp-json\/wp\/v2\/posts\/8313","targetHints":{"allow":["GET"]}}],"collection":[{"href":"https:\/\/fundaciohospitalariesmartorell.org\/entre-tots\/wp-json\/wp\/v2\/posts"}],"about":[{"href":"https:\/\/fundaciohospitalariesmartorell.org\/entre-tots\/wp-json\/wp\/v2\/types\/post"}],"author":[{"embeddable":true,"href":"https:\/\/fundaciohospitalariesmartorell.org\/entre-tots\/wp-json\/wp\/v2\/users\/2"}],"replies":[{"embeddable":true,"href":"https:\/\/fundaciohospitalariesmartorell.org\/entre-tots\/wp-json\/wp\/v2\/comments?post=8313"}],"version-history":[{"count":3,"href":"https:\/\/fundaciohospitalariesmartorell.org\/entre-tots\/wp-json\/wp\/v2\/posts\/8313\/revisions"}],"predecessor-version":[{"id":8449,"href":"https:\/\/fundaciohospitalariesmartorell.org\/entre-tots\/wp-json\/wp\/v2\/posts\/8313\/revisions\/8449"}],"wp:featuredmedia":[{"embeddable":true,"href":"https:\/\/fundaciohospitalariesmartorell.org\/entre-tots\/wp-json\/wp\/v2\/media\/8315"}],"wp:attachment":[{"href":"https:\/\/fundaciohospitalariesmartorell.org\/entre-tots\/wp-json\/wp\/v2\/media?parent=8313"}],"wp:term":[{"taxonomy":"category","embeddable":true,"href":"https:\/\/fundaciohospitalariesmartorell.org\/entre-tots\/wp-json\/wp\/v2\/categories?post=8313"},{"taxonomy":"post_tag","embeddable":true,"href":"https:\/\/fundaciohospitalariesmartorell.org\/entre-tots\/wp-json\/wp\/v2\/tags?post=8313"}],"curies":[{"name":"wp","href":"https:\/\/api.w.org\/{rel}","templated":true}]}}