{"id":8333,"date":"2024-03-27T00:52:12","date_gmt":"2024-03-26T22:52:12","guid":{"rendered":"https:\/\/hospitalsagratcormartorell.org\/entre-tots\/?p=8333"},"modified":"2024-03-28T11:07:46","modified_gmt":"2024-03-28T09:07:46","slug":"gran-exit-del-xvii-curs-dactualitzacio-en-psicogeriatria","status":"publish","type":"post","link":"https:\/\/fundaciohospitalariesmartorell.org\/entre-tots\/2024\/03\/gran-exit-del-xvii-curs-dactualitzacio-en-psicogeriatria\/","title":{"rendered":"Gran \u00e8xit del XVII Curs d\u2019Actualitzaci\u00f3 en Psicogeriatria"},"content":{"rendered":"<figure class=\"wp-block-post-featured-image\"><img loading=\"lazy\" decoding=\"async\" width=\"1807\" height=\"999\" src=\"https:\/\/fundaciohospitalariesmartorell.org\/entre-tots\/wp-content\/uploads\/2024\/03\/24_03_SAGRAT-COR_CURS-PSICOGERIATRIA_02.jpg\" class=\"attachment-post-thumbnail size-post-thumbnail wp-post-image\" alt=\"\" style=\"object-fit:cover;\" srcset=\"https:\/\/fundaciohospitalariesmartorell.org\/entre-tots\/wp-content\/uploads\/2024\/03\/24_03_SAGRAT-COR_CURS-PSICOGERIATRIA_02.jpg 1807w, https:\/\/fundaciohospitalariesmartorell.org\/entre-tots\/wp-content\/uploads\/2024\/03\/24_03_SAGRAT-COR_CURS-PSICOGERIATRIA_02-300x166.jpg 300w, https:\/\/fundaciohospitalariesmartorell.org\/entre-tots\/wp-content\/uploads\/2024\/03\/24_03_SAGRAT-COR_CURS-PSICOGERIATRIA_02-1024x566.jpg 1024w, https:\/\/fundaciohospitalariesmartorell.org\/entre-tots\/wp-content\/uploads\/2024\/03\/24_03_SAGRAT-COR_CURS-PSICOGERIATRIA_02-768x425.jpg 768w, https:\/\/fundaciohospitalariesmartorell.org\/entre-tots\/wp-content\/uploads\/2024\/03\/24_03_SAGRAT-COR_CURS-PSICOGERIATRIA_02-1536x849.jpg 1536w, https:\/\/fundaciohospitalariesmartorell.org\/entre-tots\/wp-content\/uploads\/2024\/03\/24_03_SAGRAT-COR_CURS-PSICOGERIATRIA_02-1320x730.jpg 1320w\" sizes=\"auto, (max-width: 1807px) 100vw, 1807px\" \/><\/figure>\n\n\n<p>El 8 de mar\u00e7, es va celebrar el XVII Curs d\u2019Actualitzaci\u00f3 en Psicogeriatria, organitzat per l&#8217;Hospital Sagrat Cor juntament amb la Universitat Aut\u00f2noma de Barcelona. Va reunir m\u00e9s de 1.600 professionals de tot el m\u00f3n, en la que va ser l\u2019edici\u00f3 amb m\u00e9s \u00e8xit que s\u2019ha fet fins ara. En aquesta ocasi\u00f3, els experts van reclamar la necessitat de disposar de m\u00e9s dispositius i formaci\u00f3 espec\u00edfica per tractar els s\u00edmptomes psicol\u00f2gics i conductuals de la dem\u00e8ncia, que prevalen molt i que, en alguns casos, es poden presentar fins a deu anys abans de diagnosticar la malaltia.<\/p>\n\n\n\n<p>En el marc de l\u2019esdeveniment, es va remarcar que un diagn\u00f2stic primerenc de les dem\u00e8ncies pot ajudar a prevenir complicacions importants i mantenir la qualitat de vida de les persones que les pateixen. En aquest sentit, es va explicar que els s\u00edmptomes psicol\u00f2gics i conductuals en les dem\u00e8ncies s\u00f3n presents en el 90 % dels casos. Podeu trobar m\u00e9s informaci\u00f3 d\u2019aquesta jornada <a href=\"https:\/\/hospitalsagratcormartorell.org\/els-simptomes-conductuals-de-la-demencia-es-poden-presentar-fins-a-deu-anys-abans-de-diagnosticar-la-malaltia\/\" target=\"_blank\" rel=\"noreferrer noopener\">aqu\u00ed<\/a>.<\/p>\n","protected":false},"excerpt":{"rendered":"<p>El 8 de mar\u00e7, es va celebrar el XVII Curs d\u2019Actualitzaci\u00f3 en Psicogeriatria, organitzat per l&#8217;Hospital Sagrat Cor juntament amb la Universitat Aut\u00f2noma de Barcelona. Va reunir m\u00e9s de 1.600 professionals de tot el m\u00f3n, en la que va ser l\u2019edici\u00f3 amb m\u00e9s \u00e8xit que s\u2019ha fet fins ara. En aquesta ocasi\u00f3, els experts van [&hellip;]<\/p>\n","protected":false},"author":2,"featured_media":8335,"comment_status":"closed","ping_status":"closed","sticky":false,"template":"","format":"standard","meta":{"footnotes":""},"categories":[27],"tags":[],"class_list":["post-8333","post","type-post","status-publish","format-standard","has-post-thumbnail","hentry","category-actualitat"],"blocksy_meta":{"styles_descriptor":{"styles":{"desktop":"","tablet":"","mobile":""},"google_fonts":[],"version":6}},"featured_image_urls_v2":{"full":["https:\/\/fundaciohospitalariesmartorell.org\/entre-tots\/wp-content\/uploads\/2024\/03\/24_03_SAGRAT-COR_CURS-PSICOGERIATRIA_02.jpg",1807,999,false],"thumbnail":["https:\/\/fundaciohospitalariesmartorell.org\/entre-tots\/wp-content\/uploads\/2024\/03\/24_03_SAGRAT-COR_CURS-PSICOGERIATRIA_02-150x150.jpg",150,150,true],"medium":["https:\/\/fundaciohospitalariesmartorell.org\/entre-tots\/wp-content\/uploads\/2024\/03\/24_03_SAGRAT-COR_CURS-PSICOGERIATRIA_02-300x166.jpg",300,166,true],"medium_large":["https:\/\/fundaciohospitalariesmartorell.org\/entre-tots\/wp-content\/uploads\/2024\/03\/24_03_SAGRAT-COR_CURS-PSICOGERIATRIA_02-768x425.jpg",768,425,true],"large":["https:\/\/fundaciohospitalariesmartorell.org\/entre-tots\/wp-content\/uploads\/2024\/03\/24_03_SAGRAT-COR_CURS-PSICOGERIATRIA_02-1024x566.jpg",1024,566,true],"1536x1536":["https:\/\/fundaciohospitalariesmartorell.org\/entre-tots\/wp-content\/uploads\/2024\/03\/24_03_SAGRAT-COR_CURS-PSICOGERIATRIA_02-1536x849.jpg",1536,849,true],"2048x2048":["https:\/\/fundaciohospitalariesmartorell.org\/entre-tots\/wp-content\/uploads\/2024\/03\/24_03_SAGRAT-COR_CURS-PSICOGERIATRIA_02.jpg",1807,999,false],"mailpoet_newsletter_max":["https:\/\/fundaciohospitalariesmartorell.org\/entre-tots\/wp-content\/uploads\/2024\/03\/24_03_SAGRAT-COR_CURS-PSICOGERIATRIA_02-1320x730.jpg",1320,730,true]},"post_excerpt_stackable_v2":"<p>El 8 de mar\u00e7, es va celebrar el XVII Curs d\u2019Actualitzaci\u00f3 en Psicogeriatria, organitzat per l&#8217;Hospital Sagrat Cor juntament amb la Universitat Aut\u00f2noma de Barcelona. Va reunir m\u00e9s de 1.600 professionals de tot el m\u00f3n, en la que va ser l\u2019edici\u00f3 amb m\u00e9s \u00e8xit que s\u2019ha fet fins ara. En aquesta ocasi\u00f3, els experts van reclamar la necessitat de disposar de m\u00e9s dispositius i formaci\u00f3 espec\u00edfica per tractar els s\u00edmptomes psicol\u00f2gics i conductuals de la dem\u00e8ncia, que prevalen molt i que, en alguns casos, es poden presentar fins a deu anys abans de diagnosticar la malaltia. En el marc de&hellip;<\/p>\n","category_list_v2":"<a href=\"https:\/\/fundaciohospitalariesmartorell.org\/entre-tots\/category\/actualitat\/\" rel=\"category tag\">ACTUALITAT<\/a>","author_info_v2":{"name":"Sagrat Cor","url":"https:\/\/fundaciohospitalariesmartorell.org\/entre-tots\/author\/daniel\/"},"comments_num_v2":"0 comments","_links":{"self":[{"href":"https:\/\/fundaciohospitalariesmartorell.org\/entre-tots\/wp-json\/wp\/v2\/posts\/8333","targetHints":{"allow":["GET"]}}],"collection":[{"href":"https:\/\/fundaciohospitalariesmartorell.org\/entre-tots\/wp-json\/wp\/v2\/posts"}],"about":[{"href":"https:\/\/fundaciohospitalariesmartorell.org\/entre-tots\/wp-json\/wp\/v2\/types\/post"}],"author":[{"embeddable":true,"href":"https:\/\/fundaciohospitalariesmartorell.org\/entre-tots\/wp-json\/wp\/v2\/users\/2"}],"replies":[{"embeddable":true,"href":"https:\/\/fundaciohospitalariesmartorell.org\/entre-tots\/wp-json\/wp\/v2\/comments?post=8333"}],"version-history":[{"count":3,"href":"https:\/\/fundaciohospitalariesmartorell.org\/entre-tots\/wp-json\/wp\/v2\/posts\/8333\/revisions"}],"predecessor-version":[{"id":8445,"href":"https:\/\/fundaciohospitalariesmartorell.org\/entre-tots\/wp-json\/wp\/v2\/posts\/8333\/revisions\/8445"}],"wp:featuredmedia":[{"embeddable":true,"href":"https:\/\/fundaciohospitalariesmartorell.org\/entre-tots\/wp-json\/wp\/v2\/media\/8335"}],"wp:attachment":[{"href":"https:\/\/fundaciohospitalariesmartorell.org\/entre-tots\/wp-json\/wp\/v2\/media?parent=8333"}],"wp:term":[{"taxonomy":"category","embeddable":true,"href":"https:\/\/fundaciohospitalariesmartorell.org\/entre-tots\/wp-json\/wp\/v2\/categories?post=8333"},{"taxonomy":"post_tag","embeddable":true,"href":"https:\/\/fundaciohospitalariesmartorell.org\/entre-tots\/wp-json\/wp\/v2\/tags?post=8333"}],"curies":[{"name":"wp","href":"https:\/\/api.w.org\/{rel}","templated":true}]}}