{"id":8337,"date":"2024-03-27T00:55:18","date_gmt":"2024-03-26T22:55:18","guid":{"rendered":"https:\/\/hospitalsagratcormartorell.org\/entre-tots\/?p=8337"},"modified":"2024-04-09T11:07:49","modified_gmt":"2024-04-09T10:07:49","slug":"nous-subdirector-medic-i-director-de-larea-de-gestio-del-coneixement-de-lhospital","status":"publish","type":"post","link":"https:\/\/fundaciohospitalariesmartorell.org\/entre-tots\/2024\/03\/nous-subdirector-medic-i-director-de-larea-de-gestio-del-coneixement-de-lhospital\/","title":{"rendered":"Nous subdirector m\u00e8dic i director de l\u2019\u00c0rea de Gesti\u00f3 del Coneixement de l\u2019Hospital"},"content":{"rendered":"<figure class=\"wp-block-post-featured-image\"><img loading=\"lazy\" decoding=\"async\" width=\"877\" height=\"470\" src=\"https:\/\/fundaciohospitalariesmartorell.org\/entre-tots\/wp-content\/uploads\/2024\/03\/Captura-de-Pantalla-2024-03-26-a-les-23.54.35.jpg\" class=\"attachment-post-thumbnail size-post-thumbnail wp-post-image\" alt=\"\" style=\"object-fit:cover;\" srcset=\"https:\/\/fundaciohospitalariesmartorell.org\/entre-tots\/wp-content\/uploads\/2024\/03\/Captura-de-Pantalla-2024-03-26-a-les-23.54.35.jpg 877w, https:\/\/fundaciohospitalariesmartorell.org\/entre-tots\/wp-content\/uploads\/2024\/03\/Captura-de-Pantalla-2024-03-26-a-les-23.54.35-300x161.jpg 300w, https:\/\/fundaciohospitalariesmartorell.org\/entre-tots\/wp-content\/uploads\/2024\/03\/Captura-de-Pantalla-2024-03-26-a-les-23.54.35-768x412.jpg 768w\" sizes=\"auto, (max-width: 877px) 100vw, 877px\" \/><\/figure>\n\n\n<p>L\u20191 de mar\u00e7, el doctor Santi Bernades, que fins ara era el coordinador de l\u2019\u00c0rea d\u2019Atenci\u00f3 Interm\u00e8dia de l\u2019Hospital Sagrat Cor, va assumir la Subdirecci\u00f3 M\u00e8dica del nostre Centre, un c\u00e0rrec que ocupava el doctor Manel S\u00e1nchez des de feia sis anys.<\/p>\n\n\n\n<p>Per la seva banda, el Dr. S\u00e1nchez ser\u00e0 l\u2019encarregat de dirigir la nova \u00c0rea de Gesti\u00f3 del Coneixement (AGC), que integra les activitats de doc\u00e8ncia, recerca i innovaci\u00f3 de l\u2019Hospital, i dependr\u00e0 funcionalment i jer\u00e0rquica de la Direcci\u00f3 M\u00e8dica. Tamb\u00e9 donar\u00e0 suport a l\u2019\u00c0rea de Persones pel que fa a la formaci\u00f3 continuada del personal col\u00b7laborador.<\/p>\n\n\n\n<p>La creaci\u00f3 d\u2019aquesta \u00e0rea respon a una de les l\u00ednies estrat\u00e8giques que s\u2019ha plantejat la Direcci\u00f3 per a aquest 2024, i que es basa en la potenciaci\u00f3 del que s\u2019ha anomenat FRUID (formaci\u00f3, recerca, universitats, innovaci\u00f3, doc\u00e8ncia).<\/p>\n","protected":false},"excerpt":{"rendered":"<p>L\u20191 de mar\u00e7, el doctor Santi Bernades, que fins ara era el coordinador de l\u2019\u00c0rea d\u2019Atenci\u00f3 Interm\u00e8dia de l\u2019Hospital Sagrat Cor, va assumir la Subdirecci\u00f3 M\u00e8dica del nostre Centre, un c\u00e0rrec que ocupava el doctor Manel S\u00e1nchez des de feia sis anys. Per la seva banda, el Dr. S\u00e1nchez ser\u00e0 l\u2019encarregat de dirigir la nova [&hellip;]<\/p>\n","protected":false},"author":2,"featured_media":8339,"comment_status":"closed","ping_status":"closed","sticky":false,"template":"","format":"standard","meta":{"footnotes":""},"categories":[27],"tags":[],"class_list":["post-8337","post","type-post","status-publish","format-standard","has-post-thumbnail","hentry","category-actualitat"],"blocksy_meta":{"styles_descriptor":{"styles":{"desktop":"","tablet":"","mobile":""},"google_fonts":[],"version":6}},"featured_image_urls_v2":{"full":["https:\/\/fundaciohospitalariesmartorell.org\/entre-tots\/wp-content\/uploads\/2024\/03\/Captura-de-Pantalla-2024-03-26-a-les-23.54.35.jpg",877,470,false],"thumbnail":["https:\/\/fundaciohospitalariesmartorell.org\/entre-tots\/wp-content\/uploads\/2024\/03\/Captura-de-Pantalla-2024-03-26-a-les-23.54.35-150x150.jpg",150,150,true],"medium":["https:\/\/fundaciohospitalariesmartorell.org\/entre-tots\/wp-content\/uploads\/2024\/03\/Captura-de-Pantalla-2024-03-26-a-les-23.54.35-300x161.jpg",300,161,true],"medium_large":["https:\/\/fundaciohospitalariesmartorell.org\/entre-tots\/wp-content\/uploads\/2024\/03\/Captura-de-Pantalla-2024-03-26-a-les-23.54.35-768x412.jpg",768,412,true],"large":["https:\/\/fundaciohospitalariesmartorell.org\/entre-tots\/wp-content\/uploads\/2024\/03\/Captura-de-Pantalla-2024-03-26-a-les-23.54.35.jpg",877,470,false],"1536x1536":["https:\/\/fundaciohospitalariesmartorell.org\/entre-tots\/wp-content\/uploads\/2024\/03\/Captura-de-Pantalla-2024-03-26-a-les-23.54.35.jpg",877,470,false],"2048x2048":["https:\/\/fundaciohospitalariesmartorell.org\/entre-tots\/wp-content\/uploads\/2024\/03\/Captura-de-Pantalla-2024-03-26-a-les-23.54.35.jpg",877,470,false],"mailpoet_newsletter_max":["https:\/\/fundaciohospitalariesmartorell.org\/entre-tots\/wp-content\/uploads\/2024\/03\/Captura-de-Pantalla-2024-03-26-a-les-23.54.35.jpg",877,470,false]},"post_excerpt_stackable_v2":"<p>L\u20191 de mar\u00e7, el doctor Santi Bernades, que fins ara era el coordinador de l\u2019\u00c0rea d\u2019Atenci\u00f3 Interm\u00e8dia de l\u2019Hospital Sagrat Cor, va assumir la Subdirecci\u00f3 M\u00e8dica del nostre Centre, un c\u00e0rrec que ocupava el doctor Manel S\u00e1nchez des de feia sis anys. Per la seva banda, el Dr. S\u00e1nchez ser\u00e0 l\u2019encarregat de dirigir la nova \u00c0rea de Gesti\u00f3 del Coneixement (AGC), que integra les activitats de doc\u00e8ncia, recerca i innovaci\u00f3 de l\u2019Hospital, i dependr\u00e0 funcionalment i jer\u00e0rquica de la Direcci\u00f3 M\u00e8dica. Tamb\u00e9 donar\u00e0 suport a l\u2019\u00c0rea de Persones pel que fa a la formaci\u00f3 continuada del personal col\u00b7laborador. La creaci\u00f3&hellip;<\/p>\n","category_list_v2":"<a href=\"https:\/\/fundaciohospitalariesmartorell.org\/entre-tots\/category\/actualitat\/\" rel=\"category tag\">ACTUALITAT<\/a>","author_info_v2":{"name":"Sagrat Cor","url":"https:\/\/fundaciohospitalariesmartorell.org\/entre-tots\/author\/daniel\/"},"comments_num_v2":"0 comments","_links":{"self":[{"href":"https:\/\/fundaciohospitalariesmartorell.org\/entre-tots\/wp-json\/wp\/v2\/posts\/8337","targetHints":{"allow":["GET"]}}],"collection":[{"href":"https:\/\/fundaciohospitalariesmartorell.org\/entre-tots\/wp-json\/wp\/v2\/posts"}],"about":[{"href":"https:\/\/fundaciohospitalariesmartorell.org\/entre-tots\/wp-json\/wp\/v2\/types\/post"}],"author":[{"embeddable":true,"href":"https:\/\/fundaciohospitalariesmartorell.org\/entre-tots\/wp-json\/wp\/v2\/users\/2"}],"replies":[{"embeddable":true,"href":"https:\/\/fundaciohospitalariesmartorell.org\/entre-tots\/wp-json\/wp\/v2\/comments?post=8337"}],"version-history":[{"count":3,"href":"https:\/\/fundaciohospitalariesmartorell.org\/entre-tots\/wp-json\/wp\/v2\/posts\/8337\/revisions"}],"predecessor-version":[{"id":8443,"href":"https:\/\/fundaciohospitalariesmartorell.org\/entre-tots\/wp-json\/wp\/v2\/posts\/8337\/revisions\/8443"}],"wp:featuredmedia":[{"embeddable":true,"href":"https:\/\/fundaciohospitalariesmartorell.org\/entre-tots\/wp-json\/wp\/v2\/media\/8339"}],"wp:attachment":[{"href":"https:\/\/fundaciohospitalariesmartorell.org\/entre-tots\/wp-json\/wp\/v2\/media?parent=8337"}],"wp:term":[{"taxonomy":"category","embeddable":true,"href":"https:\/\/fundaciohospitalariesmartorell.org\/entre-tots\/wp-json\/wp\/v2\/categories?post=8337"},{"taxonomy":"post_tag","embeddable":true,"href":"https:\/\/fundaciohospitalariesmartorell.org\/entre-tots\/wp-json\/wp\/v2\/tags?post=8337"}],"curies":[{"name":"wp","href":"https:\/\/api.w.org\/{rel}","templated":true}]}}